

{"id":43525,"date":"2019-01-10T14:10:19","date_gmt":"2019-01-10T13:10:19","guid":{"rendered":"https:\/\/www.amanprana.eu\/?p=43525"},"modified":"2022-05-11T16:09:59","modified_gmt":"2022-05-11T14:09:59","slug":"rasieren-in-der-geschichte","status":"publish","type":"post","link":"https:\/\/www.amanprana.eu\/de\/inspiration\/koerperpflege\/rasieren-in-der-geschichte\/","title":{"rendered":"Rasieren im Laufe der Geschichte"},"content":{"rendered":"<p>Die Geschichte der Rasur bringt uns zur\u00fcck in die Steinzeit. Die Neandertaler entfernten die Haare mittels einer Art des Epilierens in der Form von T\u00e4towierungen. Ungef\u00e4hr 30.000 v. Chr. wurde das erste Einweg-Rasiermesser erfunden. Dieses \u201eFlint\u201c war ein scharfer Gegenstand, das zielgerichtet funktionierte, jedoch sehr schnell stumpf wurde. Damit kerbte man die Haut ein. Danach wurden die Kerben mit Pigmenten behandelt. Auf diese Weise entstand eine T\u00e4towierung.<\/p>\n<p>Die ersten Abbildungen von M\u00e4nnern ohne Bart finden wir in der Zeit der ersten \u00e4gyptischen Dynastien. Bei den \u00c4gyptern geh\u00f6rte die Entfernung der Haare auf dem ganzen K\u00f6rper zu einer zwanghaften Hygiene und war ein Sinnbild der Sch\u00f6nheit, Jugendlichkeit, Reinheit und des h\u00f6heren Status.<\/p>\n<p>&nbsp;<\/p>\n<div id='gallery-1' class='gallery galleryid-43525 gallery-columns-3 gallery-size-full'><dl class='gallery-item'>\n\t\t\t<dt class='gallery-icon portrait'>\n\t\t\t\t<img decoding=\"async\" width=\"163\" height=\"176\" src=\"https:\/\/www.amanprana.eu\/wp-content\/uploads\/Dalai-Lama-mit-rasiertem-Bart-und-Glatze.jpg\" class=\"attachment-full size-full\" alt=\"Dalai Lama mit rasiertem Bart und Glatze.\" aria-describedby=\"gallery-1-43526\" srcset=\"https:\/\/www.amanprana.eu\/wp-content\/uploads\/Dalai-Lama-mit-rasiertem-Bart-und-Glatze.jpg 163w, https:\/\/www.amanprana.eu\/wp-content\/uploads\/Dalai-Lama-mit-rasiertem-Bart-und-Glatze-100x108.jpg 100w\" sizes=\"(max-width: 163px) 100vw, 163px\" \/>\n\t\t\t<\/dt>\n\t\t\t\t<dd class='wp-caption-text gallery-caption' id='gallery-1-43526'>\n\t\t\t\tDalai Lama mit rasiertem Bart und Glatze.\n\t\t\t\t<\/dd><\/dl><dl class='gallery-item'>\n\t\t\t<dt class='gallery-icon portrait'>\n\t\t\t\t<img decoding=\"async\" width=\"163\" height=\"176\" src=\"https:\/\/www.amanprana.eu\/wp-content\/uploads\/Alexander-der-Grosse-rasierte-seinen-Bart.jpg\" class=\"attachment-full size-full\" alt=\"Alexander der Gro\u00dfe rasierte seinen Bart und Griechenland begann einen neuen Trend der Rasur B\u00e4rt.\" aria-describedby=\"gallery-1-43531\" srcset=\"https:\/\/www.amanprana.eu\/wp-content\/uploads\/Alexander-der-Grosse-rasierte-seinen-Bart.jpg 163w, https:\/\/www.amanprana.eu\/wp-content\/uploads\/Alexander-der-Grosse-rasierte-seinen-Bart-100x108.jpg 100w\" sizes=\"(max-width: 163px) 100vw, 163px\" \/>\n\t\t\t<\/dt>\n\t\t\t\t<dd class='wp-caption-text gallery-caption' id='gallery-1-43531'>\n\t\t\t\tAlexander der Gro\u00dfe rasierte seinen Bart und Griechenland begann einen neuen Trend der Rasur B\u00e4rt.\n\t\t\t\t<\/dd><\/dl><dl class='gallery-item'>\n\t\t\t<dt class='gallery-icon portrait'>\n\t\t\t\t<img decoding=\"async\" width=\"163\" height=\"176\" src=\"https:\/\/www.amanprana.eu\/wp-content\/uploads\/1895-Camp-Gilette-entwarf-die-zweiseitige-Einweg-rasierer.jpg\" class=\"attachment-full size-full\" alt=\"Im Jahr 1895 entwarf Camp Gillette die zweiseitige Einweg-rasierer\" aria-describedby=\"gallery-1-43536\" srcset=\"https:\/\/www.amanprana.eu\/wp-content\/uploads\/1895-Camp-Gilette-entwarf-die-zweiseitige-Einweg-rasierer.jpg 163w, https:\/\/www.amanprana.eu\/wp-content\/uploads\/1895-Camp-Gilette-entwarf-die-zweiseitige-Einweg-rasierer-100x108.jpg 100w\" sizes=\"(max-width: 163px) 100vw, 163px\" \/>\n\t\t\t<\/dt>\n\t\t\t\t<dd class='wp-caption-text gallery-caption' id='gallery-1-43536'>\n\t\t\t\tIm Jahr 1895 entwarf Camp Gillette die zweiseitige Einweg-rasierer\n\t\t\t\t<\/dd><\/dl>\n\t\t<\/div>\n\n<p>Sowohl bei M\u00e4nnern, wie auch bei Frauen und Kindern, wurde die Kopfhaut kahl rasiert. Die \u00c4gypter trugen eine Art Per\u00fccke, um sich gegen die Sonne zu sch\u00fctzen oder als Modetrend. Seife war kaum erh\u00e4ltlich, um sich in der Hitze gegen Kopfl\u00e4use, Infektionen oder Krankheiten zu sch\u00fctzen. Es war also viel einfacher und hygienischer, um so viel wie m\u00f6glich Haare zu entfernen. Die Beine und intimen K\u00f6rperteile wurden aus dem gleichen Grund ebenfalls kahl rasiert.<\/p>\n<p>Die damals verwendeten Rasiermesser waren aus Gold gefertigt. Nach der Rasur wurde die Haut mit angenehm duftenden \u00d6len gepflegt, um die Haut zu balsamieren, parf\u00fcmieren, pflegen und zu sch\u00fctzen.<\/p>\n<p>Im Laufe der Geschichte hatte der Bart eine sozial-kulturelle Bedeutung, wohl oder nicht einen Bart tragen und die Form des Bartes hatte bestimmte Bedeutungen. Ein Bart wurde in verschiedenen Kulturen und Perioden stets wieder auf andere Weise gesch\u00e4tzt. Durch die entsprechende Bedeutung war (und ist) es sicherlich oft keine Frage der freien Wahl, ob und wie man einen Bart trug. Die Rasur eines Bartes bei einem besiegten Feind konnte bei bestimmten Religionen sehr dem\u00fctigend sein.<\/p>\n<p>Bei den R\u00f6mern jedoch wurde die Rasur als Symbol der Jugendlichkeit beschaut. Bei den Franken und Germanen war es ein Brauchtum, einen besiegten K\u00f6nig oder Prinzen kahl zu rasieren und seinen Bart zu entfernen. Die Rasur bedeutete eine Schande und Dem\u00fctigung.<\/p>\n<p>Im mazedonischen Zeitalter war der Bart ein Symbol der Weisheit. Nur Philosophen und alte M\u00e4nner durften einen Bart tragen. Im Europa des sp\u00e4ten Mittelalters wurde kaum noch ein Bart getragen, lediglich Rechtsgelehrte und alte M\u00e4nner trugen noch einen Bart.<br \/>\nAlexander der Gro\u00dfe lie\u00df den Bart seiner Mannschaften rasieren, damit der Gegner den Bart w\u00e4hrend des Streites nicht greifen konnte.<\/p>\n<p>Heutzutage ist ein Bart in Europa im Allgemeinen eher ein Modetrend. Die Rasur in einer bestimmten Form oder die Rasur und Pflege der intimen K\u00f6rperstellen ist ein Teilbereich unserer t\u00e4glichen Hygiene, Pflege und unseres Komforts.<\/p>\n<p>&nbsp;<\/p>\n<h2>Traditionelle Art und Weise der Rasur mit Rasier\u00f6l und einem Rasiermesser<\/h2>\n<p>Die Rasur mit pflanzlichen \u00d6len war die erste und historisch bekannteste Form der Rasur. Rasier\u00f6le werden heutzutage nicht so oft verwendet wie traditionelle Rasierseife und Rasiergel, die Beliebtheit der \u00d6le nimmt jedoch schnell zu. Das liegt haupts\u00e4chlich an den Eigenschaften, durch die \u00d6le gleitet das Messer besser \u00fcber die Haut. Die \u00d6le pflegen und sch\u00fctzen die Haut ebenfalls besser. Rasieren mit einem Rasiermesser ist die reinste Form der Rasur, bei der die wenigsten Irritationen entstehen.<\/p>\n<p>Rasier\u00f6l ist ebenfalls einfacher bei der Verwendung. Man m\u00f6chte immer wieder ein schnelleres und besseres Rasierresultat mit elektrischen Rasierapparaten (Braun, Philips, Epilady) oder fortschrittlichen Rasiermessern. Wir sind sehr weit von der Basis der optimalen Rasur abgewichen und vergessen, dass die beste L\u00f6sung vielleicht in purer Einfachheit gefunden werden kann. Reines Rasier\u00f6l von Amanprana funktioniert ausgezeichnet mit dieser Einfachheit und puren Natur, ohne Zuf\u00fcgung von Chemikalien.<\/p>\n<h2>Rasieren mit einem Rasiermesser<\/h2>\n<p>Amanprana Rasier\u00f6l in Kombination mit einem Rasiermesser sorgt f\u00fcr eine sanftere, glattere und einfachere Rasur. Das Rasier\u00f6l kreiert eine glatte Barriere zwischen der Haut und dem Rasiermesser. Die Haut ist durch das Rasier\u00f6l sanft und glatt. Das Rasiermesser kann auf einfache Weise \u00fcber die Haut gleiten, auf diese Weise entstehen weniger schnell Schnitte oder Kratzer. Die Haarwuchsrichtung ist durch das \u00d6l deutlich sichtbar, dadurch wird die Rasur oder das Modellieren effizienter. Das pflegende Rasier\u00f6l von Amanprana ist nach der Rasur gut eingezogen und wirkt weiterhin als versorgende Pflege f\u00fcr die Haut.<\/p>\n","protected":false},"excerpt":{"rendered":"<p>Die Geschichte der Rasur bringt uns zur\u00fcck in die Steinzeit. Die Neandertaler entfernten die Haare mittels einer Art des Epilierens in der Form von T\u00e4towierungen. Ungef\u00e4hr 30.000 v. Chr. wurde &#8230;<\/p>\n","protected":false},"author":9,"featured_media":43544,"comment_status":"closed","ping_status":"closed","sticky":false,"template":"","format":"standard","meta":{"_acf_changed":false,"rating_form_position":"","rating_results_position":"","mr_structured_data_type":"","footnotes":""},"categories":[869,861],"tags":[4075,2651,2652,2176],"class_list":["post-43525","post","type-post","status-publish","format-standard","has-post-thumbnail","hentry","category-inspiration","category-koerperpflege","tag-aftershave","tag-bartol","tag-razoli-de","tag-rasierol"],"acf":[],"yoast_head":"<!-- This site is optimized with the Yoast SEO plugin v24.7 - https:\/\/yoast.com\/wordpress\/plugins\/seo\/ -->\n<title>Rasieren im Laufe der Geschichte - Amanprana<\/title>\n<meta name=\"description\" content=\"Die Geschichte der Rasur bringt uns zur\u00fcck in die Steinzeit. F\u00fcr Glauben, Hygiene und Mode f\u00fcr M\u00e4nner, Frauen und Kinder.\" \/>\n<meta name=\"robots\" content=\"index, follow, max-snippet:-1, max-image-preview:large, max-video-preview:-1\" \/>\n<link rel=\"canonical\" href=\"https:\/\/www.amanprana.eu\/de\/inspiration\/koerperpflege\/rasieren-in-der-geschichte\/\" \/>\n<meta property=\"og:locale\" content=\"de_DE\" \/>\n<meta property=\"og:type\" content=\"article\" \/>\n<meta property=\"og:title\" content=\"Rasieren im Laufe der Geschichte - Amanprana\" \/>\n<meta property=\"og:description\" content=\"Die Geschichte der Rasur bringt uns zur\u00fcck in die Steinzeit. F\u00fcr Glauben, Hygiene und Mode f\u00fcr M\u00e4nner, Frauen und Kinder.\" \/>\n<meta property=\"og:url\" content=\"https:\/\/www.amanprana.eu\/de\/inspiration\/koerperpflege\/rasieren-in-der-geschichte\/\" \/>\n<meta property=\"og:site_name\" content=\"Amanprana\" \/>\n<meta property=\"article:publisher\" content=\"https:\/\/www.facebook.com\/Amanpranaproducts\/\" \/>\n<meta property=\"article:published_time\" content=\"2019-01-10T13:10:19+00:00\" \/>\n<meta property=\"article:modified_time\" content=\"2022-05-11T14:09:59+00:00\" \/>\n<meta property=\"og:image\" content=\"https:\/\/www.amanprana.eu\/wp-content\/uploads\/barber-2507764_1280.jpg\" \/>\n\t<meta property=\"og:image:width\" content=\"1200\" \/>\n\t<meta property=\"og:image:height\" content=\"675\" \/>\n\t<meta property=\"og:image:type\" content=\"image\/jpeg\" \/>\n<meta name=\"author\" content=\"Joyce\" \/>\n<meta name=\"twitter:card\" content=\"summary_large_image\" \/>\n<meta name=\"twitter:label1\" content=\"Verfasst von\" \/>\n\t<meta name=\"twitter:data1\" content=\"Joyce\" \/>\n\t<meta name=\"twitter:label2\" content=\"Gesch\u00e4tzte Lesezeit\" \/>\n\t<meta name=\"twitter:data2\" content=\"4\u00a0Minuten\" \/>\n<script type=\"application\/ld+json\" class=\"yoast-schema-graph\">{\"@context\":\"https:\/\/schema.org\",\"@graph\":[{\"@type\":\"Article\",\"@id\":\"https:\/\/www.amanprana.eu\/de\/inspiration\/koerperpflege\/rasieren-in-der-geschichte\/#article\",\"isPartOf\":{\"@id\":\"https:\/\/www.amanprana.eu\/de\/inspiration\/koerperpflege\/rasieren-in-der-geschichte\/\"},\"author\":{\"name\":\"Joyce\",\"@id\":\"https:\/\/www.amanprana.eu\/de\/#\/schema\/person\/25bfe000374cd97b7846ff45e20337d2\"},\"headline\":\"Rasieren im Laufe der Geschichte\",\"datePublished\":\"2019-01-10T13:10:19+00:00\",\"dateModified\":\"2022-05-11T14:09:59+00:00\",\"mainEntityOfPage\":{\"@id\":\"https:\/\/www.amanprana.eu\/de\/inspiration\/koerperpflege\/rasieren-in-der-geschichte\/\"},\"wordCount\":728,\"publisher\":{\"@id\":\"https:\/\/www.amanprana.eu\/de\/#organization\"},\"image\":{\"@id\":\"https:\/\/www.amanprana.eu\/de\/inspiration\/koerperpflege\/rasieren-in-der-geschichte\/#primaryimage\"},\"thumbnailUrl\":\"https:\/\/www.amanprana.eu\/wp-content\/uploads\/barber-2507764_1280.jpg\",\"keywords\":[\"aftershave\",\"Bart\u00f6l\",\"razoli\",\"Rasier\u00f6l\"],\"articleSection\":[\"Inspiration\",\"K\u00f6rperpflege\"],\"inLanguage\":\"de\"},{\"@type\":\"WebPage\",\"@id\":\"https:\/\/www.amanprana.eu\/de\/inspiration\/koerperpflege\/rasieren-in-der-geschichte\/\",\"url\":\"https:\/\/www.amanprana.eu\/de\/inspiration\/koerperpflege\/rasieren-in-der-geschichte\/\",\"name\":\"Rasieren im Laufe der Geschichte - Amanprana\",\"isPartOf\":{\"@id\":\"https:\/\/www.amanprana.eu\/de\/#website\"},\"primaryImageOfPage\":{\"@id\":\"https:\/\/www.amanprana.eu\/de\/inspiration\/koerperpflege\/rasieren-in-der-geschichte\/#primaryimage\"},\"image\":{\"@id\":\"https:\/\/www.amanprana.eu\/de\/inspiration\/koerperpflege\/rasieren-in-der-geschichte\/#primaryimage\"},\"thumbnailUrl\":\"https:\/\/www.amanprana.eu\/wp-content\/uploads\/barber-2507764_1280.jpg\",\"datePublished\":\"2019-01-10T13:10:19+00:00\",\"dateModified\":\"2022-05-11T14:09:59+00:00\",\"description\":\"Die Geschichte der Rasur bringt uns zur\u00fcck in die Steinzeit. F\u00fcr Glauben, Hygiene und Mode f\u00fcr M\u00e4nner, Frauen und Kinder.\",\"breadcrumb\":{\"@id\":\"https:\/\/www.amanprana.eu\/de\/inspiration\/koerperpflege\/rasieren-in-der-geschichte\/#breadcrumb\"},\"inLanguage\":\"de\",\"potentialAction\":[{\"@type\":\"ReadAction\",\"target\":[\"https:\/\/www.amanprana.eu\/de\/inspiration\/koerperpflege\/rasieren-in-der-geschichte\/\"]}]},{\"@type\":\"ImageObject\",\"inLanguage\":\"de\",\"@id\":\"https:\/\/www.amanprana.eu\/de\/inspiration\/koerperpflege\/rasieren-in-der-geschichte\/#primaryimage\",\"url\":\"https:\/\/www.amanprana.eu\/wp-content\/uploads\/barber-2507764_1280.jpg\",\"contentUrl\":\"https:\/\/www.amanprana.eu\/wp-content\/uploads\/barber-2507764_1280.jpg\",\"width\":1200,\"height\":675,\"caption\":\"Rasieren in der Geschichte\"},{\"@type\":\"BreadcrumbList\",\"@id\":\"https:\/\/www.amanprana.eu\/de\/inspiration\/koerperpflege\/rasieren-in-der-geschichte\/#breadcrumb\",\"itemListElement\":[{\"@type\":\"ListItem\",\"position\":1,\"name\":\"Amanprana.eu\",\"item\":\"https:\/\/www.amanprana.eu\/de\/\"},{\"@type\":\"ListItem\",\"position\":2,\"name\":\"Inspiration\",\"item\":\"https:\/\/www.amanprana.eu\/de\/inspiration\/\"},{\"@type\":\"ListItem\",\"position\":3,\"name\":\"K\u00f6rperpflege\",\"item\":\"https:\/\/www.amanprana.eu\/de\/inspiration\/koerperpflege\/\"},{\"@type\":\"ListItem\",\"position\":4,\"name\":\"Rasieren im Laufe der Geschichte\"}]},{\"@type\":\"WebSite\",\"@id\":\"https:\/\/www.amanprana.eu\/de\/#website\",\"url\":\"https:\/\/www.amanprana.eu\/de\/\",\"name\":\"Amanprana\",\"description\":\"Serene levenskracht\",\"publisher\":{\"@id\":\"https:\/\/www.amanprana.eu\/de\/#organization\"},\"potentialAction\":[{\"@type\":\"SearchAction\",\"target\":{\"@type\":\"EntryPoint\",\"urlTemplate\":\"https:\/\/www.amanprana.eu\/de\/?s={search_term_string}\"},\"query-input\":{\"@type\":\"PropertyValueSpecification\",\"valueRequired\":true,\"valueName\":\"search_term_string\"}}],\"inLanguage\":\"de\"},{\"@type\":\"Organization\",\"@id\":\"https:\/\/www.amanprana.eu\/de\/#organization\",\"name\":\"Amanprana\",\"url\":\"https:\/\/www.amanprana.eu\/de\/\",\"logo\":{\"@type\":\"ImageObject\",\"inLanguage\":\"de\",\"@id\":\"https:\/\/www.amanprana.eu\/de\/#\/schema\/logo\/image\/\",\"url\":\"https:\/\/www.amanprana.eu\/wp-content\/uploads\/webres-amanprana-logo.jpg\",\"contentUrl\":\"https:\/\/www.amanprana.eu\/wp-content\/uploads\/webres-amanprana-logo.jpg\",\"width\":300,\"height\":300,\"caption\":\"Amanprana\"},\"image\":{\"@id\":\"https:\/\/www.amanprana.eu\/de\/#\/schema\/logo\/image\/\"},\"sameAs\":[\"https:\/\/www.facebook.com\/Amanpranaproducts\/\",\"https:\/\/www.instagram.com\/amanprana\/\",\"https:\/\/nl.pinterest.com\/amanprana\/pins\/\"]},{\"@type\":\"Person\",\"@id\":\"https:\/\/www.amanprana.eu\/de\/#\/schema\/person\/25bfe000374cd97b7846ff45e20337d2\",\"name\":\"Joyce\",\"url\":\"https:\/\/www.amanprana.eu\/de\/author\/joyce\/\"}]}<\/script>\n<!-- \/ Yoast SEO plugin. -->","yoast_head_json":{"title":"Rasieren im Laufe der Geschichte - Amanprana","description":"Die Geschichte der Rasur bringt uns zur\u00fcck in die Steinzeit. F\u00fcr Glauben, Hygiene und Mode f\u00fcr M\u00e4nner, Frauen und Kinder.","robots":{"index":"index","follow":"follow","max-snippet":"max-snippet:-1","max-image-preview":"max-image-preview:large","max-video-preview":"max-video-preview:-1"},"canonical":"https:\/\/www.amanprana.eu\/de\/inspiration\/koerperpflege\/rasieren-in-der-geschichte\/","og_locale":"de_DE","og_type":"article","og_title":"Rasieren im Laufe der Geschichte - Amanprana","og_description":"Die Geschichte der Rasur bringt uns zur\u00fcck in die Steinzeit. F\u00fcr Glauben, Hygiene und Mode f\u00fcr M\u00e4nner, Frauen und Kinder.","og_url":"https:\/\/www.amanprana.eu\/de\/inspiration\/koerperpflege\/rasieren-in-der-geschichte\/","og_site_name":"Amanprana","article_publisher":"https:\/\/www.facebook.com\/Amanpranaproducts\/","article_published_time":"2019-01-10T13:10:19+00:00","article_modified_time":"2022-05-11T14:09:59+00:00","og_image":[{"width":1200,"height":675,"url":"https:\/\/www.amanprana.eu\/wp-content\/uploads\/barber-2507764_1280.jpg","type":"image\/jpeg"}],"author":"Joyce","twitter_card":"summary_large_image","twitter_misc":{"Verfasst von":"Joyce","Gesch\u00e4tzte Lesezeit":"4\u00a0Minuten"},"schema":{"@context":"https:\/\/schema.org","@graph":[{"@type":"Article","@id":"https:\/\/www.amanprana.eu\/de\/inspiration\/koerperpflege\/rasieren-in-der-geschichte\/#article","isPartOf":{"@id":"https:\/\/www.amanprana.eu\/de\/inspiration\/koerperpflege\/rasieren-in-der-geschichte\/"},"author":{"name":"Joyce","@id":"https:\/\/www.amanprana.eu\/de\/#\/schema\/person\/25bfe000374cd97b7846ff45e20337d2"},"headline":"Rasieren im Laufe der Geschichte","datePublished":"2019-01-10T13:10:19+00:00","dateModified":"2022-05-11T14:09:59+00:00","mainEntityOfPage":{"@id":"https:\/\/www.amanprana.eu\/de\/inspiration\/koerperpflege\/rasieren-in-der-geschichte\/"},"wordCount":728,"publisher":{"@id":"https:\/\/www.amanprana.eu\/de\/#organization"},"image":{"@id":"https:\/\/www.amanprana.eu\/de\/inspiration\/koerperpflege\/rasieren-in-der-geschichte\/#primaryimage"},"thumbnailUrl":"https:\/\/www.amanprana.eu\/wp-content\/uploads\/barber-2507764_1280.jpg","keywords":["aftershave","Bart\u00f6l","razoli","Rasier\u00f6l"],"articleSection":["Inspiration","K\u00f6rperpflege"],"inLanguage":"de"},{"@type":"WebPage","@id":"https:\/\/www.amanprana.eu\/de\/inspiration\/koerperpflege\/rasieren-in-der-geschichte\/","url":"https:\/\/www.amanprana.eu\/de\/inspiration\/koerperpflege\/rasieren-in-der-geschichte\/","name":"Rasieren im Laufe der Geschichte - Amanprana","isPartOf":{"@id":"https:\/\/www.amanprana.eu\/de\/#website"},"primaryImageOfPage":{"@id":"https:\/\/www.amanprana.eu\/de\/inspiration\/koerperpflege\/rasieren-in-der-geschichte\/#primaryimage"},"image":{"@id":"https:\/\/www.amanprana.eu\/de\/inspiration\/koerperpflege\/rasieren-in-der-geschichte\/#primaryimage"},"thumbnailUrl":"https:\/\/www.amanprana.eu\/wp-content\/uploads\/barber-2507764_1280.jpg","datePublished":"2019-01-10T13:10:19+00:00","dateModified":"2022-05-11T14:09:59+00:00","description":"Die Geschichte der Rasur bringt uns zur\u00fcck in die Steinzeit. F\u00fcr Glauben, Hygiene und Mode f\u00fcr M\u00e4nner, Frauen und Kinder.","breadcrumb":{"@id":"https:\/\/www.amanprana.eu\/de\/inspiration\/koerperpflege\/rasieren-in-der-geschichte\/#breadcrumb"},"inLanguage":"de","potentialAction":[{"@type":"ReadAction","target":["https:\/\/www.amanprana.eu\/de\/inspiration\/koerperpflege\/rasieren-in-der-geschichte\/"]}]},{"@type":"ImageObject","inLanguage":"de","@id":"https:\/\/www.amanprana.eu\/de\/inspiration\/koerperpflege\/rasieren-in-der-geschichte\/#primaryimage","url":"https:\/\/www.amanprana.eu\/wp-content\/uploads\/barber-2507764_1280.jpg","contentUrl":"https:\/\/www.amanprana.eu\/wp-content\/uploads\/barber-2507764_1280.jpg","width":1200,"height":675,"caption":"Rasieren in der Geschichte"},{"@type":"BreadcrumbList","@id":"https:\/\/www.amanprana.eu\/de\/inspiration\/koerperpflege\/rasieren-in-der-geschichte\/#breadcrumb","itemListElement":[{"@type":"ListItem","position":1,"name":"Amanprana.eu","item":"https:\/\/www.amanprana.eu\/de\/"},{"@type":"ListItem","position":2,"name":"Inspiration","item":"https:\/\/www.amanprana.eu\/de\/inspiration\/"},{"@type":"ListItem","position":3,"name":"K\u00f6rperpflege","item":"https:\/\/www.amanprana.eu\/de\/inspiration\/koerperpflege\/"},{"@type":"ListItem","position":4,"name":"Rasieren im Laufe der Geschichte"}]},{"@type":"WebSite","@id":"https:\/\/www.amanprana.eu\/de\/#website","url":"https:\/\/www.amanprana.eu\/de\/","name":"Amanprana","description":"Serene levenskracht","publisher":{"@id":"https:\/\/www.amanprana.eu\/de\/#organization"},"potentialAction":[{"@type":"SearchAction","target":{"@type":"EntryPoint","urlTemplate":"https:\/\/www.amanprana.eu\/de\/?s={search_term_string}"},"query-input":{"@type":"PropertyValueSpecification","valueRequired":true,"valueName":"search_term_string"}}],"inLanguage":"de"},{"@type":"Organization","@id":"https:\/\/www.amanprana.eu\/de\/#organization","name":"Amanprana","url":"https:\/\/www.amanprana.eu\/de\/","logo":{"@type":"ImageObject","inLanguage":"de","@id":"https:\/\/www.amanprana.eu\/de\/#\/schema\/logo\/image\/","url":"https:\/\/www.amanprana.eu\/wp-content\/uploads\/webres-amanprana-logo.jpg","contentUrl":"https:\/\/www.amanprana.eu\/wp-content\/uploads\/webres-amanprana-logo.jpg","width":300,"height":300,"caption":"Amanprana"},"image":{"@id":"https:\/\/www.amanprana.eu\/de\/#\/schema\/logo\/image\/"},"sameAs":["https:\/\/www.facebook.com\/Amanpranaproducts\/","https:\/\/www.instagram.com\/amanprana\/","https:\/\/nl.pinterest.com\/amanprana\/pins\/"]},{"@type":"Person","@id":"https:\/\/www.amanprana.eu\/de\/#\/schema\/person\/25bfe000374cd97b7846ff45e20337d2","name":"Joyce","url":"https:\/\/www.amanprana.eu\/de\/author\/joyce\/"}]}},"multi-rating":{"mr_rating_results":[]},"_links":{"self":[{"href":"https:\/\/www.amanprana.eu\/de\/wp-json\/wp\/v2\/posts\/43525","targetHints":{"allow":["GET"]}}],"collection":[{"href":"https:\/\/www.amanprana.eu\/de\/wp-json\/wp\/v2\/posts"}],"about":[{"href":"https:\/\/www.amanprana.eu\/de\/wp-json\/wp\/v2\/types\/post"}],"author":[{"embeddable":true,"href":"https:\/\/www.amanprana.eu\/de\/wp-json\/wp\/v2\/users\/9"}],"replies":[{"embeddable":true,"href":"https:\/\/www.amanprana.eu\/de\/wp-json\/wp\/v2\/comments?post=43525"}],"version-history":[{"count":2,"href":"https:\/\/www.amanprana.eu\/de\/wp-json\/wp\/v2\/posts\/43525\/revisions"}],"predecessor-version":[{"id":75278,"href":"https:\/\/www.amanprana.eu\/de\/wp-json\/wp\/v2\/posts\/43525\/revisions\/75278"}],"wp:featuredmedia":[{"embeddable":true,"href":"https:\/\/www.amanprana.eu\/de\/wp-json\/wp\/v2\/media\/43544"}],"wp:attachment":[{"href":"https:\/\/www.amanprana.eu\/de\/wp-json\/wp\/v2\/media?parent=43525"}],"wp:term":[{"taxonomy":"category","embeddable":true,"href":"https:\/\/www.amanprana.eu\/de\/wp-json\/wp\/v2\/categories?post=43525"},{"taxonomy":"post_tag","embeddable":true,"href":"https:\/\/www.amanprana.eu\/de\/wp-json\/wp\/v2\/tags?post=43525"}],"curies":[{"name":"wp","href":"https:\/\/api.w.org\/{rel}","templated":true}]}}