

{"id":43575,"date":"2014-01-10T15:54:03","date_gmt":"2014-01-10T14:54:03","guid":{"rendered":"https:\/\/www.amanprana.eu\/?p=43575"},"modified":"2019-01-16T10:04:28","modified_gmt":"2019-01-16T09:04:28","slug":"slow-food-und-amanprana","status":"publish","type":"post","link":"https:\/\/www.amanprana.eu\/de\/inspiration\/allgemein\/slow-food-und-amanprana\/","title":{"rendered":"Slow Food und Amanprana."},"content":{"rendered":"<p>Bart Maes und Chantal Voets unterst\u00fctzen Slowfood und Terra Madre<\/p>\n<p>Die Gr\u00fcnder von Amanprana, Bart Maes und Chantal Voets, sind seit 2009 Mitglied von \u201eSlow Food\u201c. Dies ist eine Organisation, die sich f\u00fcr die Aufrechterhaltung guter Lebensmittel, eines gelassenen Lebensstils, einer hohen Lebensqualit\u00e4t und vor allem unseres bedrohten Planeten einsetzt. Bei Slow Food dreht sich alles um Qualit\u00e4t und nicht um Quantit\u00e4t. Au\u00dferdem verwaltet Slow Food das Projekt Terra Madre, ein Projekt, das kleine, nachhaltige lokale \u00d6konomien unterst\u00fctzt.<\/p>\n<p>Bart Maes und Chantal Voets sind die Gesch\u00e4ftsf\u00fchrer des Unternehmens Noble House und seit dem 31.08.2009 Mitglieder der Organisation Slow Food. Die Geschichte von Slow Food und Carlo Petrini<\/p>\n<p>Slow Food wurde als &#8222;\u00f6ko-gastronomischer&#8220; (Wein und Nahrung) Verein im Jahre 1986 durch den Nahrungsaktivisten Carlo Petrini in der kleinen Stadt Bra in Norditalien gegr\u00fcndet. Carlo Petrini war der internationale Bauernvorsitzende, um die lokalen Nahrungsspezialit\u00e4ten gegen die weltweite Industrialisierung der Nahrung zu sch\u00fctzen. Im Jahre 1986 organisierte Carlo Petrini eine Protestaktionen gegen die Fast Food-Kette McDonald\u2019s, als diese beabsichtigte, ein Restaurant bei der Spanischen Treppe beim Trevi-Brunnen in Rom zu \u00f6ffnen. Einige Monate sp\u00e4ter wurde die Organisation Slow Food gegr\u00fcndet. Slow Food engagiert sich f\u00fcr gutes Essen, gastronomische Gen\u00fcsse, ein langsames Lebenstempo und das \u00dcberleben des \u00fcberbelasteten Planeten Erde. Slow Food hat 85 000 miteinander verbundene Mitglieder in 132 L\u00e4ndern.<\/p>\n<h2>Die Slow Food-Philosophie<\/h2>\n<p>Slow Food erh\u00e4lt die traditionellen und nachhaltigen hochwertigen Lebensmittel, bew\u00e4hrte Anbau- und Verarbeitungsmethoden und sch\u00fctzt die biologische Vielfalt der Kulturpflanzen und wilden Sorten. Slow Food verteidigt die Weisheit der lokalen Gemeinschaften in Harmonie mit den bestehenden \u00d6kosystemen. Slow Food sch\u00fctzt Orte mit historischem, kulturellem oder sozialem Wert. Essen ist eine Handlung auf Basis richtig ausgef\u00fchrter Landwirtschaft. F\u00fcr den Kunden m\u00fcssen die Lebensmittel gut, sauber und fair produziert werden. Slow Food f\u00f6rdert die Erziehung und Bildung.<\/p>\n<p>Slow Food verbindet den Produzenten der Lebensmittel mit den Koproduzenten (Kunden) durch Veranstaltungen und Initiativen. Slow Food f\u00f6rdert ebenfalls Rohmilchk\u00e4se (Manifest zur Verteidigung von Rohmilchk\u00e4se), k\u00e4mpft f\u00fcr eine Welt ohne gentechnisch manipulierte Organismen (wir sind in der Lage, ein Gen der einen Sorte bei einer anderen Sort zu transplatieren, wir sind jedoch noch nicht f\u00e4hig, die Resultate vorherzusagen &#8211; genetisch manipulierte Kulturen nehmen die Entscheidung, welche Pflanzen wachsen sollen, aus den H\u00e4nden der Landwirte) und nachhaltigen Fischfang. Slow Food basiert sich auf den Grunds\u00e4tzen der biologischen Landwirtschaft.<\/p>\n<h3>Terra Madre und Slow Food<\/h3>\n<p>Slow Food verwaltet Terra Madre, ein Projekt f\u00fcr die aktive Unterst\u00fctzung der kleinen nachhaltigen lokalen Wirtschaft. Das Netzwerk z\u00e4hlt heute 500 Lebensmittelhersteller aus 1600 Gemeinden, 100 unterst\u00fctzende K\u00f6che und 400 Wissenschaftler aus 150 L\u00e4ndern. Im Oktober 2008 fand die dritte Veranstaltung von Terra Madre in Turin statt. Es war ein Treffen mit Erzeugergemeinschaften aus aller Welt.<\/p>\n<p>Slow Food Convivien und F\u00f6rderkreise<\/p>\n<p>F\u00f6rderkreise sind kleine Projekte, die handwerklichen Nahrungsmittelherstellern helfen, ihre traditionellen Verarbeitungsmethoden und Endprodukte zu erhalten. Sie wurden im Jahre 2000 unter dem Namen \u201eArche des Geschmacks\u201c gegr\u00fcndet. Convivien sind autonome und lokale Gruppen, die &#8222;Bausteine&#8220; der Slow Food-Organisation. Die Convivium-Aktivit\u00e4ten bringen die Philosophie der Slow Food-Organisation zum Leben. Sie bauen Beziehungen mit Erzeugern auf, sie organisieren Verkostungen und Seminare, f\u00f6rdern K\u00f6che vor Ort, um lokale Lebensmittel zu verwenden, usw&#8230;<\/p>\n<h3>Slow food &#8217;salone del gusto&#8216;<\/h3>\n<p>Der &#8222;Salone del Gusto&#8220; wurde seit 1996 alle zwei Jahre in Turin durch Slow Food, der Region Piemont und der Stadt Turin organisiert. Der n\u00e4chste &#8222;Salone del Gusto&#8220; findet im Oktober 2010 statt. Beim letzten &#8222;Salone del Gusto&#8220; kamen 172 400 Besucher und standen 567 Verkaufsbuden oder Marktst\u00e4nde zur Verf\u00fcgung<\/p>\n<h3>Slow Food Pr\u00e4sident und Vizepr\u00e4sidenten<\/h3>\n<p><strong>Carlo Petrini<\/strong> ist der Pr\u00e4sident von Slow Food, die Vizepr\u00e4sidenten sind Vandana Shiva (Indien), Alice Waters (USA) en John Kariuki Mwangi (Kenia).<\/p>\n<p><strong>Vandana Shiva<\/strong> ist eine weltweit arbeitende Umwelt-Aktivistin. Sie probiert, die Welt gegen gentechnisch manipulierte Organismen von Monsanto zu sch\u00fctzen und bildet Kleinbauern in Indien aus, um biologisch zu arbeiten. Sie hat in Indien die Navdanya gegr\u00fcndet, eine Bewegung f\u00fcr die Erhaltung der Artenvielfalt und Rechte der Bauern. Sie leitet die \u201eResearch Foundation for Science, Technology and Natural Resource Policy\u201c. Ihr aktuellstes Buch ist \u201eBiopiracy: The Plunder of Nature and Knowledge\u201c.<\/p>\n<p><strong>Alice Waters<\/strong> ist Eigent\u00fcmerin des Restaurants &#8222;Chez Panisse&#8220;. Im Jahre 1996 f\u00fchrte das Engagement von Alice Waters f\u00fcr Bildung zur Gr\u00fcndung des \u201eEdible Schoolyard\u201c, des essbaren Schulhofs an der Martin-Berkeley Luther King-Schule: ein Garten mit der Gr\u00f6\u00dfe eines Hektars, ein angrenzendes K\u00fcchen-Klassenzimmer und ein &#8222;\u00d6ko-Gastronomie&#8220;-Lehrplan. Durch die aktive Beteiligung tausender Sch\u00fcler in allen Aspekten der Nahrungsmittelkette ist der essbare Schulhof ein vorbildliches \u00f6ffentliches Lernprogramm, welches das Wissen und Werte, die wir f\u00fcr eine humane und nachhaltige Zukunft ben\u00f6tigen, vermittelt.<\/p>\n<p><strong>John Kariuki Mwangi<\/strong> probiert, die biologische Vielfalt der Landwirtschaft in den afrikanischen L\u00e4ndern (Kenia) gegen die Monokultur und Abh\u00e4ngigkeit von Mais zu verteidigen.<\/p>\n","protected":false},"excerpt":{"rendered":"<p>Bart Maes und Chantal Voets unterst\u00fctzen Slowfood und Terra Madre Die Gr\u00fcnder von Amanprana, Bart Maes und Chantal Voets, sind seit 2009 Mitglied von \u201eSlow Food\u201c. Dies ist eine Organisation, &#8230;<\/p>\n","protected":false},"author":9,"featured_media":43576,"comment_status":"closed","ping_status":"closed","sticky":false,"template":"","format":"standard","meta":{"_acf_changed":false,"rating_form_position":"","rating_results_position":"","mr_structured_data_type":"","footnotes":""},"categories":[863],"tags":[],"class_list":["post-43575","post","type-post","status-publish","format-standard","has-post-thumbnail","hentry","category-allgemein"],"acf":[],"yoast_head":"<!-- This site is optimized with the Yoast SEO plugin v24.7 - https:\/\/yoast.com\/wordpress\/plugins\/seo\/ -->\n<title>Slow Food und Amanprana. - Amanprana<\/title>\n<meta name=\"description\" content=\"Die Gr\u00fcnder von Amanprana, Bart Maes und Chantal Voets, sind seit 2009 Mitglied von \u201eSlow Food\u201c. Organisation Lebensqualit\u00e4t.\" \/>\n<meta name=\"robots\" content=\"index, follow, max-snippet:-1, max-image-preview:large, max-video-preview:-1\" \/>\n<link rel=\"canonical\" href=\"https:\/\/www.amanprana.eu\/de\/inspiration\/allgemein\/slow-food-und-amanprana\/\" \/>\n<meta property=\"og:locale\" content=\"de_DE\" \/>\n<meta property=\"og:type\" content=\"article\" \/>\n<meta property=\"og:title\" content=\"Slow Food und Amanprana. - Amanprana\" \/>\n<meta property=\"og:description\" content=\"Die Gr\u00fcnder von Amanprana, Bart Maes und Chantal Voets, sind seit 2009 Mitglied von \u201eSlow Food\u201c. Organisation Lebensqualit\u00e4t.\" \/>\n<meta property=\"og:url\" content=\"https:\/\/www.amanprana.eu\/de\/inspiration\/allgemein\/slow-food-und-amanprana\/\" \/>\n<meta property=\"og:site_name\" content=\"Amanprana\" \/>\n<meta property=\"article:publisher\" content=\"https:\/\/www.facebook.com\/Amanpranaproducts\/\" \/>\n<meta property=\"article:published_time\" content=\"2014-01-10T14:54:03+00:00\" \/>\n<meta property=\"article:modified_time\" content=\"2019-01-16T09:04:28+00:00\" \/>\n<meta property=\"og:image\" content=\"https:\/\/www.amanprana.eu\/wp-content\/uploads\/Slow-Food-unterstutzt-das-Projekt-Terra-Madre.jpg\" \/>\n\t<meta property=\"og:image:width\" content=\"992\" \/>\n\t<meta property=\"og:image:height\" content=\"384\" \/>\n\t<meta property=\"og:image:type\" content=\"image\/jpeg\" \/>\n<meta name=\"author\" content=\"Joyce\" \/>\n<meta name=\"twitter:card\" content=\"summary_large_image\" \/>\n<meta name=\"twitter:label1\" content=\"Verfasst von\" \/>\n\t<meta name=\"twitter:data1\" content=\"Joyce\" \/>\n\t<meta name=\"twitter:label2\" content=\"Gesch\u00e4tzte Lesezeit\" \/>\n\t<meta name=\"twitter:data2\" content=\"4\u00a0Minuten\" \/>\n<script type=\"application\/ld+json\" class=\"yoast-schema-graph\">{\"@context\":\"https:\/\/schema.org\",\"@graph\":[{\"@type\":\"Article\",\"@id\":\"https:\/\/www.amanprana.eu\/de\/inspiration\/allgemein\/slow-food-und-amanprana\/#article\",\"isPartOf\":{\"@id\":\"https:\/\/www.amanprana.eu\/de\/inspiration\/allgemein\/slow-food-und-amanprana\/\"},\"author\":{\"name\":\"Joyce\",\"@id\":\"https:\/\/www.amanprana.eu\/de\/#\/schema\/person\/25bfe000374cd97b7846ff45e20337d2\"},\"headline\":\"Slow Food und Amanprana.\",\"datePublished\":\"2014-01-10T14:54:03+00:00\",\"dateModified\":\"2019-01-16T09:04:28+00:00\",\"mainEntityOfPage\":{\"@id\":\"https:\/\/www.amanprana.eu\/de\/inspiration\/allgemein\/slow-food-und-amanprana\/\"},\"wordCount\":824,\"publisher\":{\"@id\":\"https:\/\/www.amanprana.eu\/de\/#organization\"},\"image\":{\"@id\":\"https:\/\/www.amanprana.eu\/de\/inspiration\/allgemein\/slow-food-und-amanprana\/#primaryimage\"},\"thumbnailUrl\":\"https:\/\/www.amanprana.eu\/wp-content\/uploads\/Slow-Food-unterstutzt-das-Projekt-Terra-Madre.jpg\",\"inLanguage\":\"de\"},{\"@type\":\"WebPage\",\"@id\":\"https:\/\/www.amanprana.eu\/de\/inspiration\/allgemein\/slow-food-und-amanprana\/\",\"url\":\"https:\/\/www.amanprana.eu\/de\/inspiration\/allgemein\/slow-food-und-amanprana\/\",\"name\":\"Slow Food und Amanprana. - Amanprana\",\"isPartOf\":{\"@id\":\"https:\/\/www.amanprana.eu\/de\/#website\"},\"primaryImageOfPage\":{\"@id\":\"https:\/\/www.amanprana.eu\/de\/inspiration\/allgemein\/slow-food-und-amanprana\/#primaryimage\"},\"image\":{\"@id\":\"https:\/\/www.amanprana.eu\/de\/inspiration\/allgemein\/slow-food-und-amanprana\/#primaryimage\"},\"thumbnailUrl\":\"https:\/\/www.amanprana.eu\/wp-content\/uploads\/Slow-Food-unterstutzt-das-Projekt-Terra-Madre.jpg\",\"datePublished\":\"2014-01-10T14:54:03+00:00\",\"dateModified\":\"2019-01-16T09:04:28+00:00\",\"description\":\"Die Gr\u00fcnder von Amanprana, Bart Maes und Chantal Voets, sind seit 2009 Mitglied von \u201eSlow Food\u201c. Organisation Lebensqualit\u00e4t.\",\"breadcrumb\":{\"@id\":\"https:\/\/www.amanprana.eu\/de\/inspiration\/allgemein\/slow-food-und-amanprana\/#breadcrumb\"},\"inLanguage\":\"de\",\"potentialAction\":[{\"@type\":\"ReadAction\",\"target\":[\"https:\/\/www.amanprana.eu\/de\/inspiration\/allgemein\/slow-food-und-amanprana\/\"]}]},{\"@type\":\"ImageObject\",\"inLanguage\":\"de\",\"@id\":\"https:\/\/www.amanprana.eu\/de\/inspiration\/allgemein\/slow-food-und-amanprana\/#primaryimage\",\"url\":\"https:\/\/www.amanprana.eu\/wp-content\/uploads\/Slow-Food-unterstutzt-das-Projekt-Terra-Madre.jpg\",\"contentUrl\":\"https:\/\/www.amanprana.eu\/wp-content\/uploads\/Slow-Food-unterstutzt-das-Projekt-Terra-Madre.jpg\",\"width\":992,\"height\":384,\"caption\":\"slow food und amanprana\"},{\"@type\":\"BreadcrumbList\",\"@id\":\"https:\/\/www.amanprana.eu\/de\/inspiration\/allgemein\/slow-food-und-amanprana\/#breadcrumb\",\"itemListElement\":[{\"@type\":\"ListItem\",\"position\":1,\"name\":\"Amanprana.eu\",\"item\":\"https:\/\/www.amanprana.eu\/de\/\"},{\"@type\":\"ListItem\",\"position\":2,\"name\":\"Inspiration\",\"item\":\"https:\/\/www.amanprana.eu\/de\/inspiration\/\"},{\"@type\":\"ListItem\",\"position\":3,\"name\":\"Allgemein\",\"item\":\"https:\/\/www.amanprana.eu\/de\/inspiration\/allgemein\/\"},{\"@type\":\"ListItem\",\"position\":4,\"name\":\"Slow Food und Amanprana.\"}]},{\"@type\":\"WebSite\",\"@id\":\"https:\/\/www.amanprana.eu\/de\/#website\",\"url\":\"https:\/\/www.amanprana.eu\/de\/\",\"name\":\"Amanprana\",\"description\":\"Serene levenskracht\",\"publisher\":{\"@id\":\"https:\/\/www.amanprana.eu\/de\/#organization\"},\"potentialAction\":[{\"@type\":\"SearchAction\",\"target\":{\"@type\":\"EntryPoint\",\"urlTemplate\":\"https:\/\/www.amanprana.eu\/de\/?s={search_term_string}\"},\"query-input\":{\"@type\":\"PropertyValueSpecification\",\"valueRequired\":true,\"valueName\":\"search_term_string\"}}],\"inLanguage\":\"de\"},{\"@type\":\"Organization\",\"@id\":\"https:\/\/www.amanprana.eu\/de\/#organization\",\"name\":\"Amanprana\",\"url\":\"https:\/\/www.amanprana.eu\/de\/\",\"logo\":{\"@type\":\"ImageObject\",\"inLanguage\":\"de\",\"@id\":\"https:\/\/www.amanprana.eu\/de\/#\/schema\/logo\/image\/\",\"url\":\"https:\/\/www.amanprana.eu\/wp-content\/uploads\/webres-amanprana-logo.jpg\",\"contentUrl\":\"https:\/\/www.amanprana.eu\/wp-content\/uploads\/webres-amanprana-logo.jpg\",\"width\":300,\"height\":300,\"caption\":\"Amanprana\"},\"image\":{\"@id\":\"https:\/\/www.amanprana.eu\/de\/#\/schema\/logo\/image\/\"},\"sameAs\":[\"https:\/\/www.facebook.com\/Amanpranaproducts\/\",\"https:\/\/www.instagram.com\/amanprana\/\",\"https:\/\/nl.pinterest.com\/amanprana\/pins\/\"]},{\"@type\":\"Person\",\"@id\":\"https:\/\/www.amanprana.eu\/de\/#\/schema\/person\/25bfe000374cd97b7846ff45e20337d2\",\"name\":\"Joyce\",\"url\":\"https:\/\/www.amanprana.eu\/de\/author\/joyce\/\"}]}<\/script>\n<!-- \/ Yoast SEO plugin. -->","yoast_head_json":{"title":"Slow Food und Amanprana. - Amanprana","description":"Die Gr\u00fcnder von Amanprana, Bart Maes und Chantal Voets, sind seit 2009 Mitglied von \u201eSlow Food\u201c. Organisation Lebensqualit\u00e4t.","robots":{"index":"index","follow":"follow","max-snippet":"max-snippet:-1","max-image-preview":"max-image-preview:large","max-video-preview":"max-video-preview:-1"},"canonical":"https:\/\/www.amanprana.eu\/de\/inspiration\/allgemein\/slow-food-und-amanprana\/","og_locale":"de_DE","og_type":"article","og_title":"Slow Food und Amanprana. - Amanprana","og_description":"Die Gr\u00fcnder von Amanprana, Bart Maes und Chantal Voets, sind seit 2009 Mitglied von \u201eSlow Food\u201c. Organisation Lebensqualit\u00e4t.","og_url":"https:\/\/www.amanprana.eu\/de\/inspiration\/allgemein\/slow-food-und-amanprana\/","og_site_name":"Amanprana","article_publisher":"https:\/\/www.facebook.com\/Amanpranaproducts\/","article_published_time":"2014-01-10T14:54:03+00:00","article_modified_time":"2019-01-16T09:04:28+00:00","og_image":[{"width":992,"height":384,"url":"https:\/\/www.amanprana.eu\/wp-content\/uploads\/Slow-Food-unterstutzt-das-Projekt-Terra-Madre.jpg","type":"image\/jpeg"}],"author":"Joyce","twitter_card":"summary_large_image","twitter_misc":{"Verfasst von":"Joyce","Gesch\u00e4tzte Lesezeit":"4\u00a0Minuten"},"schema":{"@context":"https:\/\/schema.org","@graph":[{"@type":"Article","@id":"https:\/\/www.amanprana.eu\/de\/inspiration\/allgemein\/slow-food-und-amanprana\/#article","isPartOf":{"@id":"https:\/\/www.amanprana.eu\/de\/inspiration\/allgemein\/slow-food-und-amanprana\/"},"author":{"name":"Joyce","@id":"https:\/\/www.amanprana.eu\/de\/#\/schema\/person\/25bfe000374cd97b7846ff45e20337d2"},"headline":"Slow Food und Amanprana.","datePublished":"2014-01-10T14:54:03+00:00","dateModified":"2019-01-16T09:04:28+00:00","mainEntityOfPage":{"@id":"https:\/\/www.amanprana.eu\/de\/inspiration\/allgemein\/slow-food-und-amanprana\/"},"wordCount":824,"publisher":{"@id":"https:\/\/www.amanprana.eu\/de\/#organization"},"image":{"@id":"https:\/\/www.amanprana.eu\/de\/inspiration\/allgemein\/slow-food-und-amanprana\/#primaryimage"},"thumbnailUrl":"https:\/\/www.amanprana.eu\/wp-content\/uploads\/Slow-Food-unterstutzt-das-Projekt-Terra-Madre.jpg","inLanguage":"de"},{"@type":"WebPage","@id":"https:\/\/www.amanprana.eu\/de\/inspiration\/allgemein\/slow-food-und-amanprana\/","url":"https:\/\/www.amanprana.eu\/de\/inspiration\/allgemein\/slow-food-und-amanprana\/","name":"Slow Food und Amanprana. - Amanprana","isPartOf":{"@id":"https:\/\/www.amanprana.eu\/de\/#website"},"primaryImageOfPage":{"@id":"https:\/\/www.amanprana.eu\/de\/inspiration\/allgemein\/slow-food-und-amanprana\/#primaryimage"},"image":{"@id":"https:\/\/www.amanprana.eu\/de\/inspiration\/allgemein\/slow-food-und-amanprana\/#primaryimage"},"thumbnailUrl":"https:\/\/www.amanprana.eu\/wp-content\/uploads\/Slow-Food-unterstutzt-das-Projekt-Terra-Madre.jpg","datePublished":"2014-01-10T14:54:03+00:00","dateModified":"2019-01-16T09:04:28+00:00","description":"Die Gr\u00fcnder von Amanprana, Bart Maes und Chantal Voets, sind seit 2009 Mitglied von \u201eSlow Food\u201c. Organisation Lebensqualit\u00e4t.","breadcrumb":{"@id":"https:\/\/www.amanprana.eu\/de\/inspiration\/allgemein\/slow-food-und-amanprana\/#breadcrumb"},"inLanguage":"de","potentialAction":[{"@type":"ReadAction","target":["https:\/\/www.amanprana.eu\/de\/inspiration\/allgemein\/slow-food-und-amanprana\/"]}]},{"@type":"ImageObject","inLanguage":"de","@id":"https:\/\/www.amanprana.eu\/de\/inspiration\/allgemein\/slow-food-und-amanprana\/#primaryimage","url":"https:\/\/www.amanprana.eu\/wp-content\/uploads\/Slow-Food-unterstutzt-das-Projekt-Terra-Madre.jpg","contentUrl":"https:\/\/www.amanprana.eu\/wp-content\/uploads\/Slow-Food-unterstutzt-das-Projekt-Terra-Madre.jpg","width":992,"height":384,"caption":"slow food und amanprana"},{"@type":"BreadcrumbList","@id":"https:\/\/www.amanprana.eu\/de\/inspiration\/allgemein\/slow-food-und-amanprana\/#breadcrumb","itemListElement":[{"@type":"ListItem","position":1,"name":"Amanprana.eu","item":"https:\/\/www.amanprana.eu\/de\/"},{"@type":"ListItem","position":2,"name":"Inspiration","item":"https:\/\/www.amanprana.eu\/de\/inspiration\/"},{"@type":"ListItem","position":3,"name":"Allgemein","item":"https:\/\/www.amanprana.eu\/de\/inspiration\/allgemein\/"},{"@type":"ListItem","position":4,"name":"Slow Food und Amanprana."}]},{"@type":"WebSite","@id":"https:\/\/www.amanprana.eu\/de\/#website","url":"https:\/\/www.amanprana.eu\/de\/","name":"Amanprana","description":"Serene levenskracht","publisher":{"@id":"https:\/\/www.amanprana.eu\/de\/#organization"},"potentialAction":[{"@type":"SearchAction","target":{"@type":"EntryPoint","urlTemplate":"https:\/\/www.amanprana.eu\/de\/?s={search_term_string}"},"query-input":{"@type":"PropertyValueSpecification","valueRequired":true,"valueName":"search_term_string"}}],"inLanguage":"de"},{"@type":"Organization","@id":"https:\/\/www.amanprana.eu\/de\/#organization","name":"Amanprana","url":"https:\/\/www.amanprana.eu\/de\/","logo":{"@type":"ImageObject","inLanguage":"de","@id":"https:\/\/www.amanprana.eu\/de\/#\/schema\/logo\/image\/","url":"https:\/\/www.amanprana.eu\/wp-content\/uploads\/webres-amanprana-logo.jpg","contentUrl":"https:\/\/www.amanprana.eu\/wp-content\/uploads\/webres-amanprana-logo.jpg","width":300,"height":300,"caption":"Amanprana"},"image":{"@id":"https:\/\/www.amanprana.eu\/de\/#\/schema\/logo\/image\/"},"sameAs":["https:\/\/www.facebook.com\/Amanpranaproducts\/","https:\/\/www.instagram.com\/amanprana\/","https:\/\/nl.pinterest.com\/amanprana\/pins\/"]},{"@type":"Person","@id":"https:\/\/www.amanprana.eu\/de\/#\/schema\/person\/25bfe000374cd97b7846ff45e20337d2","name":"Joyce","url":"https:\/\/www.amanprana.eu\/de\/author\/joyce\/"}]}},"multi-rating":{"mr_rating_results":[]},"_links":{"self":[{"href":"https:\/\/www.amanprana.eu\/de\/wp-json\/wp\/v2\/posts\/43575","targetHints":{"allow":["GET"]}}],"collection":[{"href":"https:\/\/www.amanprana.eu\/de\/wp-json\/wp\/v2\/posts"}],"about":[{"href":"https:\/\/www.amanprana.eu\/de\/wp-json\/wp\/v2\/types\/post"}],"author":[{"embeddable":true,"href":"https:\/\/www.amanprana.eu\/de\/wp-json\/wp\/v2\/users\/9"}],"replies":[{"embeddable":true,"href":"https:\/\/www.amanprana.eu\/de\/wp-json\/wp\/v2\/comments?post=43575"}],"version-history":[{"count":0,"href":"https:\/\/www.amanprana.eu\/de\/wp-json\/wp\/v2\/posts\/43575\/revisions"}],"wp:featuredmedia":[{"embeddable":true,"href":"https:\/\/www.amanprana.eu\/de\/wp-json\/wp\/v2\/media\/43576"}],"wp:attachment":[{"href":"https:\/\/www.amanprana.eu\/de\/wp-json\/wp\/v2\/media?parent=43575"}],"wp:term":[{"taxonomy":"category","embeddable":true,"href":"https:\/\/www.amanprana.eu\/de\/wp-json\/wp\/v2\/categories?post=43575"},{"taxonomy":"post_tag","embeddable":true,"href":"https:\/\/www.amanprana.eu\/de\/wp-json\/wp\/v2\/tags?post=43575"}],"curies":[{"name":"wp","href":"https:\/\/api.w.org\/{rel}","templated":true}]}}