

{"id":44218,"date":"2019-01-23T15:01:47","date_gmt":"2019-01-23T14:01:47","guid":{"rendered":"https:\/\/www.amanprana.eu\/?p=44218"},"modified":"2022-05-23T14:08:19","modified_gmt":"2022-05-23T12:08:19","slug":"nachhaltige-buerogebaeude","status":"publish","type":"post","link":"https:\/\/www.amanprana.eu\/de\/inspiration\/allgemein\/nachhaltige-buerogebaeude\/","title":{"rendered":"Nachhaltige B\u00fcrogeb\u00e4ude"},"content":{"rendered":"<p>Maurice Le Clef, Initiator des Projekts, ist stolz: &#8222;Unser Ziel bei Amanprana ist eine nachhaltige und \u00f6kologisch verantwortete Lebens-, Arbeits- und Produktionsweise. Wir wollten unsere neue Arbeitsst\u00e4tte aufgrund unserer Philosophie bauen und einrichten, damit wir die behaglichste Arbeitsumgebung als Basis f\u00fcr angenehme Arbeit gestalten k\u00f6nnen.&#8220;<\/p>\n<p>Beim Bau sind ausschlie\u00dflich nachhaltige und \u00f6kologisch verantwortete Bau- und Verarbeitungsmaterialien verwendet. Zum Beispiel sind der Fu\u00dfboden, die W\u00e4nde und das Holzskelet aus nachhaltigem FSC-Holz hergestellt. Nat\u00fcrlich gibt es auch viel Licht. Die Lampen bestehen zu 100% aus LED-Lampen. &#8222;Dieses Licht verbraucht wenig Energie und ist wahrscheinlich das angenehmste und ges\u00fcndeste Lampenlicht.&#8220;<\/p>\n<p>F\u00fcr die Endverarbeitung wurden nur \u00f6kologische, wasserl\u00f6sliche Farben und Lacke ohne L\u00f6sungsmittel verwendet. Die Konsequenz: keine Bel\u00e4stigung durch Gestank und keine giftigen Ausd\u00fcnstungen. Die B\u00fcrom\u00f6bel sind aus recyceltem Teak-Holz hergestellt.<\/p>\n<p>&#8222;Amanprana bietet ein Sortiment mit zertifizierten biologischen und Fair Trade-Produkten an, welche die Lebenskraft auf serene Weise unterst\u00fctzen und st\u00e4rken. Die Produkte verletzen weder K\u00f6rper noch Geist. Kurz zusammengefasst: sanft und ohne Ma\u00dflosigkeit.&#8220;<\/p>\n<p>Das Hauptgeb\u00e4ude von Amanprana zu 100% auf Sonnen- und Windenergie<br \/>\nDas Hauptgeb\u00e4ude von Noble House im belgischen Brasschaat wird seit dem 12.8.2014 vollst\u00e4ndig mit Sonnenenergie und Windenergie geheizt und beleuchtet. Die Beleuchtung wird haupts\u00e4chlich mit LED-Lampen realisiert. 100% nachhaltige Energie. Ab jetzt ist ENECO der gr\u00fcne Energielieferant f\u00fcr das Hauptgeb\u00e4ude von Amanprana. Nach Meinung von Greenpeace ist ENECO der beste gr\u00fcne Sch\u00fcler der Klasse, ein hundertprozentig guter Lieferant f\u00fcr gr\u00fcne Energie, der ausschlie\u00dflich nachhaltige Sonnen- und Windenergie liefert. Auf diese Weise unterst\u00fctzt Amanprana auch die WWF-Initiative f\u00fcr die Verringerung der CO2-Emmissionen. Wir setzen uns gemeinsam f\u00fcr ein nachhaltiges Leben ein.<\/p>\n","protected":false},"excerpt":{"rendered":"<p>Maurice Le Clef, Initiator des Projekts, ist stolz: &#8222;Unser Ziel bei Amanprana ist eine nachhaltige und \u00f6kologisch verantwortete Lebens-, Arbeits- und Produktionsweise. Wir wollten unsere neue Arbeitsst\u00e4tte aufgrund unserer Philosophie &#8230;<\/p>\n","protected":false},"author":9,"featured_media":0,"comment_status":"closed","ping_status":"closed","sticky":false,"template":"","format":"standard","meta":{"_acf_changed":false,"rating_form_position":"","rating_results_position":"","mr_structured_data_type":"","footnotes":""},"categories":[863,869],"tags":[],"class_list":["post-44218","post","type-post","status-publish","format-standard","hentry","category-allgemein","category-inspiration","no-post-thumbnail"],"acf":[],"yoast_head":"<!-- This site is optimized with the Yoast SEO plugin v24.7 - https:\/\/yoast.com\/wordpress\/plugins\/seo\/ -->\n<title>Amanprana entscheidet sich f\u00fcr einen nachhaltigen Arbeitsplatz<\/title>\n<meta name=\"description\" content=\"Amanprana ist eine nachhaltige und \u00f6kologisch verantwortete Lebens-, Arbeits- und Produktionsweise.\" \/>\n<meta name=\"robots\" content=\"index, follow, max-snippet:-1, max-image-preview:large, max-video-preview:-1\" \/>\n<link rel=\"canonical\" href=\"https:\/\/www.amanprana.eu\/de\/inspiration\/allgemein\/nachhaltige-buerogebaeude\/\" \/>\n<meta property=\"og:locale\" content=\"de_DE\" \/>\n<meta property=\"og:type\" content=\"article\" \/>\n<meta property=\"og:title\" content=\"Amanprana entscheidet sich f\u00fcr einen nachhaltigen Arbeitsplatz\" \/>\n<meta property=\"og:description\" content=\"Amanprana ist eine nachhaltige und \u00f6kologisch verantwortete Lebens-, Arbeits- und Produktionsweise.\" \/>\n<meta property=\"og:url\" content=\"https:\/\/www.amanprana.eu\/de\/inspiration\/allgemein\/nachhaltige-buerogebaeude\/\" \/>\n<meta property=\"og:site_name\" content=\"Amanprana\" \/>\n<meta property=\"article:publisher\" content=\"https:\/\/www.facebook.com\/Amanpranaproducts\/\" \/>\n<meta property=\"article:published_time\" content=\"2019-01-23T14:01:47+00:00\" \/>\n<meta property=\"article:modified_time\" content=\"2022-05-23T12:08:19+00:00\" \/>\n<meta property=\"og:image\" content=\"https:\/\/www.amanprana.eu\/wp-content\/uploads\/hires-amanprana-logo.jpg\" \/>\n\t<meta property=\"og:image:width\" content=\"2362\" \/>\n\t<meta property=\"og:image:height\" content=\"2362\" \/>\n\t<meta property=\"og:image:type\" content=\"image\/jpeg\" \/>\n<meta name=\"author\" content=\"Joyce\" \/>\n<meta name=\"twitter:card\" content=\"summary_large_image\" \/>\n<meta name=\"twitter:label1\" content=\"Verfasst von\" \/>\n\t<meta name=\"twitter:data1\" content=\"Joyce\" \/>\n\t<meta name=\"twitter:label2\" content=\"Gesch\u00e4tzte Lesezeit\" \/>\n\t<meta name=\"twitter:data2\" content=\"1\u00a0Minute\" \/>\n<script type=\"application\/ld+json\" class=\"yoast-schema-graph\">{\"@context\":\"https:\/\/schema.org\",\"@graph\":[{\"@type\":\"Article\",\"@id\":\"https:\/\/www.amanprana.eu\/de\/inspiration\/allgemein\/nachhaltige-buerogebaeude\/#article\",\"isPartOf\":{\"@id\":\"https:\/\/www.amanprana.eu\/de\/inspiration\/allgemein\/nachhaltige-buerogebaeude\/\"},\"author\":{\"name\":\"Joyce\",\"@id\":\"https:\/\/www.amanprana.eu\/de\/#\/schema\/person\/25bfe000374cd97b7846ff45e20337d2\"},\"headline\":\"Nachhaltige B\u00fcrogeb\u00e4ude\",\"datePublished\":\"2019-01-23T14:01:47+00:00\",\"dateModified\":\"2022-05-23T12:08:19+00:00\",\"mainEntityOfPage\":{\"@id\":\"https:\/\/www.amanprana.eu\/de\/inspiration\/allgemein\/nachhaltige-buerogebaeude\/\"},\"wordCount\":295,\"publisher\":{\"@id\":\"https:\/\/www.amanprana.eu\/de\/#organization\"},\"articleSection\":{\"1\":\"Inspiration\"},\"inLanguage\":\"de\"},{\"@type\":\"WebPage\",\"@id\":\"https:\/\/www.amanprana.eu\/de\/inspiration\/allgemein\/nachhaltige-buerogebaeude\/\",\"url\":\"https:\/\/www.amanprana.eu\/de\/inspiration\/allgemein\/nachhaltige-buerogebaeude\/\",\"name\":\"Amanprana entscheidet sich f\u00fcr einen nachhaltigen Arbeitsplatz\",\"isPartOf\":{\"@id\":\"https:\/\/www.amanprana.eu\/de\/#website\"},\"datePublished\":\"2019-01-23T14:01:47+00:00\",\"dateModified\":\"2022-05-23T12:08:19+00:00\",\"description\":\"Amanprana ist eine nachhaltige und \u00f6kologisch verantwortete Lebens-, Arbeits- und Produktionsweise.\",\"breadcrumb\":{\"@id\":\"https:\/\/www.amanprana.eu\/de\/inspiration\/allgemein\/nachhaltige-buerogebaeude\/#breadcrumb\"},\"inLanguage\":\"de\",\"potentialAction\":[{\"@type\":\"ReadAction\",\"target\":[\"https:\/\/www.amanprana.eu\/de\/inspiration\/allgemein\/nachhaltige-buerogebaeude\/\"]}]},{\"@type\":\"BreadcrumbList\",\"@id\":\"https:\/\/www.amanprana.eu\/de\/inspiration\/allgemein\/nachhaltige-buerogebaeude\/#breadcrumb\",\"itemListElement\":[{\"@type\":\"ListItem\",\"position\":1,\"name\":\"Amanprana.eu\",\"item\":\"https:\/\/www.amanprana.eu\/de\/\"},{\"@type\":\"ListItem\",\"position\":2,\"name\":\"Inspiration\",\"item\":\"https:\/\/www.amanprana.eu\/de\/inspiration\/\"},{\"@type\":\"ListItem\",\"position\":3,\"name\":\"Allgemein\",\"item\":\"https:\/\/www.amanprana.eu\/de\/inspiration\/allgemein\/\"},{\"@type\":\"ListItem\",\"position\":4,\"name\":\"Nachhaltige B\u00fcrogeb\u00e4ude\"}]},{\"@type\":\"WebSite\",\"@id\":\"https:\/\/www.amanprana.eu\/de\/#website\",\"url\":\"https:\/\/www.amanprana.eu\/de\/\",\"name\":\"Amanprana\",\"description\":\"Serene levenskracht\",\"publisher\":{\"@id\":\"https:\/\/www.amanprana.eu\/de\/#organization\"},\"potentialAction\":[{\"@type\":\"SearchAction\",\"target\":{\"@type\":\"EntryPoint\",\"urlTemplate\":\"https:\/\/www.amanprana.eu\/de\/?s={search_term_string}\"},\"query-input\":{\"@type\":\"PropertyValueSpecification\",\"valueRequired\":true,\"valueName\":\"search_term_string\"}}],\"inLanguage\":\"de\"},{\"@type\":\"Organization\",\"@id\":\"https:\/\/www.amanprana.eu\/de\/#organization\",\"name\":\"Amanprana\",\"url\":\"https:\/\/www.amanprana.eu\/de\/\",\"logo\":{\"@type\":\"ImageObject\",\"inLanguage\":\"de\",\"@id\":\"https:\/\/www.amanprana.eu\/de\/#\/schema\/logo\/image\/\",\"url\":\"https:\/\/www.amanprana.eu\/wp-content\/uploads\/webres-amanprana-logo.jpg\",\"contentUrl\":\"https:\/\/www.amanprana.eu\/wp-content\/uploads\/webres-amanprana-logo.jpg\",\"width\":300,\"height\":300,\"caption\":\"Amanprana\"},\"image\":{\"@id\":\"https:\/\/www.amanprana.eu\/de\/#\/schema\/logo\/image\/\"},\"sameAs\":[\"https:\/\/www.facebook.com\/Amanpranaproducts\/\",\"https:\/\/www.instagram.com\/amanprana\/\",\"https:\/\/nl.pinterest.com\/amanprana\/pins\/\"]},{\"@type\":\"Person\",\"@id\":\"https:\/\/www.amanprana.eu\/de\/#\/schema\/person\/25bfe000374cd97b7846ff45e20337d2\",\"name\":\"Joyce\",\"url\":\"https:\/\/www.amanprana.eu\/de\/author\/joyce\/\"}]}<\/script>\n<!-- \/ Yoast SEO plugin. -->","yoast_head_json":{"title":"Amanprana entscheidet sich f\u00fcr einen nachhaltigen Arbeitsplatz","description":"Amanprana ist eine nachhaltige und \u00f6kologisch verantwortete Lebens-, Arbeits- und Produktionsweise.","robots":{"index":"index","follow":"follow","max-snippet":"max-snippet:-1","max-image-preview":"max-image-preview:large","max-video-preview":"max-video-preview:-1"},"canonical":"https:\/\/www.amanprana.eu\/de\/inspiration\/allgemein\/nachhaltige-buerogebaeude\/","og_locale":"de_DE","og_type":"article","og_title":"Amanprana entscheidet sich f\u00fcr einen nachhaltigen Arbeitsplatz","og_description":"Amanprana ist eine nachhaltige und \u00f6kologisch verantwortete Lebens-, Arbeits- und Produktionsweise.","og_url":"https:\/\/www.amanprana.eu\/de\/inspiration\/allgemein\/nachhaltige-buerogebaeude\/","og_site_name":"Amanprana","article_publisher":"https:\/\/www.facebook.com\/Amanpranaproducts\/","article_published_time":"2019-01-23T14:01:47+00:00","article_modified_time":"2022-05-23T12:08:19+00:00","og_image":[{"width":2362,"height":2362,"url":"https:\/\/www.amanprana.eu\/wp-content\/uploads\/hires-amanprana-logo.jpg","type":"image\/jpeg"}],"author":"Joyce","twitter_card":"summary_large_image","twitter_misc":{"Verfasst von":"Joyce","Gesch\u00e4tzte Lesezeit":"1\u00a0Minute"},"schema":{"@context":"https:\/\/schema.org","@graph":[{"@type":"Article","@id":"https:\/\/www.amanprana.eu\/de\/inspiration\/allgemein\/nachhaltige-buerogebaeude\/#article","isPartOf":{"@id":"https:\/\/www.amanprana.eu\/de\/inspiration\/allgemein\/nachhaltige-buerogebaeude\/"},"author":{"name":"Joyce","@id":"https:\/\/www.amanprana.eu\/de\/#\/schema\/person\/25bfe000374cd97b7846ff45e20337d2"},"headline":"Nachhaltige B\u00fcrogeb\u00e4ude","datePublished":"2019-01-23T14:01:47+00:00","dateModified":"2022-05-23T12:08:19+00:00","mainEntityOfPage":{"@id":"https:\/\/www.amanprana.eu\/de\/inspiration\/allgemein\/nachhaltige-buerogebaeude\/"},"wordCount":295,"publisher":{"@id":"https:\/\/www.amanprana.eu\/de\/#organization"},"articleSection":{"1":"Inspiration"},"inLanguage":"de"},{"@type":"WebPage","@id":"https:\/\/www.amanprana.eu\/de\/inspiration\/allgemein\/nachhaltige-buerogebaeude\/","url":"https:\/\/www.amanprana.eu\/de\/inspiration\/allgemein\/nachhaltige-buerogebaeude\/","name":"Amanprana entscheidet sich f\u00fcr einen nachhaltigen Arbeitsplatz","isPartOf":{"@id":"https:\/\/www.amanprana.eu\/de\/#website"},"datePublished":"2019-01-23T14:01:47+00:00","dateModified":"2022-05-23T12:08:19+00:00","description":"Amanprana ist eine nachhaltige und \u00f6kologisch verantwortete Lebens-, Arbeits- und Produktionsweise.","breadcrumb":{"@id":"https:\/\/www.amanprana.eu\/de\/inspiration\/allgemein\/nachhaltige-buerogebaeude\/#breadcrumb"},"inLanguage":"de","potentialAction":[{"@type":"ReadAction","target":["https:\/\/www.amanprana.eu\/de\/inspiration\/allgemein\/nachhaltige-buerogebaeude\/"]}]},{"@type":"BreadcrumbList","@id":"https:\/\/www.amanprana.eu\/de\/inspiration\/allgemein\/nachhaltige-buerogebaeude\/#breadcrumb","itemListElement":[{"@type":"ListItem","position":1,"name":"Amanprana.eu","item":"https:\/\/www.amanprana.eu\/de\/"},{"@type":"ListItem","position":2,"name":"Inspiration","item":"https:\/\/www.amanprana.eu\/de\/inspiration\/"},{"@type":"ListItem","position":3,"name":"Allgemein","item":"https:\/\/www.amanprana.eu\/de\/inspiration\/allgemein\/"},{"@type":"ListItem","position":4,"name":"Nachhaltige B\u00fcrogeb\u00e4ude"}]},{"@type":"WebSite","@id":"https:\/\/www.amanprana.eu\/de\/#website","url":"https:\/\/www.amanprana.eu\/de\/","name":"Amanprana","description":"Serene levenskracht","publisher":{"@id":"https:\/\/www.amanprana.eu\/de\/#organization"},"potentialAction":[{"@type":"SearchAction","target":{"@type":"EntryPoint","urlTemplate":"https:\/\/www.amanprana.eu\/de\/?s={search_term_string}"},"query-input":{"@type":"PropertyValueSpecification","valueRequired":true,"valueName":"search_term_string"}}],"inLanguage":"de"},{"@type":"Organization","@id":"https:\/\/www.amanprana.eu\/de\/#organization","name":"Amanprana","url":"https:\/\/www.amanprana.eu\/de\/","logo":{"@type":"ImageObject","inLanguage":"de","@id":"https:\/\/www.amanprana.eu\/de\/#\/schema\/logo\/image\/","url":"https:\/\/www.amanprana.eu\/wp-content\/uploads\/webres-amanprana-logo.jpg","contentUrl":"https:\/\/www.amanprana.eu\/wp-content\/uploads\/webres-amanprana-logo.jpg","width":300,"height":300,"caption":"Amanprana"},"image":{"@id":"https:\/\/www.amanprana.eu\/de\/#\/schema\/logo\/image\/"},"sameAs":["https:\/\/www.facebook.com\/Amanpranaproducts\/","https:\/\/www.instagram.com\/amanprana\/","https:\/\/nl.pinterest.com\/amanprana\/pins\/"]},{"@type":"Person","@id":"https:\/\/www.amanprana.eu\/de\/#\/schema\/person\/25bfe000374cd97b7846ff45e20337d2","name":"Joyce","url":"https:\/\/www.amanprana.eu\/de\/author\/joyce\/"}]}},"multi-rating":{"mr_rating_results":[]},"_links":{"self":[{"href":"https:\/\/www.amanprana.eu\/de\/wp-json\/wp\/v2\/posts\/44218","targetHints":{"allow":["GET"]}}],"collection":[{"href":"https:\/\/www.amanprana.eu\/de\/wp-json\/wp\/v2\/posts"}],"about":[{"href":"https:\/\/www.amanprana.eu\/de\/wp-json\/wp\/v2\/types\/post"}],"author":[{"embeddable":true,"href":"https:\/\/www.amanprana.eu\/de\/wp-json\/wp\/v2\/users\/9"}],"replies":[{"embeddable":true,"href":"https:\/\/www.amanprana.eu\/de\/wp-json\/wp\/v2\/comments?post=44218"}],"version-history":[{"count":5,"href":"https:\/\/www.amanprana.eu\/de\/wp-json\/wp\/v2\/posts\/44218\/revisions"}],"predecessor-version":[{"id":75267,"href":"https:\/\/www.amanprana.eu\/de\/wp-json\/wp\/v2\/posts\/44218\/revisions\/75267"}],"wp:attachment":[{"href":"https:\/\/www.amanprana.eu\/de\/wp-json\/wp\/v2\/media?parent=44218"}],"wp:term":[{"taxonomy":"category","embeddable":true,"href":"https:\/\/www.amanprana.eu\/de\/wp-json\/wp\/v2\/categories?post=44218"},{"taxonomy":"post_tag","embeddable":true,"href":"https:\/\/www.amanprana.eu\/de\/wp-json\/wp\/v2\/tags?post=44218"}],"curies":[{"name":"wp","href":"https:\/\/api.w.org\/{rel}","templated":true}]}}