

{"id":44220,"date":"2019-01-23T15:04:45","date_gmt":"2019-01-23T14:04:45","guid":{"rendered":"https:\/\/www.amanprana.eu\/?p=44220"},"modified":"2019-01-23T15:04:45","modified_gmt":"2019-01-23T14:04:45","slug":"der-fahrradplan-von-amanprana","status":"publish","type":"post","link":"https:\/\/www.amanprana.eu\/de\/inspiration\/allgemein\/der-fahrradplan-von-amanprana\/","title":{"rendered":"Der Fahrradplan von Amanprana."},"content":{"rendered":"<h2>Amanprana unterst\u00fctzt Radfahren zur Arbeit. Fahrr\u00e4der, Klappr\u00e4der und Elektrofahrr\u00e4der erh\u00e4ltlich<\/h2>\n<p>Amanprana leistet wo immer m\u00f6glich einen Beitrag zur Bewahrung einer lebenswerten Welt. Auch das Wohlergehen der Mitarbeiter steht im Vordergrund. Starker Verkehr, Staus und lange Fahrzeiten k\u00f6nnen zu viel Stress und ungesunden Situationen f\u00fchren. Auch um Zeitverlust zu vermeiden, m\u00f6chte Amanprana seinen Mitarbeitern eine helfende Hand reichen, um auf ges\u00fcndere Weise zum Arbeitsplatz zu kommen. Ein gesunder Geist in einem gesunden K\u00f6rper.<\/p>\n<h3>Fahrradplan der fl\u00e4mischen Region l\u00e4sst Mitarbeiter h\u00e4ufiger aufs Fahrrad steigen. Fahrradplan ideal f\u00fcr Amanprana<\/h3>\n<p>Amanprana hat sich im Oktober 2013 erfolgreich f\u00fcr den Pendelfonds der fl\u00e4mischen Region beworben. Hiermit m\u00f6chte Amanprana Mitarbeiter, die im Umkreis von 5 km von ihrem Arbeitsplatz wohnen, dazu stimulieren, mit dem Fahrrad zur Arbeit zu fahren sowie Mitarbeiter, die mehr als 5 km von ihrem Arbeitsplatz entfernt wohnen, dazu stimulieren, h\u00e4ufiger aufs Fahrrad zu steigen. Nat\u00fcrlich m\u00f6chte Amanprana jeden motivieren, einen m\u00f6glichst gro\u00dfen Teil des Weges mit dem Fahrrad zur\u00fcckzulegen.<br \/>\nDer Antrag wurde f\u00fcr insgesamt 32 Mitarbeiter eingereicht. Hierzu geh\u00f6ren alle Amanprana-Mitarbeiter, darunter in den Bereichen Verwaltung, B\u00fcromitarbeiter, Lagermitarbeiter, Produktionsmitarbeiter und Vertreter.<\/p>\n<h3>Auf dem Fahrrad zur Arbeit gut f\u00fcr Gesundheit. Bei Amanprana wurde der Fahrradplan enthusiastisch aufgenommen<\/h3>\n<p>Viele Amanprana-Mitarbeiter achten bewusst auf ihre Gesundheit und haben deshalb auch nicht lange gez\u00f6gert oder mussten nicht lange von der Idee \u00fcberzeugt werden, gegen Bereitstellung und Wartung eines Fahrrads zu g\u00fcnstigen Konditionen mit dem Fahrrad zur Arbeit zu fahren. Die Entfernungen, die die Mitarbeiter zur\u00fccklegen, reichen von um die Ecke bis zu 50 Kilometer.<\/p>\n<h3>Fahrradabstellplatz, Dusche, Schlie\u00dff\u00e4cher, Klapprad, Elektrorad und normales Fahrrad kaufen alles m\u00f6glich<\/h3>\n<p>Dank der erhaltenen Subventionen gibt es mehr M\u00f6glichkeiten f\u00fcr Mitarbeiter, um auf gesunde Weise zur Arbeit zu kommen, aber auch innerhalb des Unternehmens werden einige \u00c4nderungen durchgef\u00fchrt. So wird ein besserer Fahrradabstellplatz zur Verf\u00fcgung gestellt, eine zus\u00e4tzliche Dusche installiert, damit die Mitarbeiter nach der Anstrengung frisch am Arbeitsplatz erscheinen k\u00f6nnen und werden zus\u00e4tzliche Schlie\u00dff\u00e4cher zur Aufbewahrung pers\u00f6nlicher Gegenst\u00e4nde eingerichtet.<\/p>\n<p>F\u00fcr die Vertreter, die h\u00e4ufig mit der Bahn reisen, besteht die M\u00f6glichkeit, ein Klapprad anzuschaffen. So k\u00f6nnen sie einfach mit dem Auto an den Stadtrand fahren, parken und mit dem Fahrrad zum Kunden fahren. Hierdurch k\u00f6nnen starker Verkehr und Parkprobleme in den St\u00e4dten vermieden werden.<\/p>\n","protected":false},"excerpt":{"rendered":"<p>Amanprana unterst\u00fctzt Radfahren zur Arbeit. Fahrr\u00e4der, Klappr\u00e4der und Elektrofahrr\u00e4der erh\u00e4ltlich Amanprana leistet wo immer m\u00f6glich einen Beitrag zur Bewahrung einer lebenswerten Welt. Auch das Wohlergehen der Mitarbeiter steht im Vordergrund. &#8230;<\/p>\n","protected":false},"author":9,"featured_media":0,"comment_status":"closed","ping_status":"closed","sticky":false,"template":"","format":"standard","meta":{"_acf_changed":false,"rating_form_position":"","rating_results_position":"","mr_structured_data_type":"","footnotes":""},"categories":[863,869],"tags":[],"class_list":["post-44220","post","type-post","status-publish","format-standard","hentry","category-allgemein","category-inspiration","no-post-thumbnail"],"acf":[],"yoast_head":"<!-- This site is optimized with the Yoast SEO plugin v24.7 - https:\/\/yoast.com\/wordpress\/plugins\/seo\/ -->\n<title>Der Fahrradplan von Amanprana. - Amanprana<\/title>\n<meta name=\"robots\" content=\"index, follow, max-snippet:-1, max-image-preview:large, max-video-preview:-1\" \/>\n<link rel=\"canonical\" href=\"https:\/\/www.amanprana.eu\/de\/inspiration\/allgemein\/der-fahrradplan-von-amanprana\/\" \/>\n<meta property=\"og:locale\" content=\"de_DE\" \/>\n<meta property=\"og:type\" content=\"article\" \/>\n<meta property=\"og:title\" content=\"Der Fahrradplan von Amanprana. - Amanprana\" \/>\n<meta property=\"og:description\" content=\"Amanprana unterst\u00fctzt Radfahren zur Arbeit. Fahrr\u00e4der, Klappr\u00e4der und Elektrofahrr\u00e4der erh\u00e4ltlich Amanprana leistet wo immer m\u00f6glich einen Beitrag zur Bewahrung einer lebenswerten Welt. Auch das Wohlergehen der Mitarbeiter steht im Vordergrund. ...\" \/>\n<meta property=\"og:url\" content=\"https:\/\/www.amanprana.eu\/de\/inspiration\/allgemein\/der-fahrradplan-von-amanprana\/\" \/>\n<meta property=\"og:site_name\" content=\"Amanprana\" \/>\n<meta property=\"article:publisher\" content=\"https:\/\/www.facebook.com\/Amanpranaproducts\/\" \/>\n<meta property=\"article:published_time\" content=\"2019-01-23T14:04:45+00:00\" \/>\n<meta property=\"og:image\" content=\"https:\/\/www.amanprana.eu\/wp-content\/uploads\/hires-amanprana-logo.jpg\" \/>\n\t<meta property=\"og:image:width\" content=\"2362\" \/>\n\t<meta property=\"og:image:height\" content=\"2362\" \/>\n\t<meta property=\"og:image:type\" content=\"image\/jpeg\" \/>\n<meta name=\"author\" content=\"Joyce\" \/>\n<meta name=\"twitter:card\" content=\"summary_large_image\" \/>\n<meta name=\"twitter:label1\" content=\"Verfasst von\" \/>\n\t<meta name=\"twitter:data1\" content=\"Joyce\" \/>\n\t<meta name=\"twitter:label2\" content=\"Gesch\u00e4tzte Lesezeit\" \/>\n\t<meta name=\"twitter:data2\" content=\"2\u00a0Minuten\" \/>\n<script type=\"application\/ld+json\" class=\"yoast-schema-graph\">{\"@context\":\"https:\/\/schema.org\",\"@graph\":[{\"@type\":\"Article\",\"@id\":\"https:\/\/www.amanprana.eu\/de\/inspiration\/allgemein\/der-fahrradplan-von-amanprana\/#article\",\"isPartOf\":{\"@id\":\"https:\/\/www.amanprana.eu\/de\/inspiration\/allgemein\/der-fahrradplan-von-amanprana\/\"},\"author\":{\"name\":\"Joyce\",\"@id\":\"https:\/\/www.amanprana.eu\/de\/#\/schema\/person\/25bfe000374cd97b7846ff45e20337d2\"},\"headline\":\"Der Fahrradplan von Amanprana.\",\"datePublished\":\"2019-01-23T14:04:45+00:00\",\"mainEntityOfPage\":{\"@id\":\"https:\/\/www.amanprana.eu\/de\/inspiration\/allgemein\/der-fahrradplan-von-amanprana\/\"},\"wordCount\":413,\"publisher\":{\"@id\":\"https:\/\/www.amanprana.eu\/de\/#organization\"},\"articleSection\":{\"1\":\"Inspiration\"},\"inLanguage\":\"de\"},{\"@type\":\"WebPage\",\"@id\":\"https:\/\/www.amanprana.eu\/de\/inspiration\/allgemein\/der-fahrradplan-von-amanprana\/\",\"url\":\"https:\/\/www.amanprana.eu\/de\/inspiration\/allgemein\/der-fahrradplan-von-amanprana\/\",\"name\":\"Der Fahrradplan von Amanprana. - Amanprana\",\"isPartOf\":{\"@id\":\"https:\/\/www.amanprana.eu\/de\/#website\"},\"datePublished\":\"2019-01-23T14:04:45+00:00\",\"breadcrumb\":{\"@id\":\"https:\/\/www.amanprana.eu\/de\/inspiration\/allgemein\/der-fahrradplan-von-amanprana\/#breadcrumb\"},\"inLanguage\":\"de\",\"potentialAction\":[{\"@type\":\"ReadAction\",\"target\":[\"https:\/\/www.amanprana.eu\/de\/inspiration\/allgemein\/der-fahrradplan-von-amanprana\/\"]}]},{\"@type\":\"BreadcrumbList\",\"@id\":\"https:\/\/www.amanprana.eu\/de\/inspiration\/allgemein\/der-fahrradplan-von-amanprana\/#breadcrumb\",\"itemListElement\":[{\"@type\":\"ListItem\",\"position\":1,\"name\":\"Amanprana.eu\",\"item\":\"https:\/\/www.amanprana.eu\/de\/\"},{\"@type\":\"ListItem\",\"position\":2,\"name\":\"Inspiration\",\"item\":\"https:\/\/www.amanprana.eu\/de\/inspiration\/\"},{\"@type\":\"ListItem\",\"position\":3,\"name\":\"Allgemein\",\"item\":\"https:\/\/www.amanprana.eu\/de\/inspiration\/allgemein\/\"},{\"@type\":\"ListItem\",\"position\":4,\"name\":\"Der Fahrradplan von Amanprana.\"}]},{\"@type\":\"WebSite\",\"@id\":\"https:\/\/www.amanprana.eu\/de\/#website\",\"url\":\"https:\/\/www.amanprana.eu\/de\/\",\"name\":\"Amanprana\",\"description\":\"Serene levenskracht\",\"publisher\":{\"@id\":\"https:\/\/www.amanprana.eu\/de\/#organization\"},\"potentialAction\":[{\"@type\":\"SearchAction\",\"target\":{\"@type\":\"EntryPoint\",\"urlTemplate\":\"https:\/\/www.amanprana.eu\/de\/?s={search_term_string}\"},\"query-input\":{\"@type\":\"PropertyValueSpecification\",\"valueRequired\":true,\"valueName\":\"search_term_string\"}}],\"inLanguage\":\"de\"},{\"@type\":\"Organization\",\"@id\":\"https:\/\/www.amanprana.eu\/de\/#organization\",\"name\":\"Amanprana\",\"url\":\"https:\/\/www.amanprana.eu\/de\/\",\"logo\":{\"@type\":\"ImageObject\",\"inLanguage\":\"de\",\"@id\":\"https:\/\/www.amanprana.eu\/de\/#\/schema\/logo\/image\/\",\"url\":\"https:\/\/www.amanprana.eu\/wp-content\/uploads\/webres-amanprana-logo.jpg\",\"contentUrl\":\"https:\/\/www.amanprana.eu\/wp-content\/uploads\/webres-amanprana-logo.jpg\",\"width\":300,\"height\":300,\"caption\":\"Amanprana\"},\"image\":{\"@id\":\"https:\/\/www.amanprana.eu\/de\/#\/schema\/logo\/image\/\"},\"sameAs\":[\"https:\/\/www.facebook.com\/Amanpranaproducts\/\",\"https:\/\/www.instagram.com\/amanprana\/\",\"https:\/\/nl.pinterest.com\/amanprana\/pins\/\"]},{\"@type\":\"Person\",\"@id\":\"https:\/\/www.amanprana.eu\/de\/#\/schema\/person\/25bfe000374cd97b7846ff45e20337d2\",\"name\":\"Joyce\",\"url\":\"https:\/\/www.amanprana.eu\/de\/author\/joyce\/\"}]}<\/script>\n<!-- \/ Yoast SEO plugin. -->","yoast_head_json":{"title":"Der Fahrradplan von Amanprana. - Amanprana","robots":{"index":"index","follow":"follow","max-snippet":"max-snippet:-1","max-image-preview":"max-image-preview:large","max-video-preview":"max-video-preview:-1"},"canonical":"https:\/\/www.amanprana.eu\/de\/inspiration\/allgemein\/der-fahrradplan-von-amanprana\/","og_locale":"de_DE","og_type":"article","og_title":"Der Fahrradplan von Amanprana. - Amanprana","og_description":"Amanprana unterst\u00fctzt Radfahren zur Arbeit. Fahrr\u00e4der, Klappr\u00e4der und Elektrofahrr\u00e4der erh\u00e4ltlich Amanprana leistet wo immer m\u00f6glich einen Beitrag zur Bewahrung einer lebenswerten Welt. Auch das Wohlergehen der Mitarbeiter steht im Vordergrund. ...","og_url":"https:\/\/www.amanprana.eu\/de\/inspiration\/allgemein\/der-fahrradplan-von-amanprana\/","og_site_name":"Amanprana","article_publisher":"https:\/\/www.facebook.com\/Amanpranaproducts\/","article_published_time":"2019-01-23T14:04:45+00:00","og_image":[{"width":2362,"height":2362,"url":"https:\/\/www.amanprana.eu\/wp-content\/uploads\/hires-amanprana-logo.jpg","type":"image\/jpeg"}],"author":"Joyce","twitter_card":"summary_large_image","twitter_misc":{"Verfasst von":"Joyce","Gesch\u00e4tzte Lesezeit":"2\u00a0Minuten"},"schema":{"@context":"https:\/\/schema.org","@graph":[{"@type":"Article","@id":"https:\/\/www.amanprana.eu\/de\/inspiration\/allgemein\/der-fahrradplan-von-amanprana\/#article","isPartOf":{"@id":"https:\/\/www.amanprana.eu\/de\/inspiration\/allgemein\/der-fahrradplan-von-amanprana\/"},"author":{"name":"Joyce","@id":"https:\/\/www.amanprana.eu\/de\/#\/schema\/person\/25bfe000374cd97b7846ff45e20337d2"},"headline":"Der Fahrradplan von Amanprana.","datePublished":"2019-01-23T14:04:45+00:00","mainEntityOfPage":{"@id":"https:\/\/www.amanprana.eu\/de\/inspiration\/allgemein\/der-fahrradplan-von-amanprana\/"},"wordCount":413,"publisher":{"@id":"https:\/\/www.amanprana.eu\/de\/#organization"},"articleSection":{"1":"Inspiration"},"inLanguage":"de"},{"@type":"WebPage","@id":"https:\/\/www.amanprana.eu\/de\/inspiration\/allgemein\/der-fahrradplan-von-amanprana\/","url":"https:\/\/www.amanprana.eu\/de\/inspiration\/allgemein\/der-fahrradplan-von-amanprana\/","name":"Der Fahrradplan von Amanprana. - Amanprana","isPartOf":{"@id":"https:\/\/www.amanprana.eu\/de\/#website"},"datePublished":"2019-01-23T14:04:45+00:00","breadcrumb":{"@id":"https:\/\/www.amanprana.eu\/de\/inspiration\/allgemein\/der-fahrradplan-von-amanprana\/#breadcrumb"},"inLanguage":"de","potentialAction":[{"@type":"ReadAction","target":["https:\/\/www.amanprana.eu\/de\/inspiration\/allgemein\/der-fahrradplan-von-amanprana\/"]}]},{"@type":"BreadcrumbList","@id":"https:\/\/www.amanprana.eu\/de\/inspiration\/allgemein\/der-fahrradplan-von-amanprana\/#breadcrumb","itemListElement":[{"@type":"ListItem","position":1,"name":"Amanprana.eu","item":"https:\/\/www.amanprana.eu\/de\/"},{"@type":"ListItem","position":2,"name":"Inspiration","item":"https:\/\/www.amanprana.eu\/de\/inspiration\/"},{"@type":"ListItem","position":3,"name":"Allgemein","item":"https:\/\/www.amanprana.eu\/de\/inspiration\/allgemein\/"},{"@type":"ListItem","position":4,"name":"Der Fahrradplan von Amanprana."}]},{"@type":"WebSite","@id":"https:\/\/www.amanprana.eu\/de\/#website","url":"https:\/\/www.amanprana.eu\/de\/","name":"Amanprana","description":"Serene levenskracht","publisher":{"@id":"https:\/\/www.amanprana.eu\/de\/#organization"},"potentialAction":[{"@type":"SearchAction","target":{"@type":"EntryPoint","urlTemplate":"https:\/\/www.amanprana.eu\/de\/?s={search_term_string}"},"query-input":{"@type":"PropertyValueSpecification","valueRequired":true,"valueName":"search_term_string"}}],"inLanguage":"de"},{"@type":"Organization","@id":"https:\/\/www.amanprana.eu\/de\/#organization","name":"Amanprana","url":"https:\/\/www.amanprana.eu\/de\/","logo":{"@type":"ImageObject","inLanguage":"de","@id":"https:\/\/www.amanprana.eu\/de\/#\/schema\/logo\/image\/","url":"https:\/\/www.amanprana.eu\/wp-content\/uploads\/webres-amanprana-logo.jpg","contentUrl":"https:\/\/www.amanprana.eu\/wp-content\/uploads\/webres-amanprana-logo.jpg","width":300,"height":300,"caption":"Amanprana"},"image":{"@id":"https:\/\/www.amanprana.eu\/de\/#\/schema\/logo\/image\/"},"sameAs":["https:\/\/www.facebook.com\/Amanpranaproducts\/","https:\/\/www.instagram.com\/amanprana\/","https:\/\/nl.pinterest.com\/amanprana\/pins\/"]},{"@type":"Person","@id":"https:\/\/www.amanprana.eu\/de\/#\/schema\/person\/25bfe000374cd97b7846ff45e20337d2","name":"Joyce","url":"https:\/\/www.amanprana.eu\/de\/author\/joyce\/"}]}},"multi-rating":{"mr_rating_results":[]},"_links":{"self":[{"href":"https:\/\/www.amanprana.eu\/de\/wp-json\/wp\/v2\/posts\/44220","targetHints":{"allow":["GET"]}}],"collection":[{"href":"https:\/\/www.amanprana.eu\/de\/wp-json\/wp\/v2\/posts"}],"about":[{"href":"https:\/\/www.amanprana.eu\/de\/wp-json\/wp\/v2\/types\/post"}],"author":[{"embeddable":true,"href":"https:\/\/www.amanprana.eu\/de\/wp-json\/wp\/v2\/users\/9"}],"replies":[{"embeddable":true,"href":"https:\/\/www.amanprana.eu\/de\/wp-json\/wp\/v2\/comments?post=44220"}],"version-history":[{"count":0,"href":"https:\/\/www.amanprana.eu\/de\/wp-json\/wp\/v2\/posts\/44220\/revisions"}],"wp:attachment":[{"href":"https:\/\/www.amanprana.eu\/de\/wp-json\/wp\/v2\/media?parent=44220"}],"wp:term":[{"taxonomy":"category","embeddable":true,"href":"https:\/\/www.amanprana.eu\/de\/wp-json\/wp\/v2\/categories?post=44220"},{"taxonomy":"post_tag","embeddable":true,"href":"https:\/\/www.amanprana.eu\/de\/wp-json\/wp\/v2\/tags?post=44220"}],"curies":[{"name":"wp","href":"https:\/\/api.w.org\/{rel}","templated":true}]}}