

{"id":44230,"date":"2019-01-23T15:43:13","date_gmt":"2019-01-23T14:43:13","guid":{"rendered":"https:\/\/www.amanprana.eu\/?p=44230"},"modified":"2021-09-28T15:53:05","modified_gmt":"2021-09-28T13:53:05","slug":"sos-trockene-haut-am-schoensten-bei-5c","status":"publish","type":"post","link":"https:\/\/www.amanprana.eu\/de\/inspiration\/koerperpflege\/sos-trockene-haut-am-schoensten-bei-5c\/","title":{"rendered":"SOS trockene Haut am sch\u00f6nsten bei -5\u00b0C."},"content":{"rendered":"\n<p>Sogar bei frost sanfte lippen, gesunde rote Wangen und einen frischen Teint.<br>W\u00e4hrend der kalten Jahreszeit hat die Haut es schwer. Es ist also sicherlich sinnvoll, deiner Haut jetzt extra Aufmerksamkeit und Pflege zu spenden.<\/p>\n\n\n\n<h2 class=\"wp-block-heading\">Trockene oder kaputte Lippen?<\/h2>\n\n\n\n<p>L\u00f6sung: Kokos\u00f6l extra vergine<br>F\u00fchlen deine Lippen sich schmerzhaft oder brennend an, sind sie trocken oder hast du Risse in den Lippen? Wir leiden besonders w\u00e4hrend der kalten Jahreszeiten, durch die Klimaanlage oder bei niedriger Luftfeuchtigkeit unter trockenen oder rissigen Lippen. Wir greifen dann h\u00e4ufig zum Lippenbalsam, um das unangenehme Gef\u00fchl so schnell wie m\u00f6glich zu verschleiern, aber verwenden Sie etwas Nat\u00fcrliches Kokos\u00f6l als Lippenbalsam.<\/p>\n\n\n\n<h2 class=\"wp-block-heading\">Trockenes Gesicht? Tages\u00f6l von Amanprana<\/h2>\n\n\n\n<p>Die Tages\u00f6le von Amanprana bieten eine ausgezeichnete Unterst\u00fctzung. Sie erweichen bis tief in die Haut. W\u00e4hle aus 5 x Aromatherapie: Lavandula, Rosas, Nerolina, Jasminum und Vanilla.<\/p>\n\n\n\n<div class=\"wp-block-image wp-image-51811 size-full\"><figure class=\"aligncenter\"><img decoding=\"async\" width=\"1200\" height=\"675\" src=\"https:\/\/www.amanprana.eu\/wp-content\/uploads\/Ihre-H\u00e4nde-halten-von-Kokos\u00f6l-extra-vergine.jpg\" alt=\"Kokos\u00f6l extra vergine von Amanprana k\u00f6nnen Sie auf Ihre trocken H\u00e4nde verschmieren\" class=\"wp-image-51811\" srcset=\"https:\/\/www.amanprana.eu\/wp-content\/uploads\/Ihre-H\u00e4nde-halten-von-Kokos\u00f6l-extra-vergine.jpg 1200w, https:\/\/www.amanprana.eu\/wp-content\/uploads\/Ihre-H\u00e4nde-halten-von-Kokos\u00f6l-extra-vergine-300x169.jpg 300w, https:\/\/www.amanprana.eu\/wp-content\/uploads\/Ihre-H\u00e4nde-halten-von-Kokos\u00f6l-extra-vergine-768x432.jpg 768w, https:\/\/www.amanprana.eu\/wp-content\/uploads\/Ihre-H\u00e4nde-halten-von-Kokos\u00f6l-extra-vergine-1024x576.jpg 1024w, https:\/\/www.amanprana.eu\/wp-content\/uploads\/Ihre-H\u00e4nde-halten-von-Kokos\u00f6l-extra-vergine-100x56.jpg 100w, https:\/\/www.amanprana.eu\/wp-content\/uploads\/Ihre-H\u00e4nde-halten-von-Kokos\u00f6l-extra-vergine-862x485.jpg 862w, https:\/\/www.amanprana.eu\/wp-content\/uploads\/Ihre-H\u00e4nde-halten-von-Kokos\u00f6l-extra-vergine-1170x658.jpg 1170w\" sizes=\"(max-width: 1200px) 100vw, 1200px\" \/><figcaption>Ihre H\u00e4nde halten von Kokos\u00f6l extra vergine<\/figcaption><\/figure><\/div>\n\n\n\n<h2 class=\"wp-block-heading\">Ihre H\u00e4nde halten von Kokos\u00f6l extra vergine<\/h2>\n\n\n\n<p>Die meisten Handcremes wirken nur sehr kurzfristig. Kokos\u00f6l extra vergine von Amanprana k\u00f6nnen Sie auf Ihre trocken H\u00e4nde verschmieren. Eine gute Pflege f\u00fcr die Nagelhaut ist sicherlich auch w\u00fcnschenswert. Massiere die Nagelhaut mal mit Kokos\u00f6l, um schmerzhaften und trockenen Rissen vorzubeugen und sie zu heilen. Sie liebt immer noch weiche H\u00e4nde?<\/p>\n\n\n\n<p>Im Winter leiden unsere F\u00fc\u00dfe h\u00e4ufig genauso wie unsere H\u00e4nde. Kokos\u00f6l ist auch f\u00fcr die F\u00fc\u00dfe ein ausgezeichnetes Mittel und rieb sich auf einfache und nat\u00fcrliche Weise.<\/p>\n\n\n\n<h3 class=\"wp-block-heading\">Massage-und K\u00f6rper\u00f6l von Amanprana um sich zu entspannen<\/h3>\n\n\n\n<p>Ist deine Haut h\u00e4ufig trocken und leidest du darum oft auch unter unangenehmem Juckreiz? Verw\u00f6hne dich einaml einfach mit einem herrlichen Bad oder einer Dusche mit einem der Massage\u00f6le von Amanprana. Statt einer Bodylotion solltest du auch vorzugsweise ein Massage\u00f6l verwenden. Massage\u00f6le Amanprana riechen k\u00f6stlich und k\u00f6nnen leicht reiben. Sie bieten ebenfalls eine emotionale Unterst\u00fctzung. 5 x Aromatherapie: Rosas, Nerolina, Jasminum, Lavandula, Vanilla.<\/p>\n\n\n\n<div class=\"wp-block-image size-full wp-image-51817\"><figure class=\"aligncenter\"><img decoding=\"async\" width=\"1200\" height=\"674\" src=\"https:\/\/www.amanprana.eu\/wp-content\/uploads\/trockene-F\u00fc\u00dfe-im-Winter.jpg\" alt=\"trockene F\u00fc\u00dfe im Winter\" class=\"wp-image-51817\" srcset=\"https:\/\/www.amanprana.eu\/wp-content\/uploads\/trockene-F\u00fc\u00dfe-im-Winter.jpg 1200w, https:\/\/www.amanprana.eu\/wp-content\/uploads\/trockene-F\u00fc\u00dfe-im-Winter-300x169.jpg 300w, https:\/\/www.amanprana.eu\/wp-content\/uploads\/trockene-F\u00fc\u00dfe-im-Winter-768x431.jpg 768w, https:\/\/www.amanprana.eu\/wp-content\/uploads\/trockene-F\u00fc\u00dfe-im-Winter-1024x575.jpg 1024w, https:\/\/www.amanprana.eu\/wp-content\/uploads\/trockene-F\u00fc\u00dfe-im-Winter-100x56.jpg 100w, https:\/\/www.amanprana.eu\/wp-content\/uploads\/trockene-F\u00fc\u00dfe-im-Winter-862x484.jpg 862w, https:\/\/www.amanprana.eu\/wp-content\/uploads\/trockene-F\u00fc\u00dfe-im-Winter-1170x657.jpg 1170w\" sizes=\"(max-width: 1200px) 100vw, 1200px\" \/><figcaption>trockene F\u00fc\u00dfe im Winter?<\/figcaption><\/figure><\/div>\n\n\n\n<h3 class=\"wp-block-heading\">Winterreinigung? Scrubs von Amanprana<\/h3>\n\n\n\n<p>Fast jeder von uns verwendet ab und zu mal Scrubs: durch die Entfernung der toten Hautzellen sollte die Haut sich wieder sanft anf\u00fchlen m\u00fcssen. Trotzdem haben wir nach dem Scrub h\u00e4ufig eine spr\u00f6de Haut, weil bestimmte Stoffe in den gew\u00f6hnlichen Scrubs oft nicht 100% nat\u00fcrlich sind oder weil dieses Scrubs viel Wasser enthalten. Wasser hat eine austrocknende Wirkung auf die Haut. Darum hat Amanprana 100 % nat\u00fcrliche Scrubs auf Basis von nur Zucker und \u00d6l entwickelt. 5 x Aromatherapie: Rosas, Jasminum, Lavandula, Nerolina und Vanilla.<\/p>\n\n\n\n<h3 class=\"wp-block-heading\">Juckende Kopfhaut?<\/h3>\n\n\n\n<p>Extra natives Kokos\u00f6l kann als Haarmaske verwendet werden.<br>Kennst Du auch das unangenehme Gef\u00fchl einer juckenden Kopfhaut, wenn du deine Winterm\u00fctze wieder zu Vorschein holst? Verwende dann vor allem keine aggressiven Shampoos! Verwende dagegen w\u00e4hrend der Nacht eine Maske aus Kokos\u00f6l in deinem Haar. Da Amanprana extra natives \u00d6l so leicht ist, waren Sie dieses \u00d6l am n\u00e4chsten Tag einfach in der Dusche. Ihr Haar und Kopfhaut ist verr\u00fcckt und es zeigt.<\/p>\n","protected":false},"excerpt":{"rendered":"<p>Sogar bei frost sanfte lippen, gesunde rote Wangen und einen frischen Teint.W\u00e4hrend der kalten Jahreszeit hat die Haut es schwer. Es ist also sicherlich sinnvoll, deiner Haut jetzt extra Aufmerksamkeit &#8230;<\/p>\n","protected":false},"author":9,"featured_media":51804,"comment_status":"closed","ping_status":"closed","sticky":false,"template":"","format":"standard","meta":{"_acf_changed":false,"rating_form_position":"","rating_results_position":"","mr_structured_data_type":"","footnotes":""},"categories":[869,861],"tags":[2480,1747],"class_list":["post-44230","post","type-post","status-publish","format-standard","has-post-thumbnail","hentry","category-inspiration","category-koerperpflege","tag-bio-kokosoel","tag-kokosnussol"],"acf":[],"yoast_head":"<!-- This site is optimized with the Yoast SEO plugin v24.7 - https:\/\/yoast.com\/wordpress\/plugins\/seo\/ -->\n<title>SOS trockene Haut am sch\u00f6nsten bei -5\u00b0C. - Amanprana<\/title>\n<meta name=\"description\" content=\"Tipps zur nat\u00fcrlichen Hautpflege bei Erk\u00e4ltung im Winter. Gegen trockene haut. 100% nat\u00fcrliche, 100% organische Hautpflege von Amanprana.\" \/>\n<meta name=\"robots\" content=\"index, follow, max-snippet:-1, max-image-preview:large, max-video-preview:-1\" \/>\n<link rel=\"canonical\" href=\"https:\/\/www.amanprana.eu\/de\/inspiration\/koerperpflege\/sos-trockene-haut-am-schoensten-bei-5c\/\" \/>\n<meta property=\"og:locale\" content=\"de_DE\" \/>\n<meta property=\"og:type\" content=\"article\" \/>\n<meta property=\"og:title\" content=\"SOS trockene Haut am sch\u00f6nsten bei -5\u00b0C. - Amanprana\" \/>\n<meta property=\"og:description\" content=\"Tipps zur nat\u00fcrlichen Hautpflege bei Erk\u00e4ltung im Winter. Gegen trockene haut. 100% nat\u00fcrliche, 100% organische Hautpflege von Amanprana.\" \/>\n<meta property=\"og:url\" content=\"https:\/\/www.amanprana.eu\/de\/inspiration\/koerperpflege\/sos-trockene-haut-am-schoensten-bei-5c\/\" \/>\n<meta property=\"og:site_name\" content=\"Amanprana\" \/>\n<meta property=\"article:publisher\" content=\"https:\/\/www.facebook.com\/Amanpranaproducts\/\" \/>\n<meta property=\"article:published_time\" content=\"2019-01-23T14:43:13+00:00\" \/>\n<meta property=\"article:modified_time\" content=\"2021-09-28T13:53:05+00:00\" \/>\n<meta property=\"og:image\" content=\"https:\/\/www.amanprana.eu\/wp-content\/uploads\/Trockene-Haut.jpg\" \/>\n\t<meta property=\"og:image:width\" content=\"1200\" \/>\n\t<meta property=\"og:image:height\" content=\"674\" \/>\n\t<meta property=\"og:image:type\" content=\"image\/jpeg\" \/>\n<meta name=\"author\" content=\"Joyce\" \/>\n<meta name=\"twitter:card\" content=\"summary_large_image\" \/>\n<meta name=\"twitter:label1\" content=\"Verfasst von\" \/>\n\t<meta name=\"twitter:data1\" content=\"Joyce\" \/>\n\t<meta name=\"twitter:label2\" content=\"Gesch\u00e4tzte Lesezeit\" \/>\n\t<meta name=\"twitter:data2\" content=\"3\u00a0Minuten\" \/>\n<script type=\"application\/ld+json\" class=\"yoast-schema-graph\">{\"@context\":\"https:\/\/schema.org\",\"@graph\":[{\"@type\":\"Article\",\"@id\":\"https:\/\/www.amanprana.eu\/de\/inspiration\/koerperpflege\/sos-trockene-haut-am-schoensten-bei-5c\/#article\",\"isPartOf\":{\"@id\":\"https:\/\/www.amanprana.eu\/de\/inspiration\/koerperpflege\/sos-trockene-haut-am-schoensten-bei-5c\/\"},\"author\":{\"name\":\"Joyce\",\"@id\":\"https:\/\/www.amanprana.eu\/de\/#\/schema\/person\/25bfe000374cd97b7846ff45e20337d2\"},\"headline\":\"SOS trockene Haut am sch\u00f6nsten bei -5\u00b0C.\",\"datePublished\":\"2019-01-23T14:43:13+00:00\",\"dateModified\":\"2021-09-28T13:53:05+00:00\",\"mainEntityOfPage\":{\"@id\":\"https:\/\/www.amanprana.eu\/de\/inspiration\/koerperpflege\/sos-trockene-haut-am-schoensten-bei-5c\/\"},\"wordCount\":524,\"publisher\":{\"@id\":\"https:\/\/www.amanprana.eu\/de\/#organization\"},\"image\":{\"@id\":\"https:\/\/www.amanprana.eu\/de\/inspiration\/koerperpflege\/sos-trockene-haut-am-schoensten-bei-5c\/#primaryimage\"},\"thumbnailUrl\":\"https:\/\/www.amanprana.eu\/wp-content\/uploads\/Trockene-Haut.jpg\",\"keywords\":[\"Bio Kokos\u00f6l\",\"Kokosnuss\u00f6l\"],\"articleSection\":[\"Inspiration\",\"K\u00f6rperpflege\"],\"inLanguage\":\"de\"},{\"@type\":\"WebPage\",\"@id\":\"https:\/\/www.amanprana.eu\/de\/inspiration\/koerperpflege\/sos-trockene-haut-am-schoensten-bei-5c\/\",\"url\":\"https:\/\/www.amanprana.eu\/de\/inspiration\/koerperpflege\/sos-trockene-haut-am-schoensten-bei-5c\/\",\"name\":\"SOS trockene Haut am sch\u00f6nsten bei -5\u00b0C. - Amanprana\",\"isPartOf\":{\"@id\":\"https:\/\/www.amanprana.eu\/de\/#website\"},\"primaryImageOfPage\":{\"@id\":\"https:\/\/www.amanprana.eu\/de\/inspiration\/koerperpflege\/sos-trockene-haut-am-schoensten-bei-5c\/#primaryimage\"},\"image\":{\"@id\":\"https:\/\/www.amanprana.eu\/de\/inspiration\/koerperpflege\/sos-trockene-haut-am-schoensten-bei-5c\/#primaryimage\"},\"thumbnailUrl\":\"https:\/\/www.amanprana.eu\/wp-content\/uploads\/Trockene-Haut.jpg\",\"datePublished\":\"2019-01-23T14:43:13+00:00\",\"dateModified\":\"2021-09-28T13:53:05+00:00\",\"description\":\"Tipps zur nat\u00fcrlichen Hautpflege bei Erk\u00e4ltung im Winter. Gegen trockene haut. 100% nat\u00fcrliche, 100% organische Hautpflege von Amanprana.\",\"breadcrumb\":{\"@id\":\"https:\/\/www.amanprana.eu\/de\/inspiration\/koerperpflege\/sos-trockene-haut-am-schoensten-bei-5c\/#breadcrumb\"},\"inLanguage\":\"de\",\"potentialAction\":[{\"@type\":\"ReadAction\",\"target\":[\"https:\/\/www.amanprana.eu\/de\/inspiration\/koerperpflege\/sos-trockene-haut-am-schoensten-bei-5c\/\"]}]},{\"@type\":\"ImageObject\",\"inLanguage\":\"de\",\"@id\":\"https:\/\/www.amanprana.eu\/de\/inspiration\/koerperpflege\/sos-trockene-haut-am-schoensten-bei-5c\/#primaryimage\",\"url\":\"https:\/\/www.amanprana.eu\/wp-content\/uploads\/Trockene-Haut.jpg\",\"contentUrl\":\"https:\/\/www.amanprana.eu\/wp-content\/uploads\/Trockene-Haut.jpg\",\"width\":1200,\"height\":674,\"caption\":\"SOS trockene Haut am sch\u00f6nsten bei -5\u00b0C.\"},{\"@type\":\"BreadcrumbList\",\"@id\":\"https:\/\/www.amanprana.eu\/de\/inspiration\/koerperpflege\/sos-trockene-haut-am-schoensten-bei-5c\/#breadcrumb\",\"itemListElement\":[{\"@type\":\"ListItem\",\"position\":1,\"name\":\"Amanprana.eu\",\"item\":\"https:\/\/www.amanprana.eu\/de\/\"},{\"@type\":\"ListItem\",\"position\":2,\"name\":\"Inspiration\",\"item\":\"https:\/\/www.amanprana.eu\/de\/inspiration\/\"},{\"@type\":\"ListItem\",\"position\":3,\"name\":\"K\u00f6rperpflege\",\"item\":\"https:\/\/www.amanprana.eu\/de\/inspiration\/koerperpflege\/\"},{\"@type\":\"ListItem\",\"position\":4,\"name\":\"SOS trockene Haut am sch\u00f6nsten bei -5\u00b0C.\"}]},{\"@type\":\"WebSite\",\"@id\":\"https:\/\/www.amanprana.eu\/de\/#website\",\"url\":\"https:\/\/www.amanprana.eu\/de\/\",\"name\":\"Amanprana\",\"description\":\"Serene levenskracht\",\"publisher\":{\"@id\":\"https:\/\/www.amanprana.eu\/de\/#organization\"},\"potentialAction\":[{\"@type\":\"SearchAction\",\"target\":{\"@type\":\"EntryPoint\",\"urlTemplate\":\"https:\/\/www.amanprana.eu\/de\/?s={search_term_string}\"},\"query-input\":{\"@type\":\"PropertyValueSpecification\",\"valueRequired\":true,\"valueName\":\"search_term_string\"}}],\"inLanguage\":\"de\"},{\"@type\":\"Organization\",\"@id\":\"https:\/\/www.amanprana.eu\/de\/#organization\",\"name\":\"Amanprana\",\"url\":\"https:\/\/www.amanprana.eu\/de\/\",\"logo\":{\"@type\":\"ImageObject\",\"inLanguage\":\"de\",\"@id\":\"https:\/\/www.amanprana.eu\/de\/#\/schema\/logo\/image\/\",\"url\":\"https:\/\/www.amanprana.eu\/wp-content\/uploads\/webres-amanprana-logo.jpg\",\"contentUrl\":\"https:\/\/www.amanprana.eu\/wp-content\/uploads\/webres-amanprana-logo.jpg\",\"width\":300,\"height\":300,\"caption\":\"Amanprana\"},\"image\":{\"@id\":\"https:\/\/www.amanprana.eu\/de\/#\/schema\/logo\/image\/\"},\"sameAs\":[\"https:\/\/www.facebook.com\/Amanpranaproducts\/\",\"https:\/\/www.instagram.com\/amanprana\/\",\"https:\/\/nl.pinterest.com\/amanprana\/pins\/\"]},{\"@type\":\"Person\",\"@id\":\"https:\/\/www.amanprana.eu\/de\/#\/schema\/person\/25bfe000374cd97b7846ff45e20337d2\",\"name\":\"Joyce\",\"url\":\"https:\/\/www.amanprana.eu\/de\/author\/joyce\/\"}]}<\/script>\n<!-- \/ Yoast SEO plugin. -->","yoast_head_json":{"title":"SOS trockene Haut am sch\u00f6nsten bei -5\u00b0C. - Amanprana","description":"Tipps zur nat\u00fcrlichen Hautpflege bei Erk\u00e4ltung im Winter. Gegen trockene haut. 100% nat\u00fcrliche, 100% organische Hautpflege von Amanprana.","robots":{"index":"index","follow":"follow","max-snippet":"max-snippet:-1","max-image-preview":"max-image-preview:large","max-video-preview":"max-video-preview:-1"},"canonical":"https:\/\/www.amanprana.eu\/de\/inspiration\/koerperpflege\/sos-trockene-haut-am-schoensten-bei-5c\/","og_locale":"de_DE","og_type":"article","og_title":"SOS trockene Haut am sch\u00f6nsten bei -5\u00b0C. - Amanprana","og_description":"Tipps zur nat\u00fcrlichen Hautpflege bei Erk\u00e4ltung im Winter. Gegen trockene haut. 100% nat\u00fcrliche, 100% organische Hautpflege von Amanprana.","og_url":"https:\/\/www.amanprana.eu\/de\/inspiration\/koerperpflege\/sos-trockene-haut-am-schoensten-bei-5c\/","og_site_name":"Amanprana","article_publisher":"https:\/\/www.facebook.com\/Amanpranaproducts\/","article_published_time":"2019-01-23T14:43:13+00:00","article_modified_time":"2021-09-28T13:53:05+00:00","og_image":[{"width":1200,"height":674,"url":"https:\/\/www.amanprana.eu\/wp-content\/uploads\/Trockene-Haut.jpg","type":"image\/jpeg"}],"author":"Joyce","twitter_card":"summary_large_image","twitter_misc":{"Verfasst von":"Joyce","Gesch\u00e4tzte Lesezeit":"3\u00a0Minuten"},"schema":{"@context":"https:\/\/schema.org","@graph":[{"@type":"Article","@id":"https:\/\/www.amanprana.eu\/de\/inspiration\/koerperpflege\/sos-trockene-haut-am-schoensten-bei-5c\/#article","isPartOf":{"@id":"https:\/\/www.amanprana.eu\/de\/inspiration\/koerperpflege\/sos-trockene-haut-am-schoensten-bei-5c\/"},"author":{"name":"Joyce","@id":"https:\/\/www.amanprana.eu\/de\/#\/schema\/person\/25bfe000374cd97b7846ff45e20337d2"},"headline":"SOS trockene Haut am sch\u00f6nsten bei -5\u00b0C.","datePublished":"2019-01-23T14:43:13+00:00","dateModified":"2021-09-28T13:53:05+00:00","mainEntityOfPage":{"@id":"https:\/\/www.amanprana.eu\/de\/inspiration\/koerperpflege\/sos-trockene-haut-am-schoensten-bei-5c\/"},"wordCount":524,"publisher":{"@id":"https:\/\/www.amanprana.eu\/de\/#organization"},"image":{"@id":"https:\/\/www.amanprana.eu\/de\/inspiration\/koerperpflege\/sos-trockene-haut-am-schoensten-bei-5c\/#primaryimage"},"thumbnailUrl":"https:\/\/www.amanprana.eu\/wp-content\/uploads\/Trockene-Haut.jpg","keywords":["Bio Kokos\u00f6l","Kokosnuss\u00f6l"],"articleSection":["Inspiration","K\u00f6rperpflege"],"inLanguage":"de"},{"@type":"WebPage","@id":"https:\/\/www.amanprana.eu\/de\/inspiration\/koerperpflege\/sos-trockene-haut-am-schoensten-bei-5c\/","url":"https:\/\/www.amanprana.eu\/de\/inspiration\/koerperpflege\/sos-trockene-haut-am-schoensten-bei-5c\/","name":"SOS trockene Haut am sch\u00f6nsten bei -5\u00b0C. - Amanprana","isPartOf":{"@id":"https:\/\/www.amanprana.eu\/de\/#website"},"primaryImageOfPage":{"@id":"https:\/\/www.amanprana.eu\/de\/inspiration\/koerperpflege\/sos-trockene-haut-am-schoensten-bei-5c\/#primaryimage"},"image":{"@id":"https:\/\/www.amanprana.eu\/de\/inspiration\/koerperpflege\/sos-trockene-haut-am-schoensten-bei-5c\/#primaryimage"},"thumbnailUrl":"https:\/\/www.amanprana.eu\/wp-content\/uploads\/Trockene-Haut.jpg","datePublished":"2019-01-23T14:43:13+00:00","dateModified":"2021-09-28T13:53:05+00:00","description":"Tipps zur nat\u00fcrlichen Hautpflege bei Erk\u00e4ltung im Winter. Gegen trockene haut. 100% nat\u00fcrliche, 100% organische Hautpflege von Amanprana.","breadcrumb":{"@id":"https:\/\/www.amanprana.eu\/de\/inspiration\/koerperpflege\/sos-trockene-haut-am-schoensten-bei-5c\/#breadcrumb"},"inLanguage":"de","potentialAction":[{"@type":"ReadAction","target":["https:\/\/www.amanprana.eu\/de\/inspiration\/koerperpflege\/sos-trockene-haut-am-schoensten-bei-5c\/"]}]},{"@type":"ImageObject","inLanguage":"de","@id":"https:\/\/www.amanprana.eu\/de\/inspiration\/koerperpflege\/sos-trockene-haut-am-schoensten-bei-5c\/#primaryimage","url":"https:\/\/www.amanprana.eu\/wp-content\/uploads\/Trockene-Haut.jpg","contentUrl":"https:\/\/www.amanprana.eu\/wp-content\/uploads\/Trockene-Haut.jpg","width":1200,"height":674,"caption":"SOS trockene Haut am sch\u00f6nsten bei -5\u00b0C."},{"@type":"BreadcrumbList","@id":"https:\/\/www.amanprana.eu\/de\/inspiration\/koerperpflege\/sos-trockene-haut-am-schoensten-bei-5c\/#breadcrumb","itemListElement":[{"@type":"ListItem","position":1,"name":"Amanprana.eu","item":"https:\/\/www.amanprana.eu\/de\/"},{"@type":"ListItem","position":2,"name":"Inspiration","item":"https:\/\/www.amanprana.eu\/de\/inspiration\/"},{"@type":"ListItem","position":3,"name":"K\u00f6rperpflege","item":"https:\/\/www.amanprana.eu\/de\/inspiration\/koerperpflege\/"},{"@type":"ListItem","position":4,"name":"SOS trockene Haut am sch\u00f6nsten bei -5\u00b0C."}]},{"@type":"WebSite","@id":"https:\/\/www.amanprana.eu\/de\/#website","url":"https:\/\/www.amanprana.eu\/de\/","name":"Amanprana","description":"Serene levenskracht","publisher":{"@id":"https:\/\/www.amanprana.eu\/de\/#organization"},"potentialAction":[{"@type":"SearchAction","target":{"@type":"EntryPoint","urlTemplate":"https:\/\/www.amanprana.eu\/de\/?s={search_term_string}"},"query-input":{"@type":"PropertyValueSpecification","valueRequired":true,"valueName":"search_term_string"}}],"inLanguage":"de"},{"@type":"Organization","@id":"https:\/\/www.amanprana.eu\/de\/#organization","name":"Amanprana","url":"https:\/\/www.amanprana.eu\/de\/","logo":{"@type":"ImageObject","inLanguage":"de","@id":"https:\/\/www.amanprana.eu\/de\/#\/schema\/logo\/image\/","url":"https:\/\/www.amanprana.eu\/wp-content\/uploads\/webres-amanprana-logo.jpg","contentUrl":"https:\/\/www.amanprana.eu\/wp-content\/uploads\/webres-amanprana-logo.jpg","width":300,"height":300,"caption":"Amanprana"},"image":{"@id":"https:\/\/www.amanprana.eu\/de\/#\/schema\/logo\/image\/"},"sameAs":["https:\/\/www.facebook.com\/Amanpranaproducts\/","https:\/\/www.instagram.com\/amanprana\/","https:\/\/nl.pinterest.com\/amanprana\/pins\/"]},{"@type":"Person","@id":"https:\/\/www.amanprana.eu\/de\/#\/schema\/person\/25bfe000374cd97b7846ff45e20337d2","name":"Joyce","url":"https:\/\/www.amanprana.eu\/de\/author\/joyce\/"}]}},"multi-rating":{"mr_rating_results":[]},"_links":{"self":[{"href":"https:\/\/www.amanprana.eu\/de\/wp-json\/wp\/v2\/posts\/44230","targetHints":{"allow":["GET"]}}],"collection":[{"href":"https:\/\/www.amanprana.eu\/de\/wp-json\/wp\/v2\/posts"}],"about":[{"href":"https:\/\/www.amanprana.eu\/de\/wp-json\/wp\/v2\/types\/post"}],"author":[{"embeddable":true,"href":"https:\/\/www.amanprana.eu\/de\/wp-json\/wp\/v2\/users\/9"}],"replies":[{"embeddable":true,"href":"https:\/\/www.amanprana.eu\/de\/wp-json\/wp\/v2\/comments?post=44230"}],"version-history":[{"count":3,"href":"https:\/\/www.amanprana.eu\/de\/wp-json\/wp\/v2\/posts\/44230\/revisions"}],"predecessor-version":[{"id":63814,"href":"https:\/\/www.amanprana.eu\/de\/wp-json\/wp\/v2\/posts\/44230\/revisions\/63814"}],"wp:featuredmedia":[{"embeddable":true,"href":"https:\/\/www.amanprana.eu\/de\/wp-json\/wp\/v2\/media\/51804"}],"wp:attachment":[{"href":"https:\/\/www.amanprana.eu\/de\/wp-json\/wp\/v2\/media?parent=44230"}],"wp:term":[{"taxonomy":"category","embeddable":true,"href":"https:\/\/www.amanprana.eu\/de\/wp-json\/wp\/v2\/categories?post=44230"},{"taxonomy":"post_tag","embeddable":true,"href":"https:\/\/www.amanprana.eu\/de\/wp-json\/wp\/v2\/tags?post=44230"}],"curies":[{"name":"wp","href":"https:\/\/api.w.org\/{rel}","templated":true}]}}