

{"id":44291,"date":"2019-01-24T10:49:10","date_gmt":"2019-01-24T09:49:10","guid":{"rendered":"https:\/\/www.amanprana.eu\/?p=44291"},"modified":"2021-01-14T12:59:18","modified_gmt":"2021-01-14T11:59:18","slug":"kokosoel-und-diverse-aetherische-oele-von-kraeutern-sind-ideale-inhaltsstoffe","status":"publish","type":"post","link":"https:\/\/www.amanprana.eu\/de\/inspiration\/koerperpflege\/kokosoel-und-diverse-aetherische-oele-von-kraeutern-sind-ideale-inhaltsstoffe\/","title":{"rendered":"Kokos\u00f6l und diverse \u00e4therische \u00d6le von Kr\u00e4utern sind ideale Inhaltsstoffe"},"content":{"rendered":"<p>Rudolf! tragendes \u00d6l Amanprana Kokos\u00f6l und Carnaubawachs, beide sanft bei Erk\u00e4ltung und rauer Nase<\/p>\n<h2>Extra vierge, biologisches Kokos\u00f6l, bes\u00e4nftigend und lindernd f\u00fcr raue Nasen<\/h2>\n<p>Kokos\u00f6l (Cocos nucifera) wird aus dem Fruchtfleisch der Kokosnuss gewonnen<\/p>\n<h3>Biologischer Carnaubawachs, pflegend und sanft, gibt dem Rudolf! Kr\u00e4uterbalsam Textur<\/h3>\n<p>Carnaubawachs gilt als K\u00f6nigin der Wachse. Es wird aus den gelbbraunen Bl\u00e4ttern der Carnaubapalme (Copernicia cerifera) gewonnen: Das Wachs wird sprichw\u00f6rtlich aus den Bl\u00e4ttern geschlagen. Carnaubawachs ist ein wichtiger Inhaltsstoff in Kosmetika; im Rudolf! Kr\u00e4uterbalsam von Amanprana hat es neben einer pflegenden Funktion auch die Aufgabe, die feste Textur des Balsams zu gew\u00e4hrleisten.<\/p>\n<p><strong>Das \u00e4therische \u00d6l in Amanprana Rudolf! Nur nat\u00fcrliches \u00e4therisches \u00d6l wirkt auch wirklich, 100 % BIO<\/strong><\/p>\n<p>Wichtig ist auch Folgendes: Rudolf! Kr\u00e4uterbalsam enth\u00e4lt einige nat\u00fcrliche und biologische \u00e4therische \u00d6le, die wirklich wirken und von echten Pflanzen stammen. Im Rudolf! Kr\u00e4uterbalsam von Amanprana sind die Inhaltsstoffe Menthol und Eucalyptol den \u00e4therischen \u00d6len eigen. Sie sind mit anderen Worten also keine Isolate oder synthetische Imitationen.<\/p>\n<h3>Biologischer Kampfer (Ravintsara): k\u00fchlt und w\u00e4rmt<\/h3>\n<p>Ein Bestandteil von Ravintsara (Cinnamomum camphora) ist Kampfer, eine Zutat, die schon unsere Gro\u00dfm\u00fctter im Haus hatten, um sie bei einem Schw\u00e4cheanfall zu inhalieren; sie trug damals den Namen \u201eFlugsalz\u201c. Das urspr\u00fcnglich aus Asien stammende nat\u00fcrliche Mittel wird aus dem Holz des immergr\u00fcnen Kampferbaumes gewonnen. Ravintsara im Rudolf! Kr\u00e4uterbalsam von Amanprana hat eine zweifache Wirkung: Es k\u00fchlt und w\u00e4rmt gleichzeitig und schafft dadurch ein Gleichgewicht. Ein hervorragendes \u00e4therisches \u00d6l, wenn Sie sich erk\u00e4ltet oder grippig f\u00fchlen.<\/p>\n<h3>Biologisches Wintergreen: gut f\u00fcr Muskeln und Gelenke<\/h3>\n<p>Wintergreen (Gaultheria fragrantissima) ist eine mehrj\u00e4hrige, immergr\u00fcne Pflanze und daher leitet sich auch ihr Name ab. Wintergreen w\u00e4chst am Fu\u00dfe des nepalesischen Himalayagebirges. Die Pflanze hat wei\u00dfe Bl\u00fcten, die sich sp\u00e4ter in rote Beeren verwandeln und gr\u00fcne Bl\u00e4tter, die sich so fest wie Leder anf\u00fchlen. Aus den Bl\u00e4ttern wird das \u00e4therische \u00d6l destilliert. Dieses hat einen sehr spezifischen und erkennbaren holzig-fruchtigen Duft. Durch das von Natur aus enthaltene Methylsalicylat (bis zu 98 % im \u00d6l) kann Wintergreen im Rudolf! Kr\u00e4uterbalsam von Amanprana ebenfalls f\u00fcr die Muskeln und Gelenke eingesetzt werden. Das \u00d6l ist \u00fcbrigens auch (stark verd\u00fcnnt) in Zahnpasta, Kaugummi und der ber\u00fchmten Coca Cola enthalten.<\/p>\n<h3>Biologischer Eukalyptus: beruhigt, erfrischt und gut f\u00fcr verstopfte Nase<\/h3>\n<p>Das Blatt des Blauen Gummibaums, Eucalyptus globulus, liefert ein \u00e4therisches \u00d6l, das schon von den Aboriginals bei Fiber eingesetzt wurde. Das Eukalyptus\u00f6l im Kr\u00e4uterbalsam Rudolf! von Amanprana erfrischt und k\u00fchlt. Die k\u00fchlende Eigenschaft brachte dem Baum den Beinamen \u201eFiberbaum\u201c ein.<\/p>\n<h3>Biologischer Thymian<\/h3>\n<p>Thymian (Thymus vulgaris) wird schon seit dem Altertum zu medizinischen Zwecken genutzt. Das \u00e4therische \u00d6l stammt von den bl\u00fchenden Pflanzen.<\/p>\n<h3>Biologischer Salbei<\/h3>\n<p>Der im Kr\u00e4uterbalsam Rudolf! von Amanprana enthaltene Salbei (Salvia lavandulifolia) gilt als historisches Wundermittel, weil er so viele gute Eigenschaft besitzt. In der Aromatherapie wird er gegen eine ganze Reihe von Beschwerden eingesetzt, darunter Erk\u00e4ltung, Grippe, (chronische) Bronchitis und andere Infektionen der Luftwege. H\u00e4ufig wird er mit Thymian kombiniert und kann dann, wie Wintergreen, f\u00fcr die Muskeln und Gelenke eingesetzt werden.<\/p>\n<h3>Biologische Zeder<\/h3>\n<p>Die Atlas ceder (Cedrus atlantica) w\u00e4chst in den Bergen von Marokko und ist das einzige Zedern\u00f6l, das in der Aromatherapie eingesetzt werden darf. Die Rinde des Baums liefert ein \u00e4therisches \u00d6l mit einem s\u00fc\u00dfen, holzigen Duft. Das \u00d6l ist sehr hautfreundlich, eine Eigenschaft, die es dem hohen Gehalt an Sesquiterpenen (Cadinene, ein diesem \u00e4therischen \u00d6l eigener Inhaltsstoff) verdankt.<\/p>\n<h3>Biologische Nelke<\/h3>\n<p>\u00c4therisches Nelken\u00f6l ist ein gro\u00dfartiges Erste-Hilfe-Mittel. Das \u00e4therische \u00d6l wird aus den Nelkenbl\u00fcten gewonnen, die erst aus den Knospen heraus bl\u00fchen, bevor die Nelke sich verh\u00e4rtet.<\/p>\n","protected":false},"excerpt":{"rendered":"<p>Rudolf! tragendes \u00d6l Amanprana Kokos\u00f6l und Carnaubawachs, beide sanft bei Erk\u00e4ltung und rauer Nase Extra vierge, biologisches Kokos\u00f6l, bes\u00e4nftigend und lindernd f\u00fcr raue Nasen Kokos\u00f6l (Cocos nucifera) wird aus dem &#8230;<\/p>\n","protected":false},"author":9,"featured_media":0,"comment_status":"closed","ping_status":"closed","sticky":false,"template":"","format":"standard","meta":{"_acf_changed":false,"rating_form_position":"","rating_results_position":"","mr_structured_data_type":"","footnotes":""},"categories":[869,861],"tags":[],"class_list":["post-44291","post","type-post","status-publish","format-standard","hentry","category-inspiration","category-koerperpflege","no-post-thumbnail"],"acf":[],"yoast_head":"<!-- This site is optimized with the Yoast SEO plugin v24.7 - https:\/\/yoast.com\/wordpress\/plugins\/seo\/ -->\n<title>Kokos\u00f6l und diverse \u00e4therische \u00d6le von Kr\u00e4utern sind ideale Inhaltsstoffe - Amanprana<\/title>\n<meta name=\"robots\" content=\"index, follow, max-snippet:-1, max-image-preview:large, max-video-preview:-1\" \/>\n<link rel=\"canonical\" href=\"https:\/\/www.amanprana.eu\/de\/inspiration\/koerperpflege\/kokosoel-und-diverse-aetherische-oele-von-kraeutern-sind-ideale-inhaltsstoffe\/\" \/>\n<meta property=\"og:locale\" content=\"de_DE\" \/>\n<meta property=\"og:type\" content=\"article\" \/>\n<meta property=\"og:title\" content=\"Kokos\u00f6l und diverse \u00e4therische \u00d6le von Kr\u00e4utern sind ideale Inhaltsstoffe - Amanprana\" \/>\n<meta property=\"og:description\" content=\"Rudolf! tragendes \u00d6l Amanprana Kokos\u00f6l und Carnaubawachs, beide sanft bei Erk\u00e4ltung und rauer Nase Extra vierge, biologisches Kokos\u00f6l, bes\u00e4nftigend und lindernd f\u00fcr raue Nasen Kokos\u00f6l (Cocos nucifera) wird aus dem ...\" \/>\n<meta property=\"og:url\" content=\"https:\/\/www.amanprana.eu\/de\/inspiration\/koerperpflege\/kokosoel-und-diverse-aetherische-oele-von-kraeutern-sind-ideale-inhaltsstoffe\/\" \/>\n<meta property=\"og:site_name\" content=\"Amanprana\" \/>\n<meta property=\"article:publisher\" content=\"https:\/\/www.facebook.com\/Amanpranaproducts\/\" \/>\n<meta property=\"article:published_time\" content=\"2019-01-24T09:49:10+00:00\" \/>\n<meta property=\"article:modified_time\" content=\"2021-01-14T11:59:18+00:00\" \/>\n<meta property=\"og:image\" content=\"https:\/\/www.amanprana.eu\/wp-content\/uploads\/hires-amanprana-logo.jpg\" \/>\n\t<meta property=\"og:image:width\" content=\"2362\" \/>\n\t<meta property=\"og:image:height\" content=\"2362\" \/>\n\t<meta property=\"og:image:type\" content=\"image\/jpeg\" \/>\n<meta name=\"author\" content=\"Joyce\" \/>\n<meta name=\"twitter:card\" content=\"summary_large_image\" \/>\n<meta name=\"twitter:label1\" content=\"Verfasst von\" \/>\n\t<meta name=\"twitter:data1\" content=\"Joyce\" \/>\n\t<meta name=\"twitter:label2\" content=\"Gesch\u00e4tzte Lesezeit\" \/>\n\t<meta name=\"twitter:data2\" content=\"3\u00a0Minuten\" \/>\n<script type=\"application\/ld+json\" class=\"yoast-schema-graph\">{\"@context\":\"https:\/\/schema.org\",\"@graph\":[{\"@type\":\"Article\",\"@id\":\"https:\/\/www.amanprana.eu\/de\/inspiration\/koerperpflege\/kokosoel-und-diverse-aetherische-oele-von-kraeutern-sind-ideale-inhaltsstoffe\/#article\",\"isPartOf\":{\"@id\":\"https:\/\/www.amanprana.eu\/de\/inspiration\/koerperpflege\/kokosoel-und-diverse-aetherische-oele-von-kraeutern-sind-ideale-inhaltsstoffe\/\"},\"author\":{\"name\":\"Joyce\",\"@id\":\"https:\/\/www.amanprana.eu\/de\/#\/schema\/person\/25bfe000374cd97b7846ff45e20337d2\"},\"headline\":\"Kokos\u00f6l und diverse \u00e4therische \u00d6le von Kr\u00e4utern sind ideale Inhaltsstoffe\",\"datePublished\":\"2019-01-24T09:49:10+00:00\",\"dateModified\":\"2021-01-14T11:59:18+00:00\",\"mainEntityOfPage\":{\"@id\":\"https:\/\/www.amanprana.eu\/de\/inspiration\/koerperpflege\/kokosoel-und-diverse-aetherische-oele-von-kraeutern-sind-ideale-inhaltsstoffe\/\"},\"wordCount\":650,\"publisher\":{\"@id\":\"https:\/\/www.amanprana.eu\/de\/#organization\"},\"articleSection\":[\"Inspiration\",\"K\u00f6rperpflege\"],\"inLanguage\":\"de\"},{\"@type\":\"WebPage\",\"@id\":\"https:\/\/www.amanprana.eu\/de\/inspiration\/koerperpflege\/kokosoel-und-diverse-aetherische-oele-von-kraeutern-sind-ideale-inhaltsstoffe\/\",\"url\":\"https:\/\/www.amanprana.eu\/de\/inspiration\/koerperpflege\/kokosoel-und-diverse-aetherische-oele-von-kraeutern-sind-ideale-inhaltsstoffe\/\",\"name\":\"Kokos\u00f6l und diverse \u00e4therische \u00d6le von Kr\u00e4utern sind ideale Inhaltsstoffe - Amanprana\",\"isPartOf\":{\"@id\":\"https:\/\/www.amanprana.eu\/de\/#website\"},\"datePublished\":\"2019-01-24T09:49:10+00:00\",\"dateModified\":\"2021-01-14T11:59:18+00:00\",\"breadcrumb\":{\"@id\":\"https:\/\/www.amanprana.eu\/de\/inspiration\/koerperpflege\/kokosoel-und-diverse-aetherische-oele-von-kraeutern-sind-ideale-inhaltsstoffe\/#breadcrumb\"},\"inLanguage\":\"de\",\"potentialAction\":[{\"@type\":\"ReadAction\",\"target\":[\"https:\/\/www.amanprana.eu\/de\/inspiration\/koerperpflege\/kokosoel-und-diverse-aetherische-oele-von-kraeutern-sind-ideale-inhaltsstoffe\/\"]}]},{\"@type\":\"BreadcrumbList\",\"@id\":\"https:\/\/www.amanprana.eu\/de\/inspiration\/koerperpflege\/kokosoel-und-diverse-aetherische-oele-von-kraeutern-sind-ideale-inhaltsstoffe\/#breadcrumb\",\"itemListElement\":[{\"@type\":\"ListItem\",\"position\":1,\"name\":\"Amanprana.eu\",\"item\":\"https:\/\/www.amanprana.eu\/de\/\"},{\"@type\":\"ListItem\",\"position\":2,\"name\":\"Inspiration\",\"item\":\"https:\/\/www.amanprana.eu\/de\/inspiration\/\"},{\"@type\":\"ListItem\",\"position\":3,\"name\":\"K\u00f6rperpflege\",\"item\":\"https:\/\/www.amanprana.eu\/de\/inspiration\/koerperpflege\/\"},{\"@type\":\"ListItem\",\"position\":4,\"name\":\"Kokos\u00f6l und diverse \u00e4therische \u00d6le von Kr\u00e4utern sind ideale Inhaltsstoffe\"}]},{\"@type\":\"WebSite\",\"@id\":\"https:\/\/www.amanprana.eu\/de\/#website\",\"url\":\"https:\/\/www.amanprana.eu\/de\/\",\"name\":\"Amanprana\",\"description\":\"Serene levenskracht\",\"publisher\":{\"@id\":\"https:\/\/www.amanprana.eu\/de\/#organization\"},\"potentialAction\":[{\"@type\":\"SearchAction\",\"target\":{\"@type\":\"EntryPoint\",\"urlTemplate\":\"https:\/\/www.amanprana.eu\/de\/?s={search_term_string}\"},\"query-input\":{\"@type\":\"PropertyValueSpecification\",\"valueRequired\":true,\"valueName\":\"search_term_string\"}}],\"inLanguage\":\"de\"},{\"@type\":\"Organization\",\"@id\":\"https:\/\/www.amanprana.eu\/de\/#organization\",\"name\":\"Amanprana\",\"url\":\"https:\/\/www.amanprana.eu\/de\/\",\"logo\":{\"@type\":\"ImageObject\",\"inLanguage\":\"de\",\"@id\":\"https:\/\/www.amanprana.eu\/de\/#\/schema\/logo\/image\/\",\"url\":\"https:\/\/www.amanprana.eu\/wp-content\/uploads\/webres-amanprana-logo.jpg\",\"contentUrl\":\"https:\/\/www.amanprana.eu\/wp-content\/uploads\/webres-amanprana-logo.jpg\",\"width\":300,\"height\":300,\"caption\":\"Amanprana\"},\"image\":{\"@id\":\"https:\/\/www.amanprana.eu\/de\/#\/schema\/logo\/image\/\"},\"sameAs\":[\"https:\/\/www.facebook.com\/Amanpranaproducts\/\",\"https:\/\/www.instagram.com\/amanprana\/\",\"https:\/\/nl.pinterest.com\/amanprana\/pins\/\"]},{\"@type\":\"Person\",\"@id\":\"https:\/\/www.amanprana.eu\/de\/#\/schema\/person\/25bfe000374cd97b7846ff45e20337d2\",\"name\":\"Joyce\",\"url\":\"https:\/\/www.amanprana.eu\/de\/author\/joyce\/\"}]}<\/script>\n<!-- \/ Yoast SEO plugin. -->","yoast_head_json":{"title":"Kokos\u00f6l und diverse \u00e4therische \u00d6le von Kr\u00e4utern sind ideale Inhaltsstoffe - Amanprana","robots":{"index":"index","follow":"follow","max-snippet":"max-snippet:-1","max-image-preview":"max-image-preview:large","max-video-preview":"max-video-preview:-1"},"canonical":"https:\/\/www.amanprana.eu\/de\/inspiration\/koerperpflege\/kokosoel-und-diverse-aetherische-oele-von-kraeutern-sind-ideale-inhaltsstoffe\/","og_locale":"de_DE","og_type":"article","og_title":"Kokos\u00f6l und diverse \u00e4therische \u00d6le von Kr\u00e4utern sind ideale Inhaltsstoffe - Amanprana","og_description":"Rudolf! tragendes \u00d6l Amanprana Kokos\u00f6l und Carnaubawachs, beide sanft bei Erk\u00e4ltung und rauer Nase Extra vierge, biologisches Kokos\u00f6l, bes\u00e4nftigend und lindernd f\u00fcr raue Nasen Kokos\u00f6l (Cocos nucifera) wird aus dem ...","og_url":"https:\/\/www.amanprana.eu\/de\/inspiration\/koerperpflege\/kokosoel-und-diverse-aetherische-oele-von-kraeutern-sind-ideale-inhaltsstoffe\/","og_site_name":"Amanprana","article_publisher":"https:\/\/www.facebook.com\/Amanpranaproducts\/","article_published_time":"2019-01-24T09:49:10+00:00","article_modified_time":"2021-01-14T11:59:18+00:00","og_image":[{"width":2362,"height":2362,"url":"https:\/\/www.amanprana.eu\/wp-content\/uploads\/hires-amanprana-logo.jpg","type":"image\/jpeg"}],"author":"Joyce","twitter_card":"summary_large_image","twitter_misc":{"Verfasst von":"Joyce","Gesch\u00e4tzte Lesezeit":"3\u00a0Minuten"},"schema":{"@context":"https:\/\/schema.org","@graph":[{"@type":"Article","@id":"https:\/\/www.amanprana.eu\/de\/inspiration\/koerperpflege\/kokosoel-und-diverse-aetherische-oele-von-kraeutern-sind-ideale-inhaltsstoffe\/#article","isPartOf":{"@id":"https:\/\/www.amanprana.eu\/de\/inspiration\/koerperpflege\/kokosoel-und-diverse-aetherische-oele-von-kraeutern-sind-ideale-inhaltsstoffe\/"},"author":{"name":"Joyce","@id":"https:\/\/www.amanprana.eu\/de\/#\/schema\/person\/25bfe000374cd97b7846ff45e20337d2"},"headline":"Kokos\u00f6l und diverse \u00e4therische \u00d6le von Kr\u00e4utern sind ideale Inhaltsstoffe","datePublished":"2019-01-24T09:49:10+00:00","dateModified":"2021-01-14T11:59:18+00:00","mainEntityOfPage":{"@id":"https:\/\/www.amanprana.eu\/de\/inspiration\/koerperpflege\/kokosoel-und-diverse-aetherische-oele-von-kraeutern-sind-ideale-inhaltsstoffe\/"},"wordCount":650,"publisher":{"@id":"https:\/\/www.amanprana.eu\/de\/#organization"},"articleSection":["Inspiration","K\u00f6rperpflege"],"inLanguage":"de"},{"@type":"WebPage","@id":"https:\/\/www.amanprana.eu\/de\/inspiration\/koerperpflege\/kokosoel-und-diverse-aetherische-oele-von-kraeutern-sind-ideale-inhaltsstoffe\/","url":"https:\/\/www.amanprana.eu\/de\/inspiration\/koerperpflege\/kokosoel-und-diverse-aetherische-oele-von-kraeutern-sind-ideale-inhaltsstoffe\/","name":"Kokos\u00f6l und diverse \u00e4therische \u00d6le von Kr\u00e4utern sind ideale Inhaltsstoffe - Amanprana","isPartOf":{"@id":"https:\/\/www.amanprana.eu\/de\/#website"},"datePublished":"2019-01-24T09:49:10+00:00","dateModified":"2021-01-14T11:59:18+00:00","breadcrumb":{"@id":"https:\/\/www.amanprana.eu\/de\/inspiration\/koerperpflege\/kokosoel-und-diverse-aetherische-oele-von-kraeutern-sind-ideale-inhaltsstoffe\/#breadcrumb"},"inLanguage":"de","potentialAction":[{"@type":"ReadAction","target":["https:\/\/www.amanprana.eu\/de\/inspiration\/koerperpflege\/kokosoel-und-diverse-aetherische-oele-von-kraeutern-sind-ideale-inhaltsstoffe\/"]}]},{"@type":"BreadcrumbList","@id":"https:\/\/www.amanprana.eu\/de\/inspiration\/koerperpflege\/kokosoel-und-diverse-aetherische-oele-von-kraeutern-sind-ideale-inhaltsstoffe\/#breadcrumb","itemListElement":[{"@type":"ListItem","position":1,"name":"Amanprana.eu","item":"https:\/\/www.amanprana.eu\/de\/"},{"@type":"ListItem","position":2,"name":"Inspiration","item":"https:\/\/www.amanprana.eu\/de\/inspiration\/"},{"@type":"ListItem","position":3,"name":"K\u00f6rperpflege","item":"https:\/\/www.amanprana.eu\/de\/inspiration\/koerperpflege\/"},{"@type":"ListItem","position":4,"name":"Kokos\u00f6l und diverse \u00e4therische \u00d6le von Kr\u00e4utern sind ideale Inhaltsstoffe"}]},{"@type":"WebSite","@id":"https:\/\/www.amanprana.eu\/de\/#website","url":"https:\/\/www.amanprana.eu\/de\/","name":"Amanprana","description":"Serene levenskracht","publisher":{"@id":"https:\/\/www.amanprana.eu\/de\/#organization"},"potentialAction":[{"@type":"SearchAction","target":{"@type":"EntryPoint","urlTemplate":"https:\/\/www.amanprana.eu\/de\/?s={search_term_string}"},"query-input":{"@type":"PropertyValueSpecification","valueRequired":true,"valueName":"search_term_string"}}],"inLanguage":"de"},{"@type":"Organization","@id":"https:\/\/www.amanprana.eu\/de\/#organization","name":"Amanprana","url":"https:\/\/www.amanprana.eu\/de\/","logo":{"@type":"ImageObject","inLanguage":"de","@id":"https:\/\/www.amanprana.eu\/de\/#\/schema\/logo\/image\/","url":"https:\/\/www.amanprana.eu\/wp-content\/uploads\/webres-amanprana-logo.jpg","contentUrl":"https:\/\/www.amanprana.eu\/wp-content\/uploads\/webres-amanprana-logo.jpg","width":300,"height":300,"caption":"Amanprana"},"image":{"@id":"https:\/\/www.amanprana.eu\/de\/#\/schema\/logo\/image\/"},"sameAs":["https:\/\/www.facebook.com\/Amanpranaproducts\/","https:\/\/www.instagram.com\/amanprana\/","https:\/\/nl.pinterest.com\/amanprana\/pins\/"]},{"@type":"Person","@id":"https:\/\/www.amanprana.eu\/de\/#\/schema\/person\/25bfe000374cd97b7846ff45e20337d2","name":"Joyce","url":"https:\/\/www.amanprana.eu\/de\/author\/joyce\/"}]}},"multi-rating":{"mr_rating_results":[]},"_links":{"self":[{"href":"https:\/\/www.amanprana.eu\/de\/wp-json\/wp\/v2\/posts\/44291","targetHints":{"allow":["GET"]}}],"collection":[{"href":"https:\/\/www.amanprana.eu\/de\/wp-json\/wp\/v2\/posts"}],"about":[{"href":"https:\/\/www.amanprana.eu\/de\/wp-json\/wp\/v2\/types\/post"}],"author":[{"embeddable":true,"href":"https:\/\/www.amanprana.eu\/de\/wp-json\/wp\/v2\/users\/9"}],"replies":[{"embeddable":true,"href":"https:\/\/www.amanprana.eu\/de\/wp-json\/wp\/v2\/comments?post=44291"}],"version-history":[{"count":1,"href":"https:\/\/www.amanprana.eu\/de\/wp-json\/wp\/v2\/posts\/44291\/revisions"}],"predecessor-version":[{"id":61827,"href":"https:\/\/www.amanprana.eu\/de\/wp-json\/wp\/v2\/posts\/44291\/revisions\/61827"}],"wp:attachment":[{"href":"https:\/\/www.amanprana.eu\/de\/wp-json\/wp\/v2\/media?parent=44291"}],"wp:term":[{"taxonomy":"category","embeddable":true,"href":"https:\/\/www.amanprana.eu\/de\/wp-json\/wp\/v2\/categories?post=44291"},{"taxonomy":"post_tag","embeddable":true,"href":"https:\/\/www.amanprana.eu\/de\/wp-json\/wp\/v2\/tags?post=44291"}],"curies":[{"name":"wp","href":"https:\/\/api.w.org\/{rel}","templated":true}]}}