

{"id":44345,"date":"2019-01-24T14:55:11","date_gmt":"2019-01-24T13:55:11","guid":{"rendered":"https:\/\/www.amanprana.eu\/?p=44345"},"modified":"2021-11-24T14:57:27","modified_gmt":"2021-11-24T13:57:27","slug":"safran-in-der-kueche","status":"publish","type":"post","link":"https:\/\/www.amanprana.eu\/de\/inspiration\/lebensmittel\/safran-in-der-kueche\/","title":{"rendered":"Safran in der K\u00fcche: traditionelle Gerichte mit Safran"},"content":{"rendered":"\n<p>Safran wurde und wird auch in Fischbouillons verwendet. Bei der franz\u00f6sischen Bouillabaisse und dem griechischen Brodetto wird Safran immer noch f\u00fcr die Farbe und den Geschmack verwendet. (Secrets of Saffron, the vagabond life of the world&#8217;s most seductive spice, Pat Willard, Seite 64-66).<\/p>\n\n\n\n<p>Die Mauren brachten Safran nach Spanien, \u00fcber das s\u00fcdliche Andalusien. Unter Einfluss der Mauren wurden die Paella van Vallencia mit Safran zubereitet. Andere Reisgerichte wurden f\u00fcr die Farbe und den Duft mit Safran zubereitet. (Secrets of Saffron, the vagabond life of the world&#8217;s most seductive spice, Pat Willard, Seite 73)<\/p>\n\n\n\n<h2 class=\"wp-block-heading\">Safran in der spanischen K\u00fcche<\/h2>\n\n\n\n<p>Safran ist auch in den spanischen Gerichten Fabado Asturiana (traditionelle Bohnensuppe aus Asturia) und Pot Gallego (Mahlzeitsuppe aus Galicien). Albondigas al azafran, Fleischkl\u00f6\u00dfchen mit Safran aus La Mancha sind als Tapas herrlich beim Drink, genau wie auch die Tortilla Espanola de azafran, ein Kartoffelomelett mit Safran. Und die Sopa de cebolla con azafran, eine besonders leckere Zwiebelsuppe mit Safran, Mandeln und Sherry oder die Montadito de centolla con azafran, ein Br\u00f6tchen mit Krabben und Safran. Die Mojo picron Canario, eine pikante Lauchsauce aus der kanarischen K\u00fcche wird h\u00e4ufig mit Kartoffeln gegessen und die Mejillones al azafran, Muscheln mit Safran sind ein Klassiker in der spanischen K\u00fcche, genau wie die Arroz con azafran (Reisbrei mit Safran). Auch gibt es den Gazpachos Manchegos, ein Schmortopf mit Kaninchen mit Safran aus La Mancha und die Zarzuela de pescado, eine traditionelle spanische Fischpfanne mit Safran. Im spanischen Teruel ist die cr\u00e8me brul\u00e9e mit Safran ber\u00fchmt. <\/p>\n\n\n\n<h2 class=\"wp-block-heading\">Safran in der Weltk\u00fcche<\/h2>\n\n\n\n<p>In der argentinischen und uruguayischen K\u00fcche kennt man die Chimichurri de azafran, eine Sauce und Marinade mit Safran. (Secrets of Saffron, the vagabond life of the world&#8217;s most seductive spice, Pat Willard, Seite 108). In Norditalien und der Schweiz verwendet man den Safran f\u00fcr den Risotto. Safran kann man an Kuchen zuf\u00fcgen, \u2026 er ist herrlich in einem Limonen- oder Zitronenkuchen oder in einem Cornisch Saffran Cake, nach einem Rezept von Mrs. Lena Thomas aus dem Jahre 1971. In Indien ist Safran in sehr vielen Gerichten vorhanden: in Reis, safron noodles, in S\u00fc\u00dfigkeiten, Nachtischen und Eis. Indien verwendet Safran in der Ayurveda und bei religi\u00f6sen Rituellen. In Saudi-Arabien wird der echte arabische Kaffee mit Safran und Kardamom zubereitet.<\/p>\n\n\n\n<h2 class=\"wp-block-heading\">Fiesta de la rosa del azafr\u00e1n<\/h2>\n\n\n\n<p>Am letzten Wochenende der Safranernte feiert man im spanischen Teruel ein gro\u00dfes Safranfest, die &#8218;Fiesta de la rosa del azafran&#8216;. Das Datum \u00e4ndert sich jedes Jahr. Meistens findet das Fest am letzten Wochenende des Monats Oktober statt. Das erste Fest wurde im Jahre 1963 gefeiert. Von Vorspeise bis Nachspeise, alle Gerichte werden mit Safran zubereitet: von Safran-Eiergerichten bis zu Safran-Nachtischen.<\/p>\n\n\n\n<h2 class=\"wp-block-heading\">Tipp f\u00fcr mehr Geschmack, Farbe und Duft mit Safran<\/h2>\n\n\n\n<p>Safran ist wasserl\u00f6slich. Vorzugsweise sollten die Safranf\u00e4den direkt vermahlen werden, um danach 5 &#8211; 30 Minuten in einer Fl\u00fcssigkeit einzuweichen (Wasser, Milch, Tee usw.), um gen\u00fcgend Duft, Geschmack und Farbe abgeben zu k\u00f6nnen. Alkohol und jegliche basische L\u00f6sung sind auch sehr geeignet, um den Duft, die Farbe und den Geschmack von Safran zu seinem Recht kommen zu lassen. Wenn du ganze F\u00e4den verwendest, ohne sie zu vermahlen, wird weniger Duft, Geschmack und Farbe abgegeben.<\/p>\n","protected":false},"excerpt":{"rendered":"<p>Safran wurde und wird auch in Fischbouillons verwendet. Bei der franz\u00f6sischen Bouillabaisse und dem griechischen Brodetto wird Safran immer noch f\u00fcr die Farbe und den Geschmack verwendet. (Secrets of Saffron, &#8230;<\/p>\n","protected":false},"author":34,"featured_media":43647,"comment_status":"closed","ping_status":"closed","sticky":false,"template":"","format":"standard","meta":{"_acf_changed":false,"rating_form_position":"","rating_results_position":"","mr_structured_data_type":"","footnotes":""},"categories":[862,869],"tags":[2906,2907,2908,1096],"class_list":["post-44345","post","type-post","status-publish","format-standard","has-post-thumbnail","hentry","category-lebensmittel","category-inspiration","tag-safran-in-der-kueche","tag-gerichte-mit-safran","tag-safran-vanille","tag-safran"],"acf":[],"yoast_head":"<!-- This site is optimized with the Yoast SEO plugin v24.7 - https:\/\/yoast.com\/wordpress\/plugins\/seo\/ -->\n<title>Safran in der K\u00fcche: traditionelle Gerichte mit Safran - Amanprana<\/title>\n<meta name=\"description\" content=\"Traditionelle Gerichte mit Safran. Die Mauren brachten Safran nach Spanien, \u00fcber das s\u00fcdliche Andalusien. Albondigas al azafran\" \/>\n<meta name=\"robots\" content=\"index, follow, max-snippet:-1, max-image-preview:large, max-video-preview:-1\" \/>\n<link rel=\"canonical\" href=\"https:\/\/www.amanprana.eu\/de\/inspiration\/lebensmittel\/safran-in-der-kueche\/\" \/>\n<meta property=\"og:locale\" content=\"de_DE\" \/>\n<meta property=\"og:type\" content=\"article\" \/>\n<meta property=\"og:title\" content=\"Safran in der K\u00fcche: traditionelle Gerichte mit Safran - Amanprana\" \/>\n<meta property=\"og:description\" content=\"Traditionelle Gerichte mit Safran. Die Mauren brachten Safran nach Spanien, \u00fcber das s\u00fcdliche Andalusien. Albondigas al azafran\" \/>\n<meta property=\"og:url\" content=\"https:\/\/www.amanprana.eu\/de\/inspiration\/lebensmittel\/safran-in-der-kueche\/\" \/>\n<meta property=\"og:site_name\" content=\"Amanprana\" \/>\n<meta property=\"article:publisher\" content=\"https:\/\/www.facebook.com\/Amanpranaproducts\/\" \/>\n<meta property=\"article:published_time\" content=\"2019-01-24T13:55:11+00:00\" \/>\n<meta property=\"article:modified_time\" content=\"2021-11-24T13:57:27+00:00\" \/>\n<meta property=\"og:image\" content=\"https:\/\/www.amanprana.eu\/wp-content\/uploads\/saffron-2835249_1280.jpg\" \/>\n\t<meta property=\"og:image:width\" content=\"1200\" \/>\n\t<meta property=\"og:image:height\" content=\"675\" \/>\n\t<meta property=\"og:image:type\" content=\"image\/jpeg\" \/>\n<meta name=\"author\" content=\"Redacteur\" \/>\n<meta name=\"twitter:card\" content=\"summary_large_image\" \/>\n<meta name=\"twitter:label1\" content=\"Verfasst von\" \/>\n\t<meta name=\"twitter:data1\" content=\"Redacteur\" \/>\n\t<meta name=\"twitter:label2\" content=\"Gesch\u00e4tzte Lesezeit\" \/>\n\t<meta name=\"twitter:data2\" content=\"3\u00a0Minuten\" \/>\n<script type=\"application\/ld+json\" class=\"yoast-schema-graph\">{\"@context\":\"https:\/\/schema.org\",\"@graph\":[{\"@type\":\"Article\",\"@id\":\"https:\/\/www.amanprana.eu\/de\/inspiration\/lebensmittel\/safran-in-der-kueche\/#article\",\"isPartOf\":{\"@id\":\"https:\/\/www.amanprana.eu\/de\/inspiration\/lebensmittel\/safran-in-der-kueche\/\"},\"author\":{\"name\":\"Redacteur\",\"@id\":\"https:\/\/www.amanprana.eu\/de\/#\/schema\/person\/5238b833f5a1fdbc388316cb318c31d7\"},\"headline\":\"Safran in der K\u00fcche: traditionelle Gerichte mit Safran\",\"datePublished\":\"2019-01-24T13:55:11+00:00\",\"dateModified\":\"2021-11-24T13:57:27+00:00\",\"mainEntityOfPage\":{\"@id\":\"https:\/\/www.amanprana.eu\/de\/inspiration\/lebensmittel\/safran-in-der-kueche\/\"},\"wordCount\":551,\"publisher\":{\"@id\":\"https:\/\/www.amanprana.eu\/de\/#organization\"},\"image\":{\"@id\":\"https:\/\/www.amanprana.eu\/de\/inspiration\/lebensmittel\/safran-in-der-kueche\/#primaryimage\"},\"thumbnailUrl\":\"https:\/\/www.amanprana.eu\/wp-content\/uploads\/saffron-2835249_1280.jpg\",\"keywords\":[\"Safran in der K\u00fcche\",\"Gerichte mit Safran\",\"Safran &amp; Vanille\",\"Safran\"],\"articleSection\":[\"Lebensmittel\",\"Inspiration\"],\"inLanguage\":\"de\"},{\"@type\":\"WebPage\",\"@id\":\"https:\/\/www.amanprana.eu\/de\/inspiration\/lebensmittel\/safran-in-der-kueche\/\",\"url\":\"https:\/\/www.amanprana.eu\/de\/inspiration\/lebensmittel\/safran-in-der-kueche\/\",\"name\":\"Safran in der K\u00fcche: traditionelle Gerichte mit Safran - Amanprana\",\"isPartOf\":{\"@id\":\"https:\/\/www.amanprana.eu\/de\/#website\"},\"primaryImageOfPage\":{\"@id\":\"https:\/\/www.amanprana.eu\/de\/inspiration\/lebensmittel\/safran-in-der-kueche\/#primaryimage\"},\"image\":{\"@id\":\"https:\/\/www.amanprana.eu\/de\/inspiration\/lebensmittel\/safran-in-der-kueche\/#primaryimage\"},\"thumbnailUrl\":\"https:\/\/www.amanprana.eu\/wp-content\/uploads\/saffron-2835249_1280.jpg\",\"datePublished\":\"2019-01-24T13:55:11+00:00\",\"dateModified\":\"2021-11-24T13:57:27+00:00\",\"description\":\"Traditionelle Gerichte mit Safran. Die Mauren brachten Safran nach Spanien, \u00fcber das s\u00fcdliche Andalusien. Albondigas al azafran\",\"breadcrumb\":{\"@id\":\"https:\/\/www.amanprana.eu\/de\/inspiration\/lebensmittel\/safran-in-der-kueche\/#breadcrumb\"},\"inLanguage\":\"de\",\"potentialAction\":[{\"@type\":\"ReadAction\",\"target\":[\"https:\/\/www.amanprana.eu\/de\/inspiration\/lebensmittel\/safran-in-der-kueche\/\"]}]},{\"@type\":\"ImageObject\",\"inLanguage\":\"de\",\"@id\":\"https:\/\/www.amanprana.eu\/de\/inspiration\/lebensmittel\/safran-in-der-kueche\/#primaryimage\",\"url\":\"https:\/\/www.amanprana.eu\/wp-content\/uploads\/saffron-2835249_1280.jpg\",\"contentUrl\":\"https:\/\/www.amanprana.eu\/wp-content\/uploads\/saffron-2835249_1280.jpg\",\"width\":1200,\"height\":675,\"caption\":\"Safran ist kostbar\"},{\"@type\":\"BreadcrumbList\",\"@id\":\"https:\/\/www.amanprana.eu\/de\/inspiration\/lebensmittel\/safran-in-der-kueche\/#breadcrumb\",\"itemListElement\":[{\"@type\":\"ListItem\",\"position\":1,\"name\":\"Amanprana.eu\",\"item\":\"https:\/\/www.amanprana.eu\/de\/\"},{\"@type\":\"ListItem\",\"position\":2,\"name\":\"Inspiration\",\"item\":\"https:\/\/www.amanprana.eu\/de\/inspiration\/\"},{\"@type\":\"ListItem\",\"position\":3,\"name\":\"Lebensmittel\",\"item\":\"https:\/\/www.amanprana.eu\/de\/inspiration\/lebensmittel\/\"},{\"@type\":\"ListItem\",\"position\":4,\"name\":\"Safran in der K\u00fcche: traditionelle Gerichte mit Safran\"}]},{\"@type\":\"WebSite\",\"@id\":\"https:\/\/www.amanprana.eu\/de\/#website\",\"url\":\"https:\/\/www.amanprana.eu\/de\/\",\"name\":\"Amanprana\",\"description\":\"Serene levenskracht\",\"publisher\":{\"@id\":\"https:\/\/www.amanprana.eu\/de\/#organization\"},\"potentialAction\":[{\"@type\":\"SearchAction\",\"target\":{\"@type\":\"EntryPoint\",\"urlTemplate\":\"https:\/\/www.amanprana.eu\/de\/?s={search_term_string}\"},\"query-input\":{\"@type\":\"PropertyValueSpecification\",\"valueRequired\":true,\"valueName\":\"search_term_string\"}}],\"inLanguage\":\"de\"},{\"@type\":\"Organization\",\"@id\":\"https:\/\/www.amanprana.eu\/de\/#organization\",\"name\":\"Amanprana\",\"url\":\"https:\/\/www.amanprana.eu\/de\/\",\"logo\":{\"@type\":\"ImageObject\",\"inLanguage\":\"de\",\"@id\":\"https:\/\/www.amanprana.eu\/de\/#\/schema\/logo\/image\/\",\"url\":\"https:\/\/www.amanprana.eu\/wp-content\/uploads\/webres-amanprana-logo.jpg\",\"contentUrl\":\"https:\/\/www.amanprana.eu\/wp-content\/uploads\/webres-amanprana-logo.jpg\",\"width\":300,\"height\":300,\"caption\":\"Amanprana\"},\"image\":{\"@id\":\"https:\/\/www.amanprana.eu\/de\/#\/schema\/logo\/image\/\"},\"sameAs\":[\"https:\/\/www.facebook.com\/Amanpranaproducts\/\",\"https:\/\/www.instagram.com\/amanprana\/\",\"https:\/\/nl.pinterest.com\/amanprana\/pins\/\"]},{\"@type\":\"Person\",\"@id\":\"https:\/\/www.amanprana.eu\/de\/#\/schema\/person\/5238b833f5a1fdbc388316cb318c31d7\",\"name\":\"Redacteur\",\"url\":\"https:\/\/www.amanprana.eu\/de\/author\/redacteur\/\"}]}<\/script>\n<!-- \/ Yoast SEO plugin. -->","yoast_head_json":{"title":"Safran in der K\u00fcche: traditionelle Gerichte mit Safran - Amanprana","description":"Traditionelle Gerichte mit Safran. Die Mauren brachten Safran nach Spanien, \u00fcber das s\u00fcdliche Andalusien. Albondigas al azafran","robots":{"index":"index","follow":"follow","max-snippet":"max-snippet:-1","max-image-preview":"max-image-preview:large","max-video-preview":"max-video-preview:-1"},"canonical":"https:\/\/www.amanprana.eu\/de\/inspiration\/lebensmittel\/safran-in-der-kueche\/","og_locale":"de_DE","og_type":"article","og_title":"Safran in der K\u00fcche: traditionelle Gerichte mit Safran - Amanprana","og_description":"Traditionelle Gerichte mit Safran. Die Mauren brachten Safran nach Spanien, \u00fcber das s\u00fcdliche Andalusien. Albondigas al azafran","og_url":"https:\/\/www.amanprana.eu\/de\/inspiration\/lebensmittel\/safran-in-der-kueche\/","og_site_name":"Amanprana","article_publisher":"https:\/\/www.facebook.com\/Amanpranaproducts\/","article_published_time":"2019-01-24T13:55:11+00:00","article_modified_time":"2021-11-24T13:57:27+00:00","og_image":[{"width":1200,"height":675,"url":"https:\/\/www.amanprana.eu\/wp-content\/uploads\/saffron-2835249_1280.jpg","type":"image\/jpeg"}],"author":"Redacteur","twitter_card":"summary_large_image","twitter_misc":{"Verfasst von":"Redacteur","Gesch\u00e4tzte Lesezeit":"3\u00a0Minuten"},"schema":{"@context":"https:\/\/schema.org","@graph":[{"@type":"Article","@id":"https:\/\/www.amanprana.eu\/de\/inspiration\/lebensmittel\/safran-in-der-kueche\/#article","isPartOf":{"@id":"https:\/\/www.amanprana.eu\/de\/inspiration\/lebensmittel\/safran-in-der-kueche\/"},"author":{"name":"Redacteur","@id":"https:\/\/www.amanprana.eu\/de\/#\/schema\/person\/5238b833f5a1fdbc388316cb318c31d7"},"headline":"Safran in der K\u00fcche: traditionelle Gerichte mit Safran","datePublished":"2019-01-24T13:55:11+00:00","dateModified":"2021-11-24T13:57:27+00:00","mainEntityOfPage":{"@id":"https:\/\/www.amanprana.eu\/de\/inspiration\/lebensmittel\/safran-in-der-kueche\/"},"wordCount":551,"publisher":{"@id":"https:\/\/www.amanprana.eu\/de\/#organization"},"image":{"@id":"https:\/\/www.amanprana.eu\/de\/inspiration\/lebensmittel\/safran-in-der-kueche\/#primaryimage"},"thumbnailUrl":"https:\/\/www.amanprana.eu\/wp-content\/uploads\/saffron-2835249_1280.jpg","keywords":["Safran in der K\u00fcche","Gerichte mit Safran","Safran &amp; Vanille","Safran"],"articleSection":["Lebensmittel","Inspiration"],"inLanguage":"de"},{"@type":"WebPage","@id":"https:\/\/www.amanprana.eu\/de\/inspiration\/lebensmittel\/safran-in-der-kueche\/","url":"https:\/\/www.amanprana.eu\/de\/inspiration\/lebensmittel\/safran-in-der-kueche\/","name":"Safran in der K\u00fcche: traditionelle Gerichte mit Safran - Amanprana","isPartOf":{"@id":"https:\/\/www.amanprana.eu\/de\/#website"},"primaryImageOfPage":{"@id":"https:\/\/www.amanprana.eu\/de\/inspiration\/lebensmittel\/safran-in-der-kueche\/#primaryimage"},"image":{"@id":"https:\/\/www.amanprana.eu\/de\/inspiration\/lebensmittel\/safran-in-der-kueche\/#primaryimage"},"thumbnailUrl":"https:\/\/www.amanprana.eu\/wp-content\/uploads\/saffron-2835249_1280.jpg","datePublished":"2019-01-24T13:55:11+00:00","dateModified":"2021-11-24T13:57:27+00:00","description":"Traditionelle Gerichte mit Safran. Die Mauren brachten Safran nach Spanien, \u00fcber das s\u00fcdliche Andalusien. Albondigas al azafran","breadcrumb":{"@id":"https:\/\/www.amanprana.eu\/de\/inspiration\/lebensmittel\/safran-in-der-kueche\/#breadcrumb"},"inLanguage":"de","potentialAction":[{"@type":"ReadAction","target":["https:\/\/www.amanprana.eu\/de\/inspiration\/lebensmittel\/safran-in-der-kueche\/"]}]},{"@type":"ImageObject","inLanguage":"de","@id":"https:\/\/www.amanprana.eu\/de\/inspiration\/lebensmittel\/safran-in-der-kueche\/#primaryimage","url":"https:\/\/www.amanprana.eu\/wp-content\/uploads\/saffron-2835249_1280.jpg","contentUrl":"https:\/\/www.amanprana.eu\/wp-content\/uploads\/saffron-2835249_1280.jpg","width":1200,"height":675,"caption":"Safran ist kostbar"},{"@type":"BreadcrumbList","@id":"https:\/\/www.amanprana.eu\/de\/inspiration\/lebensmittel\/safran-in-der-kueche\/#breadcrumb","itemListElement":[{"@type":"ListItem","position":1,"name":"Amanprana.eu","item":"https:\/\/www.amanprana.eu\/de\/"},{"@type":"ListItem","position":2,"name":"Inspiration","item":"https:\/\/www.amanprana.eu\/de\/inspiration\/"},{"@type":"ListItem","position":3,"name":"Lebensmittel","item":"https:\/\/www.amanprana.eu\/de\/inspiration\/lebensmittel\/"},{"@type":"ListItem","position":4,"name":"Safran in der K\u00fcche: traditionelle Gerichte mit Safran"}]},{"@type":"WebSite","@id":"https:\/\/www.amanprana.eu\/de\/#website","url":"https:\/\/www.amanprana.eu\/de\/","name":"Amanprana","description":"Serene levenskracht","publisher":{"@id":"https:\/\/www.amanprana.eu\/de\/#organization"},"potentialAction":[{"@type":"SearchAction","target":{"@type":"EntryPoint","urlTemplate":"https:\/\/www.amanprana.eu\/de\/?s={search_term_string}"},"query-input":{"@type":"PropertyValueSpecification","valueRequired":true,"valueName":"search_term_string"}}],"inLanguage":"de"},{"@type":"Organization","@id":"https:\/\/www.amanprana.eu\/de\/#organization","name":"Amanprana","url":"https:\/\/www.amanprana.eu\/de\/","logo":{"@type":"ImageObject","inLanguage":"de","@id":"https:\/\/www.amanprana.eu\/de\/#\/schema\/logo\/image\/","url":"https:\/\/www.amanprana.eu\/wp-content\/uploads\/webres-amanprana-logo.jpg","contentUrl":"https:\/\/www.amanprana.eu\/wp-content\/uploads\/webres-amanprana-logo.jpg","width":300,"height":300,"caption":"Amanprana"},"image":{"@id":"https:\/\/www.amanprana.eu\/de\/#\/schema\/logo\/image\/"},"sameAs":["https:\/\/www.facebook.com\/Amanpranaproducts\/","https:\/\/www.instagram.com\/amanprana\/","https:\/\/nl.pinterest.com\/amanprana\/pins\/"]},{"@type":"Person","@id":"https:\/\/www.amanprana.eu\/de\/#\/schema\/person\/5238b833f5a1fdbc388316cb318c31d7","name":"Redacteur","url":"https:\/\/www.amanprana.eu\/de\/author\/redacteur\/"}]}},"multi-rating":{"mr_rating_results":[]},"_links":{"self":[{"href":"https:\/\/www.amanprana.eu\/de\/wp-json\/wp\/v2\/posts\/44345","targetHints":{"allow":["GET"]}}],"collection":[{"href":"https:\/\/www.amanprana.eu\/de\/wp-json\/wp\/v2\/posts"}],"about":[{"href":"https:\/\/www.amanprana.eu\/de\/wp-json\/wp\/v2\/types\/post"}],"author":[{"embeddable":true,"href":"https:\/\/www.amanprana.eu\/de\/wp-json\/wp\/v2\/users\/34"}],"replies":[{"embeddable":true,"href":"https:\/\/www.amanprana.eu\/de\/wp-json\/wp\/v2\/comments?post=44345"}],"version-history":[{"count":3,"href":"https:\/\/www.amanprana.eu\/de\/wp-json\/wp\/v2\/posts\/44345\/revisions"}],"predecessor-version":[{"id":69759,"href":"https:\/\/www.amanprana.eu\/de\/wp-json\/wp\/v2\/posts\/44345\/revisions\/69759"}],"wp:featuredmedia":[{"embeddable":true,"href":"https:\/\/www.amanprana.eu\/de\/wp-json\/wp\/v2\/media\/43647"}],"wp:attachment":[{"href":"https:\/\/www.amanprana.eu\/de\/wp-json\/wp\/v2\/media?parent=44345"}],"wp:term":[{"taxonomy":"category","embeddable":true,"href":"https:\/\/www.amanprana.eu\/de\/wp-json\/wp\/v2\/categories?post=44345"},{"taxonomy":"post_tag","embeddable":true,"href":"https:\/\/www.amanprana.eu\/de\/wp-json\/wp\/v2\/tags?post=44345"}],"curies":[{"name":"wp","href":"https:\/\/api.w.org\/{rel}","templated":true}]}}