

{"id":44389,"date":"2019-01-29T10:21:26","date_gmt":"2019-01-29T09:21:26","guid":{"rendered":"https:\/\/www.amanprana.eu\/?p=44389"},"modified":"2021-11-26T10:30:00","modified_gmt":"2021-11-26T09:30:00","slug":"schlafen-sie-schlecht","status":"publish","type":"post","link":"https:\/\/www.amanprana.eu\/de\/inspiration\/koerperpflege\/schlafen-sie-schlecht\/","title":{"rendered":"Schlafen Sie schlecht?"},"content":{"rendered":"\n<p><strong>Atmung und Melatonin sind der goldene Schl\u00fcssel zu besserem Schlaf<\/strong><\/p>\n\n\n\n<p>Ein Drittel Ihres Lebens verbringen Sie im Bett. Das sind durchschnittlich ungef\u00e4hr acht Stunden pro Nacht. Je j\u00fcnger Sie sind, desto mehr Schlaf haben Sie n\u00f6tig. Je \u00e4lter Sie werden, umso weniger schlafen Sie beziehungsweise umso weniger k\u00f6nnen Sie schlafen. Wieviel Schlaf jemand ben\u00f6tigt, hangt stark von Person zu Person ab. Es ist umso sch\u00f6ner, wenn die Anzahl Stunden, die Sie schlafen, sich tats\u00e4chlich deckt mit Ihrem Schlafbed\u00fcrfnis.<\/p>\n\n\n\n<p>Schlecht schlafen? Wenn Sie aber nicht gen\u00fcgend Schlaf bekommen, ist das eine andere Geschichte. Wenn jemand w\u00e4hrend eines Monats schlecht schlaft und dadurch tags\u00fcber schlechter funktioniert, spricht man offiziell von einer Schlafst\u00f6rung. Lustlosigkeit, keine Energie, Konzentrationsprobleme und Reizbarkeit sind die Folgen davon.<\/p>\n\n\n\n<h2 class=\"wp-block-heading\">Melatonin und Ihre biologische Uhr schenken Ihrem K\u00f6rper Ruhe und Sauerstoff<\/h2>\n\n\n\n<p>Eine ruhige Atmung, Versorgung mit Sauerstoff bis in die tiefen Ihres K\u00f6rpers, und einen Helfer zur Hand haben der Ihre Kehle \u00f6ffnet \u2013 eine gute Kombination und ein guter Start in die Nacht. Es ist jedoch ebenso wichtig, dass Sie auf Ihre biologische Uhr h\u00f6ren. Denn wenn es dunkel wird, beginnt Ihr K\u00f6rper mit der Produktion von Melatonin.<\/p>\n\n\n\n<p>Melatonin wird auch Schlafhormon genannt, weil es unser Tag- und Nachtrhythmus regelt. Es sorgt daf\u00fcr, dass unsere K\u00f6rpertemperatur sinkt und wir schl\u00e4frig weren und in Schlaf fallen. Sobald die ersten Sonnenstrahlen am n\u00e4chsten Morgen durch die Fenster scheinen, stoppt unser K\u00f6rper mit der Produktion von Melatonin. Heutzutage liegen wir jedoch mehr und mehr mit unserem Tablet oder Smartphone im Bett oder schauen wir noch bis sp\u00e4t in die Nacht fern, was dazu f\u00fchrt, dass die Melatonin-Produktion durch den Licht\u00fcberdruss erschwert wird. Versuchen Sie daher, so viel wie m\u00f6glich auf elektronische Gadgets zu verzichten \u2013 mindestens eine Stunde bevor Sie zu Bett gehen.<\/p>\n\n\n\n<p>Eine gesunde Melatonin-Produktion schenkt Ihrem K\u00f6rper Ruhe. Rechtzeitig schlafen gehen, Ihre Atemwege so gut es geht freihalten \u2013 und dann auf das \u201eSandm\u00e4nnchen\u201c warten.<\/p>\n\n\n\n<h2 class=\"wp-block-heading\">Schlafprobleme und Schlaflosigkeit: halten Sie dagegen mit einer tiefen Atmung und sorgen Sie f\u00fcr eine gute Sauerstoffaufnahme<\/h2>\n\n\n\n<p>Gesunder Schlaf besteht aus mehreren Schlafphasen in einer festen Reihenfolge. Die Schlafphasen zusammen bilden einen Schlafzyklus. W\u00e4hren einer Nacht k\u00e4mpfen Sie sich durch mehrere, aufeinanderfolgende Schlafzyklen. Sie beginnen mit der \u00dcbergangsphase zwischen Wachsein und Schlafen. Daraufhin folgt eine Phase in der Sie in einen tieferen Schlaf fallen, gefolgt durch eine Tiefschlafphase. Diese drei Phasen geh\u00f6ren zum sogenannten non-REM-Schlaf.<\/p>\n\n\n\n<p>Danach beginnt die REM-Schlafphase, in der man tr\u00e4umt und das Gehirn extrem aktiv ist. In den kommenden Schlafstunden wiederholt sich dieser Schlafzyklus vier bis f\u00fcnf Mal. Je nachdem wie Sie die einzelnen Schlafphasen und \u2013Zyklen durchstehen, stehen Sie den folgenden Morgen entspannt oder \u00fcberm\u00fcdet auf.<\/p>\n","protected":false},"excerpt":{"rendered":"<p>Atmung und Melatonin sind der goldene Schl\u00fcssel zu besserem Schlaf Ein Drittel Ihres Lebens verbringen Sie im Bett. Das sind durchschnittlich ungef\u00e4hr acht Stunden pro Nacht. Je j\u00fcnger Sie sind, &#8230;<\/p>\n","protected":false},"author":9,"featured_media":44398,"comment_status":"closed","ping_status":"closed","sticky":false,"template":"","format":"standard","meta":{"_acf_changed":false,"rating_form_position":"","rating_results_position":"","mr_structured_data_type":"","footnotes":""},"categories":[869,861],"tags":[3066,3067,3068,2581],"class_list":["post-44389","post","type-post","status-publish","format-standard","has-post-thumbnail","hentry","category-inspiration","category-koerperpflege","tag-rudolf-3","tag-essentielle-oele","tag-schlafen","tag-atem-frei-de"],"acf":[],"yoast_head":"<!-- This site is optimized with the Yoast SEO plugin v24.7 - https:\/\/yoast.com\/wordpress\/plugins\/seo\/ -->\n<title>Schlecht schlafen? Was ist die Ursache? Atmung und Melatonin.<\/title>\n<meta name=\"description\" content=\"Ein Drittel Ihres Lebens verbringen Sie im Bett. Sie m\u00f6chten auch w\u00e4hrend dieser Stunden eine qualitativ hochwertige Erholung.\" \/>\n<meta name=\"robots\" content=\"index, follow, max-snippet:-1, max-image-preview:large, max-video-preview:-1\" \/>\n<link rel=\"canonical\" href=\"https:\/\/www.amanprana.eu\/de\/inspiration\/koerperpflege\/schlafen-sie-schlecht\/\" \/>\n<meta property=\"og:locale\" content=\"de_DE\" \/>\n<meta property=\"og:type\" content=\"article\" \/>\n<meta property=\"og:title\" content=\"Schlecht schlafen? Was ist die Ursache? Atmung und Melatonin.\" \/>\n<meta property=\"og:description\" content=\"Ein Drittel Ihres Lebens verbringen Sie im Bett. Sie m\u00f6chten auch w\u00e4hrend dieser Stunden eine qualitativ hochwertige Erholung.\" \/>\n<meta property=\"og:url\" content=\"https:\/\/www.amanprana.eu\/de\/inspiration\/koerperpflege\/schlafen-sie-schlecht\/\" \/>\n<meta property=\"og:site_name\" content=\"Amanprana\" \/>\n<meta property=\"article:publisher\" content=\"https:\/\/www.facebook.com\/Amanpranaproducts\/\" \/>\n<meta property=\"article:published_time\" content=\"2019-01-29T09:21:26+00:00\" \/>\n<meta property=\"article:modified_time\" content=\"2021-11-26T09:30:00+00:00\" \/>\n<meta property=\"og:image\" content=\"https:\/\/www.amanprana.eu\/wp-content\/uploads\/Rudolf-helpt-bij-slecht-slapen.jpg\" \/>\n\t<meta property=\"og:image:width\" content=\"900\" \/>\n\t<meta property=\"og:image:height\" content=\"444\" \/>\n\t<meta property=\"og:image:type\" content=\"image\/jpeg\" \/>\n<meta name=\"author\" content=\"Joyce\" \/>\n<meta name=\"twitter:card\" content=\"summary_large_image\" \/>\n<meta name=\"twitter:label1\" content=\"Verfasst von\" \/>\n\t<meta name=\"twitter:data1\" content=\"Joyce\" \/>\n\t<meta name=\"twitter:label2\" content=\"Gesch\u00e4tzte Lesezeit\" \/>\n\t<meta name=\"twitter:data2\" content=\"2\u00a0Minuten\" \/>\n<script type=\"application\/ld+json\" class=\"yoast-schema-graph\">{\"@context\":\"https:\/\/schema.org\",\"@graph\":[{\"@type\":\"Article\",\"@id\":\"https:\/\/www.amanprana.eu\/de\/inspiration\/koerperpflege\/schlafen-sie-schlecht\/#article\",\"isPartOf\":{\"@id\":\"https:\/\/www.amanprana.eu\/de\/inspiration\/koerperpflege\/schlafen-sie-schlecht\/\"},\"author\":{\"name\":\"Joyce\",\"@id\":\"https:\/\/www.amanprana.eu\/de\/#\/schema\/person\/25bfe000374cd97b7846ff45e20337d2\"},\"headline\":\"Schlafen Sie schlecht?\",\"datePublished\":\"2019-01-29T09:21:26+00:00\",\"dateModified\":\"2021-11-26T09:30:00+00:00\",\"mainEntityOfPage\":{\"@id\":\"https:\/\/www.amanprana.eu\/de\/inspiration\/koerperpflege\/schlafen-sie-schlecht\/\"},\"wordCount\":470,\"publisher\":{\"@id\":\"https:\/\/www.amanprana.eu\/de\/#organization\"},\"image\":{\"@id\":\"https:\/\/www.amanprana.eu\/de\/inspiration\/koerperpflege\/schlafen-sie-schlecht\/#primaryimage\"},\"thumbnailUrl\":\"https:\/\/www.amanprana.eu\/wp-content\/uploads\/Rudolf-helpt-bij-slecht-slapen.jpg\",\"keywords\":[\"Rudolf\",\"essentielle \u00d6le\",\"schlafen\",\"atem frei\"],\"articleSection\":[\"Inspiration\",\"K\u00f6rperpflege\"],\"inLanguage\":\"de\"},{\"@type\":\"WebPage\",\"@id\":\"https:\/\/www.amanprana.eu\/de\/inspiration\/koerperpflege\/schlafen-sie-schlecht\/\",\"url\":\"https:\/\/www.amanprana.eu\/de\/inspiration\/koerperpflege\/schlafen-sie-schlecht\/\",\"name\":\"Schlecht schlafen? Was ist die Ursache? Atmung und Melatonin.\",\"isPartOf\":{\"@id\":\"https:\/\/www.amanprana.eu\/de\/#website\"},\"primaryImageOfPage\":{\"@id\":\"https:\/\/www.amanprana.eu\/de\/inspiration\/koerperpflege\/schlafen-sie-schlecht\/#primaryimage\"},\"image\":{\"@id\":\"https:\/\/www.amanprana.eu\/de\/inspiration\/koerperpflege\/schlafen-sie-schlecht\/#primaryimage\"},\"thumbnailUrl\":\"https:\/\/www.amanprana.eu\/wp-content\/uploads\/Rudolf-helpt-bij-slecht-slapen.jpg\",\"datePublished\":\"2019-01-29T09:21:26+00:00\",\"dateModified\":\"2021-11-26T09:30:00+00:00\",\"description\":\"Ein Drittel Ihres Lebens verbringen Sie im Bett. Sie m\u00f6chten auch w\u00e4hrend dieser Stunden eine qualitativ hochwertige Erholung.\",\"breadcrumb\":{\"@id\":\"https:\/\/www.amanprana.eu\/de\/inspiration\/koerperpflege\/schlafen-sie-schlecht\/#breadcrumb\"},\"inLanguage\":\"de\",\"potentialAction\":[{\"@type\":\"ReadAction\",\"target\":[\"https:\/\/www.amanprana.eu\/de\/inspiration\/koerperpflege\/schlafen-sie-schlecht\/\"]}]},{\"@type\":\"ImageObject\",\"inLanguage\":\"de\",\"@id\":\"https:\/\/www.amanprana.eu\/de\/inspiration\/koerperpflege\/schlafen-sie-schlecht\/#primaryimage\",\"url\":\"https:\/\/www.amanprana.eu\/wp-content\/uploads\/Rudolf-helpt-bij-slecht-slapen.jpg\",\"contentUrl\":\"https:\/\/www.amanprana.eu\/wp-content\/uploads\/Rudolf-helpt-bij-slecht-slapen.jpg\",\"width\":900,\"height\":444,\"caption\":\"Rudolf Atemfrei hilft bei schlechtem Schlaf\"},{\"@type\":\"BreadcrumbList\",\"@id\":\"https:\/\/www.amanprana.eu\/de\/inspiration\/koerperpflege\/schlafen-sie-schlecht\/#breadcrumb\",\"itemListElement\":[{\"@type\":\"ListItem\",\"position\":1,\"name\":\"Amanprana.eu\",\"item\":\"https:\/\/www.amanprana.eu\/de\/\"},{\"@type\":\"ListItem\",\"position\":2,\"name\":\"Inspiration\",\"item\":\"https:\/\/www.amanprana.eu\/de\/inspiration\/\"},{\"@type\":\"ListItem\",\"position\":3,\"name\":\"K\u00f6rperpflege\",\"item\":\"https:\/\/www.amanprana.eu\/de\/inspiration\/koerperpflege\/\"},{\"@type\":\"ListItem\",\"position\":4,\"name\":\"Schlafen Sie schlecht?\"}]},{\"@type\":\"WebSite\",\"@id\":\"https:\/\/www.amanprana.eu\/de\/#website\",\"url\":\"https:\/\/www.amanprana.eu\/de\/\",\"name\":\"Amanprana\",\"description\":\"Serene levenskracht\",\"publisher\":{\"@id\":\"https:\/\/www.amanprana.eu\/de\/#organization\"},\"potentialAction\":[{\"@type\":\"SearchAction\",\"target\":{\"@type\":\"EntryPoint\",\"urlTemplate\":\"https:\/\/www.amanprana.eu\/de\/?s={search_term_string}\"},\"query-input\":{\"@type\":\"PropertyValueSpecification\",\"valueRequired\":true,\"valueName\":\"search_term_string\"}}],\"inLanguage\":\"de\"},{\"@type\":\"Organization\",\"@id\":\"https:\/\/www.amanprana.eu\/de\/#organization\",\"name\":\"Amanprana\",\"url\":\"https:\/\/www.amanprana.eu\/de\/\",\"logo\":{\"@type\":\"ImageObject\",\"inLanguage\":\"de\",\"@id\":\"https:\/\/www.amanprana.eu\/de\/#\/schema\/logo\/image\/\",\"url\":\"https:\/\/www.amanprana.eu\/wp-content\/uploads\/webres-amanprana-logo.jpg\",\"contentUrl\":\"https:\/\/www.amanprana.eu\/wp-content\/uploads\/webres-amanprana-logo.jpg\",\"width\":300,\"height\":300,\"caption\":\"Amanprana\"},\"image\":{\"@id\":\"https:\/\/www.amanprana.eu\/de\/#\/schema\/logo\/image\/\"},\"sameAs\":[\"https:\/\/www.facebook.com\/Amanpranaproducts\/\",\"https:\/\/www.instagram.com\/amanprana\/\",\"https:\/\/nl.pinterest.com\/amanprana\/pins\/\"]},{\"@type\":\"Person\",\"@id\":\"https:\/\/www.amanprana.eu\/de\/#\/schema\/person\/25bfe000374cd97b7846ff45e20337d2\",\"name\":\"Joyce\",\"url\":\"https:\/\/www.amanprana.eu\/de\/author\/joyce\/\"}]}<\/script>\n<!-- \/ Yoast SEO plugin. -->","yoast_head_json":{"title":"Schlecht schlafen? Was ist die Ursache? Atmung und Melatonin.","description":"Ein Drittel Ihres Lebens verbringen Sie im Bett. Sie m\u00f6chten auch w\u00e4hrend dieser Stunden eine qualitativ hochwertige Erholung.","robots":{"index":"index","follow":"follow","max-snippet":"max-snippet:-1","max-image-preview":"max-image-preview:large","max-video-preview":"max-video-preview:-1"},"canonical":"https:\/\/www.amanprana.eu\/de\/inspiration\/koerperpflege\/schlafen-sie-schlecht\/","og_locale":"de_DE","og_type":"article","og_title":"Schlecht schlafen? Was ist die Ursache? Atmung und Melatonin.","og_description":"Ein Drittel Ihres Lebens verbringen Sie im Bett. Sie m\u00f6chten auch w\u00e4hrend dieser Stunden eine qualitativ hochwertige Erholung.","og_url":"https:\/\/www.amanprana.eu\/de\/inspiration\/koerperpflege\/schlafen-sie-schlecht\/","og_site_name":"Amanprana","article_publisher":"https:\/\/www.facebook.com\/Amanpranaproducts\/","article_published_time":"2019-01-29T09:21:26+00:00","article_modified_time":"2021-11-26T09:30:00+00:00","og_image":[{"width":900,"height":444,"url":"https:\/\/www.amanprana.eu\/wp-content\/uploads\/Rudolf-helpt-bij-slecht-slapen.jpg","type":"image\/jpeg"}],"author":"Joyce","twitter_card":"summary_large_image","twitter_misc":{"Verfasst von":"Joyce","Gesch\u00e4tzte Lesezeit":"2\u00a0Minuten"},"schema":{"@context":"https:\/\/schema.org","@graph":[{"@type":"Article","@id":"https:\/\/www.amanprana.eu\/de\/inspiration\/koerperpflege\/schlafen-sie-schlecht\/#article","isPartOf":{"@id":"https:\/\/www.amanprana.eu\/de\/inspiration\/koerperpflege\/schlafen-sie-schlecht\/"},"author":{"name":"Joyce","@id":"https:\/\/www.amanprana.eu\/de\/#\/schema\/person\/25bfe000374cd97b7846ff45e20337d2"},"headline":"Schlafen Sie schlecht?","datePublished":"2019-01-29T09:21:26+00:00","dateModified":"2021-11-26T09:30:00+00:00","mainEntityOfPage":{"@id":"https:\/\/www.amanprana.eu\/de\/inspiration\/koerperpflege\/schlafen-sie-schlecht\/"},"wordCount":470,"publisher":{"@id":"https:\/\/www.amanprana.eu\/de\/#organization"},"image":{"@id":"https:\/\/www.amanprana.eu\/de\/inspiration\/koerperpflege\/schlafen-sie-schlecht\/#primaryimage"},"thumbnailUrl":"https:\/\/www.amanprana.eu\/wp-content\/uploads\/Rudolf-helpt-bij-slecht-slapen.jpg","keywords":["Rudolf","essentielle \u00d6le","schlafen","atem frei"],"articleSection":["Inspiration","K\u00f6rperpflege"],"inLanguage":"de"},{"@type":"WebPage","@id":"https:\/\/www.amanprana.eu\/de\/inspiration\/koerperpflege\/schlafen-sie-schlecht\/","url":"https:\/\/www.amanprana.eu\/de\/inspiration\/koerperpflege\/schlafen-sie-schlecht\/","name":"Schlecht schlafen? Was ist die Ursache? Atmung und Melatonin.","isPartOf":{"@id":"https:\/\/www.amanprana.eu\/de\/#website"},"primaryImageOfPage":{"@id":"https:\/\/www.amanprana.eu\/de\/inspiration\/koerperpflege\/schlafen-sie-schlecht\/#primaryimage"},"image":{"@id":"https:\/\/www.amanprana.eu\/de\/inspiration\/koerperpflege\/schlafen-sie-schlecht\/#primaryimage"},"thumbnailUrl":"https:\/\/www.amanprana.eu\/wp-content\/uploads\/Rudolf-helpt-bij-slecht-slapen.jpg","datePublished":"2019-01-29T09:21:26+00:00","dateModified":"2021-11-26T09:30:00+00:00","description":"Ein Drittel Ihres Lebens verbringen Sie im Bett. Sie m\u00f6chten auch w\u00e4hrend dieser Stunden eine qualitativ hochwertige Erholung.","breadcrumb":{"@id":"https:\/\/www.amanprana.eu\/de\/inspiration\/koerperpflege\/schlafen-sie-schlecht\/#breadcrumb"},"inLanguage":"de","potentialAction":[{"@type":"ReadAction","target":["https:\/\/www.amanprana.eu\/de\/inspiration\/koerperpflege\/schlafen-sie-schlecht\/"]}]},{"@type":"ImageObject","inLanguage":"de","@id":"https:\/\/www.amanprana.eu\/de\/inspiration\/koerperpflege\/schlafen-sie-schlecht\/#primaryimage","url":"https:\/\/www.amanprana.eu\/wp-content\/uploads\/Rudolf-helpt-bij-slecht-slapen.jpg","contentUrl":"https:\/\/www.amanprana.eu\/wp-content\/uploads\/Rudolf-helpt-bij-slecht-slapen.jpg","width":900,"height":444,"caption":"Rudolf Atemfrei hilft bei schlechtem Schlaf"},{"@type":"BreadcrumbList","@id":"https:\/\/www.amanprana.eu\/de\/inspiration\/koerperpflege\/schlafen-sie-schlecht\/#breadcrumb","itemListElement":[{"@type":"ListItem","position":1,"name":"Amanprana.eu","item":"https:\/\/www.amanprana.eu\/de\/"},{"@type":"ListItem","position":2,"name":"Inspiration","item":"https:\/\/www.amanprana.eu\/de\/inspiration\/"},{"@type":"ListItem","position":3,"name":"K\u00f6rperpflege","item":"https:\/\/www.amanprana.eu\/de\/inspiration\/koerperpflege\/"},{"@type":"ListItem","position":4,"name":"Schlafen Sie schlecht?"}]},{"@type":"WebSite","@id":"https:\/\/www.amanprana.eu\/de\/#website","url":"https:\/\/www.amanprana.eu\/de\/","name":"Amanprana","description":"Serene levenskracht","publisher":{"@id":"https:\/\/www.amanprana.eu\/de\/#organization"},"potentialAction":[{"@type":"SearchAction","target":{"@type":"EntryPoint","urlTemplate":"https:\/\/www.amanprana.eu\/de\/?s={search_term_string}"},"query-input":{"@type":"PropertyValueSpecification","valueRequired":true,"valueName":"search_term_string"}}],"inLanguage":"de"},{"@type":"Organization","@id":"https:\/\/www.amanprana.eu\/de\/#organization","name":"Amanprana","url":"https:\/\/www.amanprana.eu\/de\/","logo":{"@type":"ImageObject","inLanguage":"de","@id":"https:\/\/www.amanprana.eu\/de\/#\/schema\/logo\/image\/","url":"https:\/\/www.amanprana.eu\/wp-content\/uploads\/webres-amanprana-logo.jpg","contentUrl":"https:\/\/www.amanprana.eu\/wp-content\/uploads\/webres-amanprana-logo.jpg","width":300,"height":300,"caption":"Amanprana"},"image":{"@id":"https:\/\/www.amanprana.eu\/de\/#\/schema\/logo\/image\/"},"sameAs":["https:\/\/www.facebook.com\/Amanpranaproducts\/","https:\/\/www.instagram.com\/amanprana\/","https:\/\/nl.pinterest.com\/amanprana\/pins\/"]},{"@type":"Person","@id":"https:\/\/www.amanprana.eu\/de\/#\/schema\/person\/25bfe000374cd97b7846ff45e20337d2","name":"Joyce","url":"https:\/\/www.amanprana.eu\/de\/author\/joyce\/"}]}},"multi-rating":{"mr_rating_results":[]},"_links":{"self":[{"href":"https:\/\/www.amanprana.eu\/de\/wp-json\/wp\/v2\/posts\/44389","targetHints":{"allow":["GET"]}}],"collection":[{"href":"https:\/\/www.amanprana.eu\/de\/wp-json\/wp\/v2\/posts"}],"about":[{"href":"https:\/\/www.amanprana.eu\/de\/wp-json\/wp\/v2\/types\/post"}],"author":[{"embeddable":true,"href":"https:\/\/www.amanprana.eu\/de\/wp-json\/wp\/v2\/users\/9"}],"replies":[{"embeddable":true,"href":"https:\/\/www.amanprana.eu\/de\/wp-json\/wp\/v2\/comments?post=44389"}],"version-history":[{"count":4,"href":"https:\/\/www.amanprana.eu\/de\/wp-json\/wp\/v2\/posts\/44389\/revisions"}],"predecessor-version":[{"id":70318,"href":"https:\/\/www.amanprana.eu\/de\/wp-json\/wp\/v2\/posts\/44389\/revisions\/70318"}],"wp:featuredmedia":[{"embeddable":true,"href":"https:\/\/www.amanprana.eu\/de\/wp-json\/wp\/v2\/media\/44398"}],"wp:attachment":[{"href":"https:\/\/www.amanprana.eu\/de\/wp-json\/wp\/v2\/media?parent=44389"}],"wp:term":[{"taxonomy":"category","embeddable":true,"href":"https:\/\/www.amanprana.eu\/de\/wp-json\/wp\/v2\/categories?post=44389"},{"taxonomy":"post_tag","embeddable":true,"href":"https:\/\/www.amanprana.eu\/de\/wp-json\/wp\/v2\/tags?post=44389"}],"curies":[{"name":"wp","href":"https:\/\/api.w.org\/{rel}","templated":true}]}}