

{"id":48948,"date":"2019-07-31T12:06:54","date_gmt":"2019-07-31T10:06:54","guid":{"rendered":"https:\/\/www.amanprana.eu\/neueste-nachrichten\/herkunft-von-amanprana-safran\/"},"modified":"2022-05-09T13:39:49","modified_gmt":"2022-05-09T11:39:49","slug":"herkunft-von-amanprana-safran","status":"publish","type":"post","link":"https:\/\/www.amanprana.eu\/de\/inspiration\/herkunft-von-amanprana-safran\/","title":{"rendered":"Herkunft von Amanprana Safran"},"content":{"rendered":"\n<p>Safran geh\u00f6rt zu den kulturellen, medizinalen und gastronomischen Traditionen vieler L\u00e4nder, einschlie\u00dflich Spanien. Safran wurde vor mehr als 1000 Jahren durch die nordafrikanischen Araber zur spanischen Halbinsel gebracht. Jiloca, ein Ort in der Provinz Teruel, halbwegs zwischen Madrid und Barcelona wurde die auserw\u00e4hlte Region f\u00fcr den Safran. Dort wurde er als Gold der Armen (oro de los pobres) bekannt. Jiloca Safran w\u00e4chst auf einer H\u00f6he von 700 bis 900 meter. Kurze kalte Winter und lange hei\u00dfe Sommer in Jiloca sorgen f\u00fcr den wahrscheinlich besten Safran weltweit.<\/p>\n\n<p><strong>Biologischer Safran von Amanprana kommt nat\u00fcrlich auch aus Jiloca.<\/strong> Slow Food strebt danach, gemeinsam mit dem Safran-Museum, mittels Verkostungen in der Region das Erbgut von Jiloca zu promoten. Amanprana Safran ist Jiloca Safran und biologisch zertifiziert. Verhandelt wird nun die Topqualit\u00e4t der Z\u00fcchter. Amanprana Safran entspricht auch der \u201aArtesania Alimentaria\u2018. Dieses Pr\u00fcfzeichen gilt f\u00fcr traditionsreiche Nahrung, die handwerklich hergestellt wurde.<\/p>\n\n<h2 class=\"wp-block-heading\">Slow Food und Amanprana Jiloca Safran-Anbau<\/h2>\n\n<p>Die Slow Food-Bewegung ist im Jahre 1989 in Italien entstanden. Der Gr\u00fcnder Carlo Petrini wollte uns gegen die Fertigmahlzeiten und das schnelle Leben sch\u00fctzen. Er wollte verhindern, dass die bestehenden gewerblichen und lokalen Produzenten ein Opfer der gro\u00dfen Unternehmen mit industriellen Produktionsverfahren werden. Auch Jos\u00e9 Mar\u00eda, der Z\u00fcchter des Amanprana Safrans, w\u00e4hlt bewusst das Slow Food. Dabei ist Qualit\u00e4t wichtiger als Quantit\u00e4t. Durch die Prinzipien von Slow Food k\u00f6nnen wir einen 100 % nat\u00fcrlichen Safran garantieren.<\/p>\n\n<h3 class=\"wp-block-heading\">Baluarte: Slow Food Safran<\/h3>\n\n<p>Die Slow Food-Organisation analysierte im Jahre 2004 den Jiloca Safran. Durch die enorm gute Qualit\u00e4t und die kleinbetriebliche Produktion schlug Slow Food vor, diesen Safran `baluarte\u00b4 zu nennen (spanisch f\u00fcr Bastion, Pfeiler). Dieser Name bezeichnet eine au\u00dfergew\u00f6hnlich gute Qualit\u00e4t. Slow Food beurteilt die Qualit\u00e4t w\u00e4hrend jeder Produktion und l\u00e4dt die Z\u00fcchter zu den eigenen Messen und anderen Veranstaltungen ein.<\/p>\n","protected":false},"excerpt":{"rendered":"<p>Safran geh\u00f6rt zu den kulturellen, medizinalen und gastronomischen Traditionen vieler L\u00e4nder, einschlie\u00dflich Spanien. Safran wurde vor mehr als 1000 Jahren durch die nordafrikanischen Araber zur spanischen Halbinsel gebracht. Jiloca, ein &#8230;<\/p>\n","protected":false},"author":34,"featured_media":48935,"comment_status":"closed","ping_status":"closed","sticky":false,"template":"","format":"standard","meta":{"_acf_changed":false,"rating_form_position":"","rating_results_position":"","mr_structured_data_type":"","footnotes":""},"categories":[862,869],"tags":[2696,1098,1097,1096,1099],"class_list":["post-48948","post","type-post","status-publish","format-standard","has-post-thumbnail","hentry","category-lebensmittel","category-inspiration","tag-sportgetrank","tag-jiloca-de","tag-organisch","tag-safran","tag-slowfood-de"],"acf":[],"yoast_head":"<!-- This site is optimized with the Yoast SEO plugin v24.7 - https:\/\/yoast.com\/wordpress\/plugins\/seo\/ -->\n<title>Herkunft des Bio-Safrans von Amanprana - Amanprana<\/title>\n<meta name=\"description\" content=\"Kurze kalte Winter und lange hei\u00dfe Sommer stellen in Jiloca den besten Safran dar. Der Bio-Safran von Amanprana stammt aus Jiloca.\" \/>\n<meta name=\"robots\" content=\"index, follow, max-snippet:-1, max-image-preview:large, max-video-preview:-1\" \/>\n<link rel=\"canonical\" href=\"https:\/\/www.amanprana.eu\/de\/inspiration\/herkunft-von-amanprana-safran\/\" \/>\n<meta property=\"og:locale\" content=\"de_DE\" \/>\n<meta property=\"og:type\" content=\"article\" \/>\n<meta property=\"og:title\" content=\"Herkunft des Bio-Safrans von Amanprana - Amanprana\" \/>\n<meta property=\"og:description\" content=\"Kurze kalte Winter und lange hei\u00dfe Sommer stellen in Jiloca den besten Safran dar. Der Bio-Safran von Amanprana stammt aus Jiloca.\" \/>\n<meta property=\"og:url\" content=\"https:\/\/www.amanprana.eu\/de\/inspiration\/herkunft-von-amanprana-safran\/\" \/>\n<meta property=\"og:site_name\" content=\"Amanprana\" \/>\n<meta property=\"article:publisher\" content=\"https:\/\/www.facebook.com\/Amanpranaproducts\/\" \/>\n<meta property=\"article:published_time\" content=\"2019-07-31T10:06:54+00:00\" \/>\n<meta property=\"article:modified_time\" content=\"2022-05-09T11:39:49+00:00\" \/>\n<meta property=\"og:image\" content=\"https:\/\/www.amanprana.eu\/wp-content\/uploads\/Saffraan-op-lepels.jpg\" \/>\n\t<meta property=\"og:image:width\" content=\"1200\" \/>\n\t<meta property=\"og:image:height\" content=\"675\" \/>\n\t<meta property=\"og:image:type\" content=\"image\/jpeg\" \/>\n<meta name=\"author\" content=\"Redacteur\" \/>\n<meta name=\"twitter:card\" content=\"summary_large_image\" \/>\n<meta name=\"twitter:label1\" content=\"Verfasst von\" \/>\n\t<meta name=\"twitter:data1\" content=\"Redacteur\" \/>\n\t<meta name=\"twitter:label2\" content=\"Gesch\u00e4tzte Lesezeit\" \/>\n\t<meta name=\"twitter:data2\" content=\"2\u00a0Minuten\" \/>\n<script type=\"application\/ld+json\" class=\"yoast-schema-graph\">{\"@context\":\"https:\/\/schema.org\",\"@graph\":[{\"@type\":\"Article\",\"@id\":\"https:\/\/www.amanprana.eu\/de\/inspiration\/herkunft-von-amanprana-safran\/#article\",\"isPartOf\":{\"@id\":\"https:\/\/www.amanprana.eu\/de\/inspiration\/herkunft-von-amanprana-safran\/\"},\"author\":{\"name\":\"Redacteur\",\"@id\":\"https:\/\/www.amanprana.eu\/de\/#\/schema\/person\/5238b833f5a1fdbc388316cb318c31d7\"},\"headline\":\"Herkunft von Amanprana Safran\",\"datePublished\":\"2019-07-31T10:06:54+00:00\",\"dateModified\":\"2022-05-09T11:39:49+00:00\",\"mainEntityOfPage\":{\"@id\":\"https:\/\/www.amanprana.eu\/de\/inspiration\/herkunft-von-amanprana-safran\/\"},\"wordCount\":321,\"publisher\":{\"@id\":\"https:\/\/www.amanprana.eu\/de\/#organization\"},\"image\":{\"@id\":\"https:\/\/www.amanprana.eu\/de\/inspiration\/herkunft-von-amanprana-safran\/#primaryimage\"},\"thumbnailUrl\":\"https:\/\/www.amanprana.eu\/wp-content\/uploads\/Saffraan-op-lepels.jpg\",\"keywords\":[\"Sportgetr\u00e4nk\",\"Jiloca\",\"Organisch\",\"Safran\",\"Slowfood\"],\"articleSection\":[\"Lebensmittel\",\"Inspiration\"],\"inLanguage\":\"de\"},{\"@type\":\"WebPage\",\"@id\":\"https:\/\/www.amanprana.eu\/de\/inspiration\/herkunft-von-amanprana-safran\/\",\"url\":\"https:\/\/www.amanprana.eu\/de\/inspiration\/herkunft-von-amanprana-safran\/\",\"name\":\"Herkunft des Bio-Safrans von Amanprana - Amanprana\",\"isPartOf\":{\"@id\":\"https:\/\/www.amanprana.eu\/de\/#website\"},\"primaryImageOfPage\":{\"@id\":\"https:\/\/www.amanprana.eu\/de\/inspiration\/herkunft-von-amanprana-safran\/#primaryimage\"},\"image\":{\"@id\":\"https:\/\/www.amanprana.eu\/de\/inspiration\/herkunft-von-amanprana-safran\/#primaryimage\"},\"thumbnailUrl\":\"https:\/\/www.amanprana.eu\/wp-content\/uploads\/Saffraan-op-lepels.jpg\",\"datePublished\":\"2019-07-31T10:06:54+00:00\",\"dateModified\":\"2022-05-09T11:39:49+00:00\",\"description\":\"Kurze kalte Winter und lange hei\u00dfe Sommer stellen in Jiloca den besten Safran dar. Der Bio-Safran von Amanprana stammt aus Jiloca.\",\"breadcrumb\":{\"@id\":\"https:\/\/www.amanprana.eu\/de\/inspiration\/herkunft-von-amanprana-safran\/#breadcrumb\"},\"inLanguage\":\"de\",\"potentialAction\":[{\"@type\":\"ReadAction\",\"target\":[\"https:\/\/www.amanprana.eu\/de\/inspiration\/herkunft-von-amanprana-safran\/\"]}]},{\"@type\":\"ImageObject\",\"inLanguage\":\"de\",\"@id\":\"https:\/\/www.amanprana.eu\/de\/inspiration\/herkunft-von-amanprana-safran\/#primaryimage\",\"url\":\"https:\/\/www.amanprana.eu\/wp-content\/uploads\/Saffraan-op-lepels.jpg\",\"contentUrl\":\"https:\/\/www.amanprana.eu\/wp-content\/uploads\/Saffraan-op-lepels.jpg\",\"width\":1200,\"height\":675,\"caption\":\"Herkunft des Safrans von Amanprana\"},{\"@type\":\"BreadcrumbList\",\"@id\":\"https:\/\/www.amanprana.eu\/de\/inspiration\/herkunft-von-amanprana-safran\/#breadcrumb\",\"itemListElement\":[{\"@type\":\"ListItem\",\"position\":1,\"name\":\"Amanprana.eu\",\"item\":\"https:\/\/www.amanprana.eu\/de\/\"},{\"@type\":\"ListItem\",\"position\":2,\"name\":\"Inspiration\",\"item\":\"https:\/\/www.amanprana.eu\/de\/inspiration\/\"},{\"@type\":\"ListItem\",\"position\":3,\"name\":\"Herkunft von Amanprana Safran\"}]},{\"@type\":\"WebSite\",\"@id\":\"https:\/\/www.amanprana.eu\/de\/#website\",\"url\":\"https:\/\/www.amanprana.eu\/de\/\",\"name\":\"Amanprana\",\"description\":\"Serene levenskracht\",\"publisher\":{\"@id\":\"https:\/\/www.amanprana.eu\/de\/#organization\"},\"potentialAction\":[{\"@type\":\"SearchAction\",\"target\":{\"@type\":\"EntryPoint\",\"urlTemplate\":\"https:\/\/www.amanprana.eu\/de\/?s={search_term_string}\"},\"query-input\":{\"@type\":\"PropertyValueSpecification\",\"valueRequired\":true,\"valueName\":\"search_term_string\"}}],\"inLanguage\":\"de\"},{\"@type\":\"Organization\",\"@id\":\"https:\/\/www.amanprana.eu\/de\/#organization\",\"name\":\"Amanprana\",\"url\":\"https:\/\/www.amanprana.eu\/de\/\",\"logo\":{\"@type\":\"ImageObject\",\"inLanguage\":\"de\",\"@id\":\"https:\/\/www.amanprana.eu\/de\/#\/schema\/logo\/image\/\",\"url\":\"https:\/\/www.amanprana.eu\/wp-content\/uploads\/webres-amanprana-logo.jpg\",\"contentUrl\":\"https:\/\/www.amanprana.eu\/wp-content\/uploads\/webres-amanprana-logo.jpg\",\"width\":300,\"height\":300,\"caption\":\"Amanprana\"},\"image\":{\"@id\":\"https:\/\/www.amanprana.eu\/de\/#\/schema\/logo\/image\/\"},\"sameAs\":[\"https:\/\/www.facebook.com\/Amanpranaproducts\/\",\"https:\/\/www.instagram.com\/amanprana\/\",\"https:\/\/nl.pinterest.com\/amanprana\/pins\/\"]},{\"@type\":\"Person\",\"@id\":\"https:\/\/www.amanprana.eu\/de\/#\/schema\/person\/5238b833f5a1fdbc388316cb318c31d7\",\"name\":\"Redacteur\",\"url\":\"https:\/\/www.amanprana.eu\/de\/author\/redacteur\/\"}]}<\/script>\n<!-- \/ Yoast SEO plugin. -->","yoast_head_json":{"title":"Herkunft des Bio-Safrans von Amanprana - Amanprana","description":"Kurze kalte Winter und lange hei\u00dfe Sommer stellen in Jiloca den besten Safran dar. Der Bio-Safran von Amanprana stammt aus Jiloca.","robots":{"index":"index","follow":"follow","max-snippet":"max-snippet:-1","max-image-preview":"max-image-preview:large","max-video-preview":"max-video-preview:-1"},"canonical":"https:\/\/www.amanprana.eu\/de\/inspiration\/herkunft-von-amanprana-safran\/","og_locale":"de_DE","og_type":"article","og_title":"Herkunft des Bio-Safrans von Amanprana - Amanprana","og_description":"Kurze kalte Winter und lange hei\u00dfe Sommer stellen in Jiloca den besten Safran dar. Der Bio-Safran von Amanprana stammt aus Jiloca.","og_url":"https:\/\/www.amanprana.eu\/de\/inspiration\/herkunft-von-amanprana-safran\/","og_site_name":"Amanprana","article_publisher":"https:\/\/www.facebook.com\/Amanpranaproducts\/","article_published_time":"2019-07-31T10:06:54+00:00","article_modified_time":"2022-05-09T11:39:49+00:00","og_image":[{"width":1200,"height":675,"url":"https:\/\/www.amanprana.eu\/wp-content\/uploads\/Saffraan-op-lepels.jpg","type":"image\/jpeg"}],"author":"Redacteur","twitter_card":"summary_large_image","twitter_misc":{"Verfasst von":"Redacteur","Gesch\u00e4tzte Lesezeit":"2\u00a0Minuten"},"schema":{"@context":"https:\/\/schema.org","@graph":[{"@type":"Article","@id":"https:\/\/www.amanprana.eu\/de\/inspiration\/herkunft-von-amanprana-safran\/#article","isPartOf":{"@id":"https:\/\/www.amanprana.eu\/de\/inspiration\/herkunft-von-amanprana-safran\/"},"author":{"name":"Redacteur","@id":"https:\/\/www.amanprana.eu\/de\/#\/schema\/person\/5238b833f5a1fdbc388316cb318c31d7"},"headline":"Herkunft von Amanprana Safran","datePublished":"2019-07-31T10:06:54+00:00","dateModified":"2022-05-09T11:39:49+00:00","mainEntityOfPage":{"@id":"https:\/\/www.amanprana.eu\/de\/inspiration\/herkunft-von-amanprana-safran\/"},"wordCount":321,"publisher":{"@id":"https:\/\/www.amanprana.eu\/de\/#organization"},"image":{"@id":"https:\/\/www.amanprana.eu\/de\/inspiration\/herkunft-von-amanprana-safran\/#primaryimage"},"thumbnailUrl":"https:\/\/www.amanprana.eu\/wp-content\/uploads\/Saffraan-op-lepels.jpg","keywords":["Sportgetr\u00e4nk","Jiloca","Organisch","Safran","Slowfood"],"articleSection":["Lebensmittel","Inspiration"],"inLanguage":"de"},{"@type":"WebPage","@id":"https:\/\/www.amanprana.eu\/de\/inspiration\/herkunft-von-amanprana-safran\/","url":"https:\/\/www.amanprana.eu\/de\/inspiration\/herkunft-von-amanprana-safran\/","name":"Herkunft des Bio-Safrans von Amanprana - Amanprana","isPartOf":{"@id":"https:\/\/www.amanprana.eu\/de\/#website"},"primaryImageOfPage":{"@id":"https:\/\/www.amanprana.eu\/de\/inspiration\/herkunft-von-amanprana-safran\/#primaryimage"},"image":{"@id":"https:\/\/www.amanprana.eu\/de\/inspiration\/herkunft-von-amanprana-safran\/#primaryimage"},"thumbnailUrl":"https:\/\/www.amanprana.eu\/wp-content\/uploads\/Saffraan-op-lepels.jpg","datePublished":"2019-07-31T10:06:54+00:00","dateModified":"2022-05-09T11:39:49+00:00","description":"Kurze kalte Winter und lange hei\u00dfe Sommer stellen in Jiloca den besten Safran dar. Der Bio-Safran von Amanprana stammt aus Jiloca.","breadcrumb":{"@id":"https:\/\/www.amanprana.eu\/de\/inspiration\/herkunft-von-amanprana-safran\/#breadcrumb"},"inLanguage":"de","potentialAction":[{"@type":"ReadAction","target":["https:\/\/www.amanprana.eu\/de\/inspiration\/herkunft-von-amanprana-safran\/"]}]},{"@type":"ImageObject","inLanguage":"de","@id":"https:\/\/www.amanprana.eu\/de\/inspiration\/herkunft-von-amanprana-safran\/#primaryimage","url":"https:\/\/www.amanprana.eu\/wp-content\/uploads\/Saffraan-op-lepels.jpg","contentUrl":"https:\/\/www.amanprana.eu\/wp-content\/uploads\/Saffraan-op-lepels.jpg","width":1200,"height":675,"caption":"Herkunft des Safrans von Amanprana"},{"@type":"BreadcrumbList","@id":"https:\/\/www.amanprana.eu\/de\/inspiration\/herkunft-von-amanprana-safran\/#breadcrumb","itemListElement":[{"@type":"ListItem","position":1,"name":"Amanprana.eu","item":"https:\/\/www.amanprana.eu\/de\/"},{"@type":"ListItem","position":2,"name":"Inspiration","item":"https:\/\/www.amanprana.eu\/de\/inspiration\/"},{"@type":"ListItem","position":3,"name":"Herkunft von Amanprana Safran"}]},{"@type":"WebSite","@id":"https:\/\/www.amanprana.eu\/de\/#website","url":"https:\/\/www.amanprana.eu\/de\/","name":"Amanprana","description":"Serene levenskracht","publisher":{"@id":"https:\/\/www.amanprana.eu\/de\/#organization"},"potentialAction":[{"@type":"SearchAction","target":{"@type":"EntryPoint","urlTemplate":"https:\/\/www.amanprana.eu\/de\/?s={search_term_string}"},"query-input":{"@type":"PropertyValueSpecification","valueRequired":true,"valueName":"search_term_string"}}],"inLanguage":"de"},{"@type":"Organization","@id":"https:\/\/www.amanprana.eu\/de\/#organization","name":"Amanprana","url":"https:\/\/www.amanprana.eu\/de\/","logo":{"@type":"ImageObject","inLanguage":"de","@id":"https:\/\/www.amanprana.eu\/de\/#\/schema\/logo\/image\/","url":"https:\/\/www.amanprana.eu\/wp-content\/uploads\/webres-amanprana-logo.jpg","contentUrl":"https:\/\/www.amanprana.eu\/wp-content\/uploads\/webres-amanprana-logo.jpg","width":300,"height":300,"caption":"Amanprana"},"image":{"@id":"https:\/\/www.amanprana.eu\/de\/#\/schema\/logo\/image\/"},"sameAs":["https:\/\/www.facebook.com\/Amanpranaproducts\/","https:\/\/www.instagram.com\/amanprana\/","https:\/\/nl.pinterest.com\/amanprana\/pins\/"]},{"@type":"Person","@id":"https:\/\/www.amanprana.eu\/de\/#\/schema\/person\/5238b833f5a1fdbc388316cb318c31d7","name":"Redacteur","url":"https:\/\/www.amanprana.eu\/de\/author\/redacteur\/"}]}},"multi-rating":{"mr_rating_results":[]},"_links":{"self":[{"href":"https:\/\/www.amanprana.eu\/de\/wp-json\/wp\/v2\/posts\/48948","targetHints":{"allow":["GET"]}}],"collection":[{"href":"https:\/\/www.amanprana.eu\/de\/wp-json\/wp\/v2\/posts"}],"about":[{"href":"https:\/\/www.amanprana.eu\/de\/wp-json\/wp\/v2\/types\/post"}],"author":[{"embeddable":true,"href":"https:\/\/www.amanprana.eu\/de\/wp-json\/wp\/v2\/users\/34"}],"replies":[{"embeddable":true,"href":"https:\/\/www.amanprana.eu\/de\/wp-json\/wp\/v2\/comments?post=48948"}],"version-history":[{"count":4,"href":"https:\/\/www.amanprana.eu\/de\/wp-json\/wp\/v2\/posts\/48948\/revisions"}],"predecessor-version":[{"id":67335,"href":"https:\/\/www.amanprana.eu\/de\/wp-json\/wp\/v2\/posts\/48948\/revisions\/67335"}],"wp:featuredmedia":[{"embeddable":true,"href":"https:\/\/www.amanprana.eu\/de\/wp-json\/wp\/v2\/media\/48935"}],"wp:attachment":[{"href":"https:\/\/www.amanprana.eu\/de\/wp-json\/wp\/v2\/media?parent=48948"}],"wp:term":[{"taxonomy":"category","embeddable":true,"href":"https:\/\/www.amanprana.eu\/de\/wp-json\/wp\/v2\/categories?post=48948"},{"taxonomy":"post_tag","embeddable":true,"href":"https:\/\/www.amanprana.eu\/de\/wp-json\/wp\/v2\/tags?post=48948"}],"curies":[{"name":"wp","href":"https:\/\/api.w.org\/{rel}","templated":true}]}}