

{"id":64583,"date":"2021-10-28T14:23:44","date_gmt":"2021-10-28T12:23:44","guid":{"rendered":"https:\/\/www.amanprana.eu\/neueste-nachrichten\/rasieren-von-barbaren-folter-zu-streicheln-sanftes-ritual\/"},"modified":"2021-10-28T14:23:55","modified_gmt":"2021-10-28T12:23:55","slug":"rasieren-von-barbaren-folter-zu-streicheln-sanftes-ritual","status":"publish","type":"post","link":"https:\/\/www.amanprana.eu\/de\/inspiration\/rasieren-von-barbaren-folter-zu-streicheln-sanftes-ritual\/","title":{"rendered":"Rasieren: Von der barbarischen Folter bis zum sanften Streichelritual."},"content":{"rendered":"\n<p>Artikel aus Bliss: Mai 2012<\/p>\n\n<p>F\u00fcr den alten Mann, der anfing, sich die Haare zu entfernen, war diese Arbeit alles andere als schmerzlos und angenehm. Splitter von Feuerstein, Muscheln oder Splitter von Obsidian sind einige Beispiele f\u00fcr Folterinstrumente, Pardon, Rasierwerkzeuge, die er in pr\u00e4historischer Zeit hatte.<\/p>\n\n<p>Die Rasur mit Pflanzen\u00f6len war die erste, zivilisiertere Form der Rasur. Der Mann, der bartlos durchs Leben gehen wollte, konnte sich nicht nur selbst rasieren, sondern sich auch vom \u201eBartmacher\u201c oder \u201eFriseur\u201c rasieren lassen.<\/p>\n\n<p>Mit den aktuellen Rasierseifen, -gelen und -\u00f6len wird die Selbstrasur zu einem immer angenehmeren (m\u00e4nnlichen) Verw\u00f6hnmoment.<\/p>\n\n<p>Die Geschichte der Haarentfernung f\u00fchrt uns zur\u00fcck in die Steinzeit, als die Neandertaler mittels Epilation die Haare los wurden und \u201eT\u00e4towierungen\u201c entstanden. Der erste &#8218;Einwegrasierer&#8216;, etwa 30.000 Jahre vor Christus. war ein \u201eFeuerstein\u201c, der sein Ziel nicht verfehlte, aber schnell stumpf wurde. Auch hier machte man Schnitte in die Haut, wo Pigmente eingebracht wurden, was zu einer T\u00e4towierung f\u00fchrte.<\/p>\n\n<p>Bei den alten \u00c4gyptern, R\u00f6mern und Griechen wurde das Rasierritual etwas zivilisierter. Die alten \u00c4gypter verwendeten beispielsweise gesch\u00e4rfte Messer aus Kupfer oder Bronze, um ein glatt rasiertes Gesicht zu erhalten. Die Reichen wurden vom Personal von Kopf bis Fu\u00df rasiert. Die Mode diktierte, ob m\u00e4nnliche Gesichter b\u00e4rtig oder glatt rasiert sein konnten. Da die Utensilien jedoch teuer waren, war das Rasieren in erster Linie die Dom\u00e4ne von H\u00f6flingen und Reichen.<\/p>\n\n<h2 class=\"wp-block-heading\">Freie Wahl oder Pflicht.<\/h2>\n\n<p>Das Tragen eines Bartes war und ist in verschiedenen Kulturen sicherlich keine unverbindliche, rein pers\u00f6nliche Angelegenheit. Zum Beispiel ist das Wachsen des Bartes unter Muslimen immer noch \u201eWaajib\u201c (obligatorisch) f\u00fcr alle M\u00e4nner.<\/p>\n\n<p>Fr\u00fcher konnte das (unfreiwillig) rasieren des Bartes auch dem\u00fctigend sein. So war es beispielsweise bei Franken und Deutschen \u00fcblich, einem besiegten K\u00f6nig oder Prinzen eine Glatze zu rasieren und seinen Bart abzustreifen, was besch\u00e4mend und erniedrigend war.<\/p>\n\n<p>Andererseits k\u00f6nnte ein bartloses Gesicht auch Schutz bieten. Alexander der Gro\u00dfe verstand sehr gut, dass ein Mann verlieren konnte, wenn er w\u00e4hrend einer Schlacht einen Bart vom &#8222;Feind&#8220; fasste.<\/p>\n\n<p>Heute kann man in Europa allgemein von einem Modetrend sprechen. Eine bestimmte Form zu rasieren oder intimere Bereiche zu rasieren und zu pflegen, tr\u00e4gt einfach zu unserer t\u00e4glichen Hygiene, Pflege und unserem Komfort bei.<\/p>\n\n<h2 class=\"wp-block-heading\">Vom Bartmacher zum Barbier.<\/h2>\n\n<p>Von der Entstehung der mittelalterlichen Handwerksorganisation bis einschlie\u00dflich des 18. Jahrhunderts war der Beruf des \u201eB\u00e4rtners\u201c mit Heilung und Medizin verbunden. Der Bartmacher war nicht nur ein Rasierer, sondern auch der Mann, der die Instrumente herstellte.<\/p>\n\n<p>Vor dem 14. Jahrhundert sind die Namen \u201eBartmacher\u201c und \u201eBarbier\u201c gebr\u00e4uchlich. Sowohl der Bartmacher als auch der Barbier standen beide im Dienste der Kampfkunst. Der Bartmacher fertigte die \u00c4xte, der Barbier sorgte f\u00fcr eine gute R\u00fcstung, um Kopf und Kiefer zu sch\u00fctzen.<\/p>\n\n<p>Nach der Spaltung ging der R\u00fcstungsmacher seinen eigenen Weg. Diese Spaltung erfolgte allm\u00e4hlich, wurde aber im 14. Jahrhundert zur Tatsache.<\/p>\n\n<p>Die zweite Stufe des Barttr\u00e4gers zeigt einen ausgepr\u00e4gteren Dienstcharakter in Richtung der k\u00f6rperlichen Pflege von Personen: Haarschneiden, Bartrasieren, Backenz\u00e4hne ziehen und Aderlass.<\/p>\n\n<p>Nach 1433 geh\u00f6rt das Lanzettenmachen noch immer zu den Aufgaben des Barttr\u00e4gers. Die Chirurgen und die Chirurgenfris\u00f6re bildeten zwei getrennte Gruppen. Der Chirurg geh\u00f6rte zu den Wissenschaftlern, der Chirurg Barbier war ein gelernter Handwerker: sp\u00e4ter Ader, Backenzahnextraktor und Friseur.<\/p>\n\n<p>Das Rasierbecken war bereits zur Zeit der Organisation des Handwerks als Barbierzeichen bekannt. Der Barbier wurde praktisch und theoretisch in der Chirurgie ausgebildet.<\/p>\n\n<p>Jeder Bartmacher-Kandidat musste zwei Pr\u00fcfungen bestehen: eine f\u00fcr Bartmacher und eine f\u00fcr Chirurgen. Im Jahr 1660 gibt es eine starke Trennung zwischen den Barbieren und den Chirurgenfriseuren. Der Barbier hatte die Wahl: Entweder Haare schneiden und rasieren oder den Weg eines Chirurgenfriseurs einschlagen, bei dem die Praxis der Chirurgie eine wichtige Rolle spielte.<\/p>\n\n<h2 class=\"wp-block-heading\">Der erste Rasierer.<\/h2>\n\n<p>Der erste Stahlrasierer wurde 1680 in Sheffield erfunden. Es war l\u00e4nglich und musste oft mit einem Rasiergurt nachgesch\u00e4rft werden, sonst wurde es stumpf.<\/p>\n\n<p>Fortschritte in den Herstellungstechniken der industriellen Revolution brachten die einfache Rasur der breiten \u00d6ffentlichkeit n\u00e4her. Dieser Moment kam 1880, als der erste Einwegrasierer auf den Markt kam. Mit einem Schlag verwandelte sich der Rasierer von einer einzigen offenen Klinge in ein f\u00fcr jedermann zug\u00e4ngliches Massenprodukt.<\/p>\n\n<h2 class=\"wp-block-heading\">Rasieren macht immer mehr Spa\u00df.<\/h2>\n\n<p>Die Rasur mit Pflanzen\u00f6len war die erste bekannte Form der Rasur. Heute werden am h\u00e4ufigsten traditionelle Rasierseifen und Rasiergele verwendet, aber auch Rasier\u00f6le erleben ein Comeback. Der gro\u00dfe Vorteil eines Rasier\u00f6ls ist die Gleitf\u00e4higkeit auf der Haut, sodass die Haut besser vor Reizungen und Wunden gesch\u00fctzt ist.<\/p>\n\n<h2 class=\"wp-block-heading\">Amanprana Razolic<\/h2>\n\n<p>Amanprana hat eine aromatisierte \u00d6lmischung entwickelt, die eine 3-in-1-Funktion hat: gr\u00fcndliche Rasur \u2013 Pflege und Aftershave. Neben dem Gesicht kann dieses Rasier\u00f6l auch f\u00fcr den Rest des K\u00f6rpers, einschlie\u00dflich der Intimbereiche, verwendet werden.<\/p>\n\n<p>Alle Inhaltsstoffe in diesem \u00d6l sind essbar und biologisch!<\/p>\n\n<p>Amanprana Razoli enth\u00e4lt unter anderem:<\/p>\n\n<ul class=\"wp-block-list\"><li>Natives Oliven\u00f6l extra<br\/>mit feuchtigkeitsabsorbierenden Eigenschaften<\/li><li>Kokos\u00f6l extra vergine<br\/>pflegend, beruhigend und sch\u00fctzend<\/li><li>Nachhaltiges rotes Palm\u00f6l<br\/>beruhigend und sch\u00fctzend<\/li><li>Vetiver<br\/>konstruktiv<\/li><li>Bergamotte<br\/>beruhigend und heilend<\/li><li>Orange<br\/>beruhigend bei fettiger und rauer Haut<\/li><li>R\u00f6mische Kamille<br\/>Hautreinigung<\/li><li>Zedernholz<br\/>beruhigend<\/li><li>Sandelholz<br\/>Hautpflege<\/li><li>Kardamom<br\/>regeneriert leicht gereizte Haut<\/li><\/ul>\n","protected":false},"excerpt":{"rendered":"<p>Artikel aus Bliss: Mai 2012 F\u00fcr den alten Mann, der anfing, sich die Haare zu entfernen, war diese Arbeit alles andere als schmerzlos und angenehm. Splitter von Feuerstein, Muscheln oder &#8230;<\/p>\n","protected":false},"author":34,"featured_media":55669,"comment_status":"closed","ping_status":"closed","sticky":false,"template":"","format":"standard","meta":{"_acf_changed":false,"rating_form_position":"","rating_results_position":"","mr_structured_data_type":"","footnotes":""},"categories":[869,861],"tags":[2651,2652,2177,2176],"class_list":["post-64583","post","type-post","status-publish","format-standard","has-post-thumbnail","hentry","category-inspiration","category-koerperpflege","tag-bartol","tag-razoli-de","tag-rasieren","tag-rasierol"],"acf":[],"yoast_head":"<!-- This site is optimized with the Yoast SEO plugin v24.7 - https:\/\/yoast.com\/wordpress\/plugins\/seo\/ -->\n<title>Rasieren: Von der barbarischen Folter bis zum sanften Streichelritual. - Amanprana<\/title>\n<meta name=\"description\" content=\"Rasieren im Wandel der Zeit. Vom Urmenschen bis heute. Lesen Sie mehr \u00fcber die Trends und welche Lehren wir daraus ziehen k\u00f6nnen\" \/>\n<meta name=\"robots\" content=\"index, follow, max-snippet:-1, max-image-preview:large, max-video-preview:-1\" \/>\n<link rel=\"canonical\" href=\"https:\/\/www.amanprana.eu\/de\/inspiration\/rasieren-von-barbaren-folter-zu-streicheln-sanftes-ritual\/\" \/>\n<meta property=\"og:locale\" content=\"de_DE\" \/>\n<meta property=\"og:type\" content=\"article\" \/>\n<meta property=\"og:title\" content=\"Rasieren: Von der barbarischen Folter bis zum sanften Streichelritual. - Amanprana\" \/>\n<meta property=\"og:description\" content=\"Rasieren im Wandel der Zeit. Vom Urmenschen bis heute. Lesen Sie mehr \u00fcber die Trends und welche Lehren wir daraus ziehen k\u00f6nnen\" \/>\n<meta property=\"og:url\" content=\"https:\/\/www.amanprana.eu\/de\/inspiration\/rasieren-von-barbaren-folter-zu-streicheln-sanftes-ritual\/\" \/>\n<meta property=\"og:site_name\" content=\"Amanprana\" \/>\n<meta property=\"article:publisher\" content=\"https:\/\/www.facebook.com\/Amanpranaproducts\/\" \/>\n<meta property=\"article:published_time\" content=\"2021-10-28T12:23:44+00:00\" \/>\n<meta property=\"article:modified_time\" content=\"2021-10-28T12:23:55+00:00\" \/>\n<meta property=\"og:image\" content=\"https:\/\/www.amanprana.eu\/wp-content\/uploads\/scheren.jpg\" \/>\n\t<meta property=\"og:image:width\" content=\"1920\" \/>\n\t<meta property=\"og:image:height\" content=\"1080\" \/>\n\t<meta property=\"og:image:type\" content=\"image\/jpeg\" \/>\n<meta name=\"author\" content=\"Redacteur\" \/>\n<meta name=\"twitter:card\" content=\"summary_large_image\" \/>\n<meta name=\"twitter:label1\" content=\"Verfasst von\" \/>\n\t<meta name=\"twitter:data1\" content=\"Redacteur\" \/>\n\t<meta name=\"twitter:label2\" content=\"Gesch\u00e4tzte Lesezeit\" \/>\n\t<meta name=\"twitter:data2\" content=\"4\u00a0Minuten\" \/>\n<script type=\"application\/ld+json\" class=\"yoast-schema-graph\">{\"@context\":\"https:\/\/schema.org\",\"@graph\":[{\"@type\":\"Article\",\"@id\":\"https:\/\/www.amanprana.eu\/de\/inspiration\/rasieren-von-barbaren-folter-zu-streicheln-sanftes-ritual\/#article\",\"isPartOf\":{\"@id\":\"https:\/\/www.amanprana.eu\/de\/inspiration\/rasieren-von-barbaren-folter-zu-streicheln-sanftes-ritual\/\"},\"author\":{\"name\":\"Redacteur\",\"@id\":\"https:\/\/www.amanprana.eu\/de\/#\/schema\/person\/5238b833f5a1fdbc388316cb318c31d7\"},\"headline\":\"Rasieren: Von der barbarischen Folter bis zum sanften Streichelritual.\",\"datePublished\":\"2021-10-28T12:23:44+00:00\",\"dateModified\":\"2021-10-28T12:23:55+00:00\",\"mainEntityOfPage\":{\"@id\":\"https:\/\/www.amanprana.eu\/de\/inspiration\/rasieren-von-barbaren-folter-zu-streicheln-sanftes-ritual\/\"},\"wordCount\":880,\"publisher\":{\"@id\":\"https:\/\/www.amanprana.eu\/de\/#organization\"},\"image\":{\"@id\":\"https:\/\/www.amanprana.eu\/de\/inspiration\/rasieren-von-barbaren-folter-zu-streicheln-sanftes-ritual\/#primaryimage\"},\"thumbnailUrl\":\"https:\/\/www.amanprana.eu\/wp-content\/uploads\/scheren.jpg\",\"keywords\":[\"Bart\u00f6l\",\"razoli\",\"rasieren\",\"Rasier\u00f6l\"],\"articleSection\":[\"Inspiration\",\"K\u00f6rperpflege\"],\"inLanguage\":\"de\"},{\"@type\":\"WebPage\",\"@id\":\"https:\/\/www.amanprana.eu\/de\/inspiration\/rasieren-von-barbaren-folter-zu-streicheln-sanftes-ritual\/\",\"url\":\"https:\/\/www.amanprana.eu\/de\/inspiration\/rasieren-von-barbaren-folter-zu-streicheln-sanftes-ritual\/\",\"name\":\"Rasieren: Von der barbarischen Folter bis zum sanften Streichelritual. - Amanprana\",\"isPartOf\":{\"@id\":\"https:\/\/www.amanprana.eu\/de\/#website\"},\"primaryImageOfPage\":{\"@id\":\"https:\/\/www.amanprana.eu\/de\/inspiration\/rasieren-von-barbaren-folter-zu-streicheln-sanftes-ritual\/#primaryimage\"},\"image\":{\"@id\":\"https:\/\/www.amanprana.eu\/de\/inspiration\/rasieren-von-barbaren-folter-zu-streicheln-sanftes-ritual\/#primaryimage\"},\"thumbnailUrl\":\"https:\/\/www.amanprana.eu\/wp-content\/uploads\/scheren.jpg\",\"datePublished\":\"2021-10-28T12:23:44+00:00\",\"dateModified\":\"2021-10-28T12:23:55+00:00\",\"description\":\"Rasieren im Wandel der Zeit. Vom Urmenschen bis heute. Lesen Sie mehr \u00fcber die Trends und welche Lehren wir daraus ziehen k\u00f6nnen\",\"breadcrumb\":{\"@id\":\"https:\/\/www.amanprana.eu\/de\/inspiration\/rasieren-von-barbaren-folter-zu-streicheln-sanftes-ritual\/#breadcrumb\"},\"inLanguage\":\"de\",\"potentialAction\":[{\"@type\":\"ReadAction\",\"target\":[\"https:\/\/www.amanprana.eu\/de\/inspiration\/rasieren-von-barbaren-folter-zu-streicheln-sanftes-ritual\/\"]}]},{\"@type\":\"ImageObject\",\"inLanguage\":\"de\",\"@id\":\"https:\/\/www.amanprana.eu\/de\/inspiration\/rasieren-von-barbaren-folter-zu-streicheln-sanftes-ritual\/#primaryimage\",\"url\":\"https:\/\/www.amanprana.eu\/wp-content\/uploads\/scheren.jpg\",\"contentUrl\":\"https:\/\/www.amanprana.eu\/wp-content\/uploads\/scheren.jpg\",\"width\":1920,\"height\":1080,\"caption\":\"Rasier\u00f6l von Amanprana f\u00fcr einen gepflegten Bart\"},{\"@type\":\"BreadcrumbList\",\"@id\":\"https:\/\/www.amanprana.eu\/de\/inspiration\/rasieren-von-barbaren-folter-zu-streicheln-sanftes-ritual\/#breadcrumb\",\"itemListElement\":[{\"@type\":\"ListItem\",\"position\":1,\"name\":\"Amanprana.eu\",\"item\":\"https:\/\/www.amanprana.eu\/de\/\"},{\"@type\":\"ListItem\",\"position\":2,\"name\":\"Inspiration\",\"item\":\"https:\/\/www.amanprana.eu\/de\/inspiration\/\"},{\"@type\":\"ListItem\",\"position\":3,\"name\":\"Rasieren: Von der barbarischen Folter bis zum sanften Streichelritual.\"}]},{\"@type\":\"WebSite\",\"@id\":\"https:\/\/www.amanprana.eu\/de\/#website\",\"url\":\"https:\/\/www.amanprana.eu\/de\/\",\"name\":\"Amanprana\",\"description\":\"Serene levenskracht\",\"publisher\":{\"@id\":\"https:\/\/www.amanprana.eu\/de\/#organization\"},\"potentialAction\":[{\"@type\":\"SearchAction\",\"target\":{\"@type\":\"EntryPoint\",\"urlTemplate\":\"https:\/\/www.amanprana.eu\/de\/?s={search_term_string}\"},\"query-input\":{\"@type\":\"PropertyValueSpecification\",\"valueRequired\":true,\"valueName\":\"search_term_string\"}}],\"inLanguage\":\"de\"},{\"@type\":\"Organization\",\"@id\":\"https:\/\/www.amanprana.eu\/de\/#organization\",\"name\":\"Amanprana\",\"url\":\"https:\/\/www.amanprana.eu\/de\/\",\"logo\":{\"@type\":\"ImageObject\",\"inLanguage\":\"de\",\"@id\":\"https:\/\/www.amanprana.eu\/de\/#\/schema\/logo\/image\/\",\"url\":\"https:\/\/www.amanprana.eu\/wp-content\/uploads\/webres-amanprana-logo.jpg\",\"contentUrl\":\"https:\/\/www.amanprana.eu\/wp-content\/uploads\/webres-amanprana-logo.jpg\",\"width\":300,\"height\":300,\"caption\":\"Amanprana\"},\"image\":{\"@id\":\"https:\/\/www.amanprana.eu\/de\/#\/schema\/logo\/image\/\"},\"sameAs\":[\"https:\/\/www.facebook.com\/Amanpranaproducts\/\",\"https:\/\/www.instagram.com\/amanprana\/\",\"https:\/\/nl.pinterest.com\/amanprana\/pins\/\"]},{\"@type\":\"Person\",\"@id\":\"https:\/\/www.amanprana.eu\/de\/#\/schema\/person\/5238b833f5a1fdbc388316cb318c31d7\",\"name\":\"Redacteur\",\"url\":\"https:\/\/www.amanprana.eu\/de\/author\/redacteur\/\"}]}<\/script>\n<!-- \/ Yoast SEO plugin. -->","yoast_head_json":{"title":"Rasieren: Von der barbarischen Folter bis zum sanften Streichelritual. - Amanprana","description":"Rasieren im Wandel der Zeit. Vom Urmenschen bis heute. Lesen Sie mehr \u00fcber die Trends und welche Lehren wir daraus ziehen k\u00f6nnen","robots":{"index":"index","follow":"follow","max-snippet":"max-snippet:-1","max-image-preview":"max-image-preview:large","max-video-preview":"max-video-preview:-1"},"canonical":"https:\/\/www.amanprana.eu\/de\/inspiration\/rasieren-von-barbaren-folter-zu-streicheln-sanftes-ritual\/","og_locale":"de_DE","og_type":"article","og_title":"Rasieren: Von der barbarischen Folter bis zum sanften Streichelritual. - Amanprana","og_description":"Rasieren im Wandel der Zeit. Vom Urmenschen bis heute. Lesen Sie mehr \u00fcber die Trends und welche Lehren wir daraus ziehen k\u00f6nnen","og_url":"https:\/\/www.amanprana.eu\/de\/inspiration\/rasieren-von-barbaren-folter-zu-streicheln-sanftes-ritual\/","og_site_name":"Amanprana","article_publisher":"https:\/\/www.facebook.com\/Amanpranaproducts\/","article_published_time":"2021-10-28T12:23:44+00:00","article_modified_time":"2021-10-28T12:23:55+00:00","og_image":[{"width":1920,"height":1080,"url":"https:\/\/www.amanprana.eu\/wp-content\/uploads\/scheren.jpg","type":"image\/jpeg"}],"author":"Redacteur","twitter_card":"summary_large_image","twitter_misc":{"Verfasst von":"Redacteur","Gesch\u00e4tzte Lesezeit":"4\u00a0Minuten"},"schema":{"@context":"https:\/\/schema.org","@graph":[{"@type":"Article","@id":"https:\/\/www.amanprana.eu\/de\/inspiration\/rasieren-von-barbaren-folter-zu-streicheln-sanftes-ritual\/#article","isPartOf":{"@id":"https:\/\/www.amanprana.eu\/de\/inspiration\/rasieren-von-barbaren-folter-zu-streicheln-sanftes-ritual\/"},"author":{"name":"Redacteur","@id":"https:\/\/www.amanprana.eu\/de\/#\/schema\/person\/5238b833f5a1fdbc388316cb318c31d7"},"headline":"Rasieren: Von der barbarischen Folter bis zum sanften Streichelritual.","datePublished":"2021-10-28T12:23:44+00:00","dateModified":"2021-10-28T12:23:55+00:00","mainEntityOfPage":{"@id":"https:\/\/www.amanprana.eu\/de\/inspiration\/rasieren-von-barbaren-folter-zu-streicheln-sanftes-ritual\/"},"wordCount":880,"publisher":{"@id":"https:\/\/www.amanprana.eu\/de\/#organization"},"image":{"@id":"https:\/\/www.amanprana.eu\/de\/inspiration\/rasieren-von-barbaren-folter-zu-streicheln-sanftes-ritual\/#primaryimage"},"thumbnailUrl":"https:\/\/www.amanprana.eu\/wp-content\/uploads\/scheren.jpg","keywords":["Bart\u00f6l","razoli","rasieren","Rasier\u00f6l"],"articleSection":["Inspiration","K\u00f6rperpflege"],"inLanguage":"de"},{"@type":"WebPage","@id":"https:\/\/www.amanprana.eu\/de\/inspiration\/rasieren-von-barbaren-folter-zu-streicheln-sanftes-ritual\/","url":"https:\/\/www.amanprana.eu\/de\/inspiration\/rasieren-von-barbaren-folter-zu-streicheln-sanftes-ritual\/","name":"Rasieren: Von der barbarischen Folter bis zum sanften Streichelritual. - Amanprana","isPartOf":{"@id":"https:\/\/www.amanprana.eu\/de\/#website"},"primaryImageOfPage":{"@id":"https:\/\/www.amanprana.eu\/de\/inspiration\/rasieren-von-barbaren-folter-zu-streicheln-sanftes-ritual\/#primaryimage"},"image":{"@id":"https:\/\/www.amanprana.eu\/de\/inspiration\/rasieren-von-barbaren-folter-zu-streicheln-sanftes-ritual\/#primaryimage"},"thumbnailUrl":"https:\/\/www.amanprana.eu\/wp-content\/uploads\/scheren.jpg","datePublished":"2021-10-28T12:23:44+00:00","dateModified":"2021-10-28T12:23:55+00:00","description":"Rasieren im Wandel der Zeit. Vom Urmenschen bis heute. Lesen Sie mehr \u00fcber die Trends und welche Lehren wir daraus ziehen k\u00f6nnen","breadcrumb":{"@id":"https:\/\/www.amanprana.eu\/de\/inspiration\/rasieren-von-barbaren-folter-zu-streicheln-sanftes-ritual\/#breadcrumb"},"inLanguage":"de","potentialAction":[{"@type":"ReadAction","target":["https:\/\/www.amanprana.eu\/de\/inspiration\/rasieren-von-barbaren-folter-zu-streicheln-sanftes-ritual\/"]}]},{"@type":"ImageObject","inLanguage":"de","@id":"https:\/\/www.amanprana.eu\/de\/inspiration\/rasieren-von-barbaren-folter-zu-streicheln-sanftes-ritual\/#primaryimage","url":"https:\/\/www.amanprana.eu\/wp-content\/uploads\/scheren.jpg","contentUrl":"https:\/\/www.amanprana.eu\/wp-content\/uploads\/scheren.jpg","width":1920,"height":1080,"caption":"Rasier\u00f6l von Amanprana f\u00fcr einen gepflegten Bart"},{"@type":"BreadcrumbList","@id":"https:\/\/www.amanprana.eu\/de\/inspiration\/rasieren-von-barbaren-folter-zu-streicheln-sanftes-ritual\/#breadcrumb","itemListElement":[{"@type":"ListItem","position":1,"name":"Amanprana.eu","item":"https:\/\/www.amanprana.eu\/de\/"},{"@type":"ListItem","position":2,"name":"Inspiration","item":"https:\/\/www.amanprana.eu\/de\/inspiration\/"},{"@type":"ListItem","position":3,"name":"Rasieren: Von der barbarischen Folter bis zum sanften Streichelritual."}]},{"@type":"WebSite","@id":"https:\/\/www.amanprana.eu\/de\/#website","url":"https:\/\/www.amanprana.eu\/de\/","name":"Amanprana","description":"Serene levenskracht","publisher":{"@id":"https:\/\/www.amanprana.eu\/de\/#organization"},"potentialAction":[{"@type":"SearchAction","target":{"@type":"EntryPoint","urlTemplate":"https:\/\/www.amanprana.eu\/de\/?s={search_term_string}"},"query-input":{"@type":"PropertyValueSpecification","valueRequired":true,"valueName":"search_term_string"}}],"inLanguage":"de"},{"@type":"Organization","@id":"https:\/\/www.amanprana.eu\/de\/#organization","name":"Amanprana","url":"https:\/\/www.amanprana.eu\/de\/","logo":{"@type":"ImageObject","inLanguage":"de","@id":"https:\/\/www.amanprana.eu\/de\/#\/schema\/logo\/image\/","url":"https:\/\/www.amanprana.eu\/wp-content\/uploads\/webres-amanprana-logo.jpg","contentUrl":"https:\/\/www.amanprana.eu\/wp-content\/uploads\/webres-amanprana-logo.jpg","width":300,"height":300,"caption":"Amanprana"},"image":{"@id":"https:\/\/www.amanprana.eu\/de\/#\/schema\/logo\/image\/"},"sameAs":["https:\/\/www.facebook.com\/Amanpranaproducts\/","https:\/\/www.instagram.com\/amanprana\/","https:\/\/nl.pinterest.com\/amanprana\/pins\/"]},{"@type":"Person","@id":"https:\/\/www.amanprana.eu\/de\/#\/schema\/person\/5238b833f5a1fdbc388316cb318c31d7","name":"Redacteur","url":"https:\/\/www.amanprana.eu\/de\/author\/redacteur\/"}]}},"multi-rating":{"mr_rating_results":[]},"_links":{"self":[{"href":"https:\/\/www.amanprana.eu\/de\/wp-json\/wp\/v2\/posts\/64583","targetHints":{"allow":["GET"]}}],"collection":[{"href":"https:\/\/www.amanprana.eu\/de\/wp-json\/wp\/v2\/posts"}],"about":[{"href":"https:\/\/www.amanprana.eu\/de\/wp-json\/wp\/v2\/types\/post"}],"author":[{"embeddable":true,"href":"https:\/\/www.amanprana.eu\/de\/wp-json\/wp\/v2\/users\/34"}],"replies":[{"embeddable":true,"href":"https:\/\/www.amanprana.eu\/de\/wp-json\/wp\/v2\/comments?post=64583"}],"version-history":[{"count":3,"href":"https:\/\/www.amanprana.eu\/de\/wp-json\/wp\/v2\/posts\/64583\/revisions"}],"predecessor-version":[{"id":64592,"href":"https:\/\/www.amanprana.eu\/de\/wp-json\/wp\/v2\/posts\/64583\/revisions\/64592"}],"wp:featuredmedia":[{"embeddable":true,"href":"https:\/\/www.amanprana.eu\/de\/wp-json\/wp\/v2\/media\/55669"}],"wp:attachment":[{"href":"https:\/\/www.amanprana.eu\/de\/wp-json\/wp\/v2\/media?parent=64583"}],"wp:term":[{"taxonomy":"category","embeddable":true,"href":"https:\/\/www.amanprana.eu\/de\/wp-json\/wp\/v2\/categories?post=64583"},{"taxonomy":"post_tag","embeddable":true,"href":"https:\/\/www.amanprana.eu\/de\/wp-json\/wp\/v2\/tags?post=64583"}],"curies":[{"name":"wp","href":"https:\/\/api.w.org\/{rel}","templated":true}]}}