

{"id":85835,"date":"2022-08-26T10:31:43","date_gmt":"2022-08-26T08:31:43","guid":{"rendered":"https:\/\/www.amanprana.eu\/neueste-nachrichten\/warum-ist-kokosoel-so-gut-fuer-die-haare\/"},"modified":"2022-09-29T15:37:38","modified_gmt":"2022-09-29T13:37:38","slug":"warum-ist-kokosoel-so-gut-fuer-die-haare","status":"publish","type":"post","link":"https:\/\/www.amanprana.eu\/de\/inspiration\/warum-ist-kokosoel-so-gut-fuer-die-haare\/","title":{"rendered":"Warum ist Kokos\u00f6l so gut f\u00fcr die Haare?"},"content":{"rendered":"\n<p>Wir alle m\u00f6chten, dass unser Haar gesund und gl\u00e4nzend aussieht. Haben Sie jemals unter trockenem, schlaffem oder gesch\u00e4digtem Haar, widerspenstigen Locken, Spliss oder leicht brechendem Haar gelitten? Dann bettelt Ihr Haar um eine Extraportion Pflege. Kokos\u00f6l gilt als wahres Wundermittel f\u00fcr das Haar. In einigen Kulturen ist es sogar Brauch, sie t\u00e4glich einzureiben. Wissenschaftliche Untersuchungen zeigen auch, dass natives Kokosnuss\u00f6l extra gut f\u00fcr Haar und Kopfhaut ist. Unabh\u00e4ngig davon, welchen Haartyp Sie haben, bietet Kokos\u00f6l in der Regel einen zus\u00e4tzlichen Nutzen.<\/p>\n\n<h2 class=\"wp-block-heading\"> Wie wirkt Kokos\u00f6l auf das Haar?<\/h2>\n\n<ol class=\"wp-block-list\"><li>Kokos\u00f6l ist ein nat\u00fcrliches \u00d6l mit besonderen Eigenschaften. Es enth\u00e4lt viel Laurins\u00e4ure, eine ges\u00e4ttigte Fetts\u00e4ure mit ern\u00e4hrungsphysiologischen Eigenschaften, die auch in der Muttermilch enthalten ist. Laurins\u00e4ure hat kleine Molek\u00fcle und kann daher schneller vom K\u00f6rper aufgenommen werden. Dadurch wird sichergestellt, dass Kokos\u00f6l als eines der wenigen \u00d6le tief in den Haarschaft und sogar in die Haarfollikel eindringen kann. Es ist ein <strong>eindringendes \u00d6l<\/strong>, das schnell vom Haar aufgenommen wird und ihm <strong>Feuchtigkeit und N\u00e4hrstoffe spendet. <\/strong><\/li><li>Au\u00dferdem wirkt Kokos\u00f6l <strong>antibakteriell<\/strong>. Wissenschaftliche Studien haben gezeigt, dass die Anwendung von Kokos\u00f6l auf der Kopfhaut eine positive Wirkung auf das Mikrobiom oder die Mikroorganismen auf der Kopfhaut hat. Es kann eine unruhige, juckende Kopfhaut mit <strong>Schuppen<\/strong> oder <strong>Flocken<\/strong> beruhigen und mit Feuchtigkeit versorgen.<\/li><li>Andere Studien zeigen, dass Kokosnuss\u00f6l, mehr als andere \u00d6le, sehr gut zur <strong>Verringerung des<\/strong> <strong>Proteinverlustes<\/strong> im Haar beitr\u00e4gt. Der Haarschaft besteht zum gr\u00f6\u00dften Teil aus Keratin, einem faserigen Protein. Je weniger Eiwei\u00df verloren geht, desto weniger bricht die Haarkutikula ein und das Haar wird gesch\u00e4digt. Kokosnuss\u00f6l liefert das notwendige Protein, um gesch\u00e4digtes Haar zu n\u00e4hren und zu reparieren.<\/li><\/ol>\n\n<figure class=\"wp-block-image size-full\"><img decoding=\"async\" width=\"1024\" height=\"576\" src=\"https:\/\/www.amanprana.eu\/wp-content\/uploads\/kokosnoten-kokosolie-voor-het-haar-2.jpg\" alt=\"\" class=\"wp-image-85785\" srcset=\"https:\/\/www.amanprana.eu\/wp-content\/uploads\/kokosnoten-kokosolie-voor-het-haar-2.jpg 1024w, https:\/\/www.amanprana.eu\/wp-content\/uploads\/kokosnoten-kokosolie-voor-het-haar-2-300x169.jpg 300w, https:\/\/www.amanprana.eu\/wp-content\/uploads\/kokosnoten-kokosolie-voor-het-haar-2-768x432.jpg 768w, https:\/\/www.amanprana.eu\/wp-content\/uploads\/kokosnoten-kokosolie-voor-het-haar-2-100x56.jpg 100w, https:\/\/www.amanprana.eu\/wp-content\/uploads\/kokosnoten-kokosolie-voor-het-haar-2-862x485.jpg 862w\" sizes=\"(max-width: 1024px) 100vw, 1024px\" \/><figcaption>Kokosnuss\u00f6l enth\u00e4lt viele wichtige Vitamine und Fetts\u00e4uren.<\/figcaption><\/figure>\n\n<h2 class=\"wp-block-heading\">Welche Vorteile hat Kokos\u00f6l f\u00fcr das Haar?<\/h2>\n\n<p>Kokos\u00f6l ist daher ein unverzichtbares Produkt in Ihrem Badezimmer, wenn Sie Ihr Haar auf nat\u00fcrliche Art und Weise pflegen wollen.<\/p>\n\n<ul class=\"wp-block-list\"><li>Es ist ideal f\u00fcr <strong>Locken, krauses und trockenes Haar.<\/strong> Da Kokos\u00f6l das Haar bis tief in den Haarschaft mit Feuchtigkeit versorgt, ist es besonders f\u00fcr die Pflege von lockigem Haar geeignet. Lockiges Haar neigt oft dazu, eher trocken zu sein. Kokos\u00f6l b\u00e4ndigt auch schnell krauses Haar. Au\u00dferdem verleiht Kokos\u00f6l Ihrem Haar einen 100 % nat\u00fcrlichen Glanz, ganz ohne Chemikalien.<\/li><li>Es <strong>hilft beim Verheddern und Entwirren.<\/strong> Reiben Sie etwas geschmolzenes Kokosnuss\u00f6l in Ihr Haar und es wird leichter k\u00e4mmbar.<\/li><li>Es <strong>sch\u00fctzt vor Haarsch\u00e4den.<\/strong> H\u00e4ufiges B\u00fcrsten oder K\u00e4mmen, grobes Abtrocknen mit einem Handtuch und chemische Behandlungen wie Haarf\u00e4rben oder Dauerwellen k\u00f6nnen Ihr Haar sch\u00e4digen. Sie k\u00f6nnen Sch\u00e4den verhindern oder begrenzen, indem Sie Kokos\u00f6l in Ihrem Haar verwenden.<\/li><li>Kokos\u00f6l <strong>sorgt f\u00fcr kr\u00e4ftiges Haar,<\/strong> weil es mit all seinen Vitaminen und Proteinen tief in das Haar eindringen kann. Kokosnuss\u00f6l pflegt das Haar also intensiv, w\u00e4hrend eine gew\u00f6hnliche Sp\u00fclung auf dem Haar verbleiben w\u00fcrde.<\/li><li>Es <strong>stimuliert das Haarwachstum<\/strong> auf nat\u00fcrliche Weise. Die im Kokos\u00f6l enthaltenen Fetts\u00e4uren und Vitamine n\u00e4hren die Kopfhaut und entfernen \u00fcbersch\u00fcssigen Talg aus den Haarfollikeln. Kokosnuss\u00f6l unterst\u00fctzt somit ein gesundes Haarwachstum.<\/li><li>Kokos\u00f6l <strong>sch\u00fctzt vor &#8222;hygrale Erm\u00fcdung&#8220;.<\/strong> Wenn Sie Ihr Haar nass machen, \u00f6ffnet sich die Schuppenschicht und speichert Wasser. Das Haar quillt auf und die Schuppenschicht wird unter Druck gesetzt. Wenn dies zu oft geschieht, kann die Nagelhaut offen bleiben und abrei\u00dfen. Normalerweise bilden unsere nat\u00fcrlichen Haar\u00f6le einen hydrophoben oder wasserabweisenden Film \u00fcber dem Haarschaft, um dies zu verhindern. Wenn Sie jedoch zu viele feuchtigkeitsspendende oder reinigende Shampoos, Sp\u00fclungen oder Haarpflegeprodukte verwenden, kann diese Schutzschicht besch\u00e4digt werden. Kokos\u00f6l tr\u00e4gt dazu bei, Ihr Haar auszugleichen, zu sch\u00fctzen und zu n\u00e4hren.<\/li><li>Es <strong>hilft bei Schuppen oder trockener Kopfhaut.<\/strong> Schuppen werden oft durch einen Mangel an bestimmten Fetts\u00e4uren oder durch Sonnenbrand verursacht. Massieren Sie Ihre Kopfhaut mit einigen Tropfen Kokosnuss\u00f6l. Das spendet zus\u00e4tzliche Feuchtigkeit und Pflege. Tun Sie dies ein- bis zweimal pro Monat. Wenn Sie zu viel Kokos\u00f6l verwenden, kann es die Kopfhaut und das Haar verschlie\u00dfen oder ersticken.<\/li><li>Kokos\u00f6l <strong>sch\u00fctzt<\/strong> das Haar dank seines nat\u00fcrlichen Lichtschutzfaktors von etwa 7 SPF <strong>vor der Sonne.<\/strong> Ein wenig Kokos\u00f6l im Haar n\u00e4hrt und sch\u00fctzt also vor Sonne, Meer und Strand.<\/li><li>Es <strong>sch\u00fctzt vor L\u00e4usen. Mischen Sie ein paar Tropfen Teebaum\u00f6l in etwas Kokos\u00f6l und verteilen Sie es<\/strong> in Ihrem Haar. Das Teebaum\u00f6l t\u00f6tet die L\u00e4use ab. Kokos\u00f6l selbst t\u00f6tet die L\u00e4use nicht ab, aber es bet\u00e4ubt sie und macht es einfacher, sie zu entfernen.<\/li><\/ul>\n\n<figure class=\"wp-block-image size-full\"><img decoding=\"async\" width=\"1024\" height=\"576\" src=\"https:\/\/www.amanprana.eu\/wp-content\/uploads\/haarmasker-kokosolie-lang-haar.jpg\" alt=\"\" class=\"wp-image-85802\" srcset=\"https:\/\/www.amanprana.eu\/wp-content\/uploads\/haarmasker-kokosolie-lang-haar.jpg 1024w, https:\/\/www.amanprana.eu\/wp-content\/uploads\/haarmasker-kokosolie-lang-haar-300x169.jpg 300w, https:\/\/www.amanprana.eu\/wp-content\/uploads\/haarmasker-kokosolie-lang-haar-768x432.jpg 768w, https:\/\/www.amanprana.eu\/wp-content\/uploads\/haarmasker-kokosolie-lang-haar-100x56.jpg 100w, https:\/\/www.amanprana.eu\/wp-content\/uploads\/haarmasker-kokosolie-lang-haar-862x485.jpg 862w\" sizes=\"(max-width: 1024px) 100vw, 1024px\" \/><figcaption>Verwenden Sie Kokos\u00f6l als Haarmaske oder Serum<\/figcaption><\/figure>\n\n<h2 class=\"wp-block-heading\">Wie verwenden Sie Kokos\u00f6l in Ihrem Haar?<\/h2>\n\n<p>Kokos\u00f6l eignet sich besonders gut f\u00fcr trockenes oder lockiges Haar. Je nach Haartyp und -zustand ben\u00f6tigen Sie mehr oder weniger Kokos\u00f6l. Dies kann anfangs etwas gew\u00f6hnungsbed\u00fcrftig sein. Wenn Sie zu viel Kokos\u00f6l verwenden, kann Ihr Haar fettig aussehen und sich auch so anf\u00fchlen. <\/p>\n\n<h3 class=\"wp-block-heading\"><strong>Als Haarmaske:<\/strong><\/h3>\n\n<p>Dies ist zweifelsohne die naheliegendste Methode. Es reicht nicht aus, ein paar L\u00f6ffel Kokos\u00f6l in Ihr Haar zu geben. <strong>Erhitzen Sie das Kokos\u00f6l<\/strong> am besten zuerst in einer Pfanne, damit es fl\u00fcssig wird. Lassen Sie es ein wenig abk\u00fchlen und <strong>verteilen Sie das \u00d6l<\/strong> vom Scheitel bis zu den Haarspitzen. Kurz einmassieren.&#13;\nWickeln Sie Ihr Haar in ein Handtuch und lassen Sie es <strong>15 bis 30 Minuten<\/strong> einwirken. Wenn Sie eine intensive Behandlung ben\u00f6tigen, lassen Sie die Kokosmaske <strong>\u00fcber Nacht<\/strong> einwirken.&#13;\nDanach gut aussp\u00fclen und die Haare wie gewohnt waschen.<\/p>\n\n<h3 class=\"wp-block-heading\"><strong>Als Pre-Shampoo oder (&#8222;Leave-in&#8220;) Conditioner:<\/strong><\/h3>\n\n<p>Bevor Sie unter die Dusche gehen, reiben Sie <strong>einige Tropfen Kokos\u00f6l<\/strong> in Ihr Haar ein. Es sch\u00fctzt Ihr Haar vor dem Aufquellen durch Wasser (hygrale Erm\u00fcdung) und wirkt gleichzeitig als Conditioner. Waschen Sie Ihr Haar wie gewohnt und sp\u00fclen Sie es gut aus. Danach ist Ihr Haar leicht k\u00e4mmbar und hat einen sch\u00f6nen nat\u00fcrlichen Glanz.<\/p>\n\n<h3 class=\"wp-block-heading\"><strong>Als Serum f\u00fcr die Haarspitzen:<\/strong><\/h3>\n\n<p>Zwischen den Haarw\u00e4schen k\u00f6nnen Sie Ihre Haarspitzen pflegen, indem Sie sie mit etwas Kokos\u00f6l einreiben.\u00a0<\/p>\n\n<h3 class=\"wp-block-heading\"><strong>Kokos\u00f6l als Bart\u00f6l:<\/strong><\/h3>\n\n<p>Ein Bart braucht Bart\u00f6l. F\u00fcr zus\u00e4tzliche Hydratation, Glanz und ein weiches Gef\u00fchl. Die beste Zeit f\u00fcr die Anwendung von Bart\u00f6l ist nach dem Duschen und auf einem trockenen Bart. Dann ist dein Bart sauber und die Poren deiner Haut sind offen, so dass das Kokos\u00f6l seine Wirkung noch besser entfalten kann.\u00a0<\/p>\n\n<p>Am besten beginnen Sie mit ein wenig Kokos\u00f6l. Bei Bedarf k\u00f6nnen Sie jederzeit mehr \u00d6l hinzuf\u00fcgen. Reiben Sie einen Teel\u00f6ffel Kokosnuss\u00f6l zwischen Ihren H\u00e4nden, so dass es warm und fl\u00fcssig ist. Massieren Sie das \u00d6l auf Ihr Kinn und reiben Sie es in einer abw\u00e4rts gerichteten Bewegung zu den Bartspitzen hin, w\u00e4hrend Sie den Bart formen. Zum Schluss das \u00fcbersch\u00fcssige \u00d6l in die Spitzen einmassieren.<\/p>\n\n<figure class=\"wp-block-image size-full\"><img decoding=\"async\" width=\"1024\" height=\"576\" src=\"https:\/\/www.amanprana.eu\/wp-content\/uploads\/baardverzorging-kokosolie.jpg\" alt=\"Bartpflege mit Kokos&#xF6;l\" class=\"wp-image-85756\" srcset=\"https:\/\/www.amanprana.eu\/wp-content\/uploads\/baardverzorging-kokosolie.jpg 1024w, https:\/\/www.amanprana.eu\/wp-content\/uploads\/baardverzorging-kokosolie-300x169.jpg 300w, https:\/\/www.amanprana.eu\/wp-content\/uploads\/baardverzorging-kokosolie-768x432.jpg 768w, https:\/\/www.amanprana.eu\/wp-content\/uploads\/baardverzorging-kokosolie-100x56.jpg 100w, https:\/\/www.amanprana.eu\/wp-content\/uploads\/baardverzorging-kokosolie-862x485.jpg 862w\" sizes=\"(max-width: 1024px) 100vw, 1024px\" \/><figcaption>Kokos\u00f6l ist ein ideales Bart\u00f6l<\/figcaption><\/figure>\n\n<h2 class=\"wp-block-heading\">Welches Kokos\u00f6l ist gut f\u00fcr die Haare?<\/h2>\n\n<p>Wenn Sie Ihr Haar pflegen, m\u00f6chten Sie von den vielen N\u00e4hrstoffen profitieren, die im Kokos\u00f6l enthalten sind. Daher ist es am besten, ein Glas<strong> natives Kokos\u00f6l <\/strong>zu kaufen. Viele billige Kokosnuss\u00f6le werden raffiniert und mit Chemikalien verarbeitet, damit sie sch\u00f6n wei\u00df werden oder l\u00e4nger halten. Es ist besser, dieses \u00d6l zu vermeiden.<\/p>\n\n<h2 class=\"wp-block-heading\">Gibt es Nachteile von Kokos\u00f6l f\u00fcr die Haare?<\/h2>\n\n<p>Hilfe. Sie tragen begeistert Kokos\u00f6l auf Ihr Haar auf, und statt sch\u00f6nem, gl\u00e4nzendem Haar erhalten Sie ein fettiges Durcheinander, das sich unangenehm anf\u00fchlt und aussieht. Warum ist das so? Sie haben zu viel Kokos\u00f6l verwendet!\u00a0<\/p>\n\n<p>Kokos\u00f6l ist ein Schwer\u00f6l, das sich nicht immer leicht aussp\u00fclen l\u00e4sst. Bei Haaren mit geringer Porosit\u00e4t verbleibt ein Teil des \u00d6ls als Fettschicht auf dem Haar.<\/p>\n\n<p><strong>Haare mit geringer Porosit\u00e4t<\/strong> sind Haare mit flachen, dicht gepackten Schuppen, die sich nicht leicht \u00f6ffnen lassen. Dieser Haartyp f\u00fchlt sich oft trocken an. Da es tief in das Haar eindringen kann, ist Kokos\u00f6l ein ideales \u00d6l, um diesem Haartyp Feuchtigkeit zu spenden. Es sei denn, Sie verwenden zu viel davon. Dann wird &#8222;aufgebaut&#8220;. Es geht also darum, die richtige Balance zu finden, wie viel Kokos\u00f6l f\u00fcr Ihr Haar f\u00f6rderlich ist.<\/p>\n","protected":false},"excerpt":{"rendered":"<p>Wir alle m\u00f6chten, dass unser Haar gesund und gl\u00e4nzend aussieht. Haben Sie jemals unter trockenem, schlaffem oder gesch\u00e4digtem Haar, widerspenstigen Locken, Spliss oder leicht brechendem Haar gelitten? Dann bettelt Ihr &#8230;<\/p>\n","protected":false},"author":43,"featured_media":85729,"comment_status":"closed","ping_status":"closed","sticky":false,"template":"","format":"standard","meta":{"_acf_changed":false,"rating_form_position":"","rating_results_position":"","mr_structured_data_type":"","footnotes":""},"categories":[869,861],"tags":[4133,2947,1747,1769],"class_list":["post-85835","post","type-post","status-publish","format-standard","has-post-thumbnail","hentry","category-inspiration","category-koerperpflege","tag-kokosol-fur-die-haare","tag-kokosol-zur-korperpflege","tag-kokosnussol","tag-bio-kokosol"],"acf":[],"yoast_head":"<!-- This site is optimized with the Yoast SEO plugin v24.7 - https:\/\/yoast.com\/wordpress\/plugins\/seo\/ -->\n<title>Warum ist Kokos\u00f6l so gut f\u00fcr die Haare? - Amanprana<\/title>\n<meta name=\"description\" content=\"Kokos\u00f6l ist ein wahres Wundermittel f\u00fcr Haar und Kopfhaut. Studien best\u00e4tigen dies. Lesen Sie hier, warum und wie man Kokos\u00f6l im Haar verwendet.\" \/>\n<meta name=\"robots\" content=\"index, follow, max-snippet:-1, max-image-preview:large, max-video-preview:-1\" \/>\n<link rel=\"canonical\" href=\"https:\/\/www.amanprana.eu\/de\/inspiration\/warum-ist-kokosoel-so-gut-fuer-die-haare\/\" \/>\n<meta property=\"og:locale\" content=\"de_DE\" \/>\n<meta property=\"og:type\" content=\"article\" \/>\n<meta property=\"og:title\" content=\"Warum ist Kokos\u00f6l so gut f\u00fcr die Haare? - Amanprana\" \/>\n<meta property=\"og:description\" content=\"Kokos\u00f6l ist ein wahres Wundermittel f\u00fcr Haar und Kopfhaut. Studien best\u00e4tigen dies. Lesen Sie hier, warum und wie man Kokos\u00f6l im Haar verwendet.\" \/>\n<meta property=\"og:url\" content=\"https:\/\/www.amanprana.eu\/de\/inspiration\/warum-ist-kokosoel-so-gut-fuer-die-haare\/\" \/>\n<meta property=\"og:site_name\" content=\"Amanprana\" \/>\n<meta property=\"article:publisher\" content=\"https:\/\/www.facebook.com\/Amanpranaproducts\/\" \/>\n<meta property=\"article:published_time\" content=\"2022-08-26T08:31:43+00:00\" \/>\n<meta property=\"article:modified_time\" content=\"2022-09-29T13:37:38+00:00\" \/>\n<meta property=\"og:image\" content=\"https:\/\/www.amanprana.eu\/wp-content\/uploads\/kokosolie-goed-voor-het-haar.jpg\" \/>\n\t<meta property=\"og:image:width\" content=\"1024\" \/>\n\t<meta property=\"og:image:height\" content=\"576\" \/>\n\t<meta property=\"og:image:type\" content=\"image\/jpeg\" \/>\n<meta name=\"author\" content=\"Enid Balemans\" \/>\n<meta name=\"twitter:card\" content=\"summary_large_image\" \/>\n<meta name=\"twitter:label1\" content=\"Verfasst von\" \/>\n\t<meta name=\"twitter:data1\" content=\"Enid Balemans\" \/>\n\t<meta name=\"twitter:label2\" content=\"Gesch\u00e4tzte Lesezeit\" \/>\n\t<meta name=\"twitter:data2\" content=\"7\u00a0Minuten\" \/>\n<script type=\"application\/ld+json\" class=\"yoast-schema-graph\">{\"@context\":\"https:\/\/schema.org\",\"@graph\":[{\"@type\":\"Article\",\"@id\":\"https:\/\/www.amanprana.eu\/de\/inspiration\/warum-ist-kokosoel-so-gut-fuer-die-haare\/#article\",\"isPartOf\":{\"@id\":\"https:\/\/www.amanprana.eu\/de\/inspiration\/warum-ist-kokosoel-so-gut-fuer-die-haare\/\"},\"author\":{\"name\":\"Enid Balemans\",\"@id\":\"https:\/\/www.amanprana.eu\/de\/#\/schema\/person\/3b0061cc869bd9d6fa20c1fafad334b7\"},\"headline\":\"Warum ist Kokos\u00f6l so gut f\u00fcr die Haare?\",\"datePublished\":\"2022-08-26T08:31:43+00:00\",\"dateModified\":\"2022-09-29T13:37:38+00:00\",\"mainEntityOfPage\":{\"@id\":\"https:\/\/www.amanprana.eu\/de\/inspiration\/warum-ist-kokosoel-so-gut-fuer-die-haare\/\"},\"wordCount\":1440,\"publisher\":{\"@id\":\"https:\/\/www.amanprana.eu\/de\/#organization\"},\"image\":{\"@id\":\"https:\/\/www.amanprana.eu\/de\/inspiration\/warum-ist-kokosoel-so-gut-fuer-die-haare\/#primaryimage\"},\"thumbnailUrl\":\"https:\/\/www.amanprana.eu\/wp-content\/uploads\/kokosolie-goed-voor-het-haar.jpg\",\"keywords\":[\"Kokos\u00f6l f\u00fcr die Haare\",\"Kokos\u00f6l zur K\u00f6rperpflege\",\"Kokosnuss\u00f6l\",\"Bio-Kokos\u00f6l\"],\"articleSection\":[\"Inspiration\",\"K\u00f6rperpflege\"],\"inLanguage\":\"de\"},{\"@type\":\"WebPage\",\"@id\":\"https:\/\/www.amanprana.eu\/de\/inspiration\/warum-ist-kokosoel-so-gut-fuer-die-haare\/\",\"url\":\"https:\/\/www.amanprana.eu\/de\/inspiration\/warum-ist-kokosoel-so-gut-fuer-die-haare\/\",\"name\":\"Warum ist Kokos\u00f6l so gut f\u00fcr die Haare? - Amanprana\",\"isPartOf\":{\"@id\":\"https:\/\/www.amanprana.eu\/de\/#website\"},\"primaryImageOfPage\":{\"@id\":\"https:\/\/www.amanprana.eu\/de\/inspiration\/warum-ist-kokosoel-so-gut-fuer-die-haare\/#primaryimage\"},\"image\":{\"@id\":\"https:\/\/www.amanprana.eu\/de\/inspiration\/warum-ist-kokosoel-so-gut-fuer-die-haare\/#primaryimage\"},\"thumbnailUrl\":\"https:\/\/www.amanprana.eu\/wp-content\/uploads\/kokosolie-goed-voor-het-haar.jpg\",\"datePublished\":\"2022-08-26T08:31:43+00:00\",\"dateModified\":\"2022-09-29T13:37:38+00:00\",\"description\":\"Kokos\u00f6l ist ein wahres Wundermittel f\u00fcr Haar und Kopfhaut. Studien best\u00e4tigen dies. Lesen Sie hier, warum und wie man Kokos\u00f6l im Haar verwendet.\",\"breadcrumb\":{\"@id\":\"https:\/\/www.amanprana.eu\/de\/inspiration\/warum-ist-kokosoel-so-gut-fuer-die-haare\/#breadcrumb\"},\"inLanguage\":\"de\",\"potentialAction\":[{\"@type\":\"ReadAction\",\"target\":[\"https:\/\/www.amanprana.eu\/de\/inspiration\/warum-ist-kokosoel-so-gut-fuer-die-haare\/\"]}]},{\"@type\":\"ImageObject\",\"inLanguage\":\"de\",\"@id\":\"https:\/\/www.amanprana.eu\/de\/inspiration\/warum-ist-kokosoel-so-gut-fuer-die-haare\/#primaryimage\",\"url\":\"https:\/\/www.amanprana.eu\/wp-content\/uploads\/kokosolie-goed-voor-het-haar.jpg\",\"contentUrl\":\"https:\/\/www.amanprana.eu\/wp-content\/uploads\/kokosolie-goed-voor-het-haar.jpg\",\"width\":1024,\"height\":576},{\"@type\":\"BreadcrumbList\",\"@id\":\"https:\/\/www.amanprana.eu\/de\/inspiration\/warum-ist-kokosoel-so-gut-fuer-die-haare\/#breadcrumb\",\"itemListElement\":[{\"@type\":\"ListItem\",\"position\":1,\"name\":\"Amanprana.eu\",\"item\":\"https:\/\/www.amanprana.eu\/de\/\"},{\"@type\":\"ListItem\",\"position\":2,\"name\":\"Inspiration\",\"item\":\"https:\/\/www.amanprana.eu\/de\/inspiration\/\"},{\"@type\":\"ListItem\",\"position\":3,\"name\":\"Warum ist Kokos\u00f6l so gut f\u00fcr die Haare?\"}]},{\"@type\":\"WebSite\",\"@id\":\"https:\/\/www.amanprana.eu\/de\/#website\",\"url\":\"https:\/\/www.amanprana.eu\/de\/\",\"name\":\"Amanprana\",\"description\":\"Serene levenskracht\",\"publisher\":{\"@id\":\"https:\/\/www.amanprana.eu\/de\/#organization\"},\"potentialAction\":[{\"@type\":\"SearchAction\",\"target\":{\"@type\":\"EntryPoint\",\"urlTemplate\":\"https:\/\/www.amanprana.eu\/de\/?s={search_term_string}\"},\"query-input\":{\"@type\":\"PropertyValueSpecification\",\"valueRequired\":true,\"valueName\":\"search_term_string\"}}],\"inLanguage\":\"de\"},{\"@type\":\"Organization\",\"@id\":\"https:\/\/www.amanprana.eu\/de\/#organization\",\"name\":\"Amanprana\",\"url\":\"https:\/\/www.amanprana.eu\/de\/\",\"logo\":{\"@type\":\"ImageObject\",\"inLanguage\":\"de\",\"@id\":\"https:\/\/www.amanprana.eu\/de\/#\/schema\/logo\/image\/\",\"url\":\"https:\/\/www.amanprana.eu\/wp-content\/uploads\/webres-amanprana-logo.jpg\",\"contentUrl\":\"https:\/\/www.amanprana.eu\/wp-content\/uploads\/webres-amanprana-logo.jpg\",\"width\":300,\"height\":300,\"caption\":\"Amanprana\"},\"image\":{\"@id\":\"https:\/\/www.amanprana.eu\/de\/#\/schema\/logo\/image\/\"},\"sameAs\":[\"https:\/\/www.facebook.com\/Amanpranaproducts\/\",\"https:\/\/www.instagram.com\/amanprana\/\",\"https:\/\/nl.pinterest.com\/amanprana\/pins\/\"]},{\"@type\":\"Person\",\"@id\":\"https:\/\/www.amanprana.eu\/de\/#\/schema\/person\/3b0061cc869bd9d6fa20c1fafad334b7\",\"name\":\"Enid Balemans\",\"url\":\"https:\/\/www.amanprana.eu\/de\/author\/enid\/\"}]}<\/script>\n<!-- \/ Yoast SEO plugin. -->","yoast_head_json":{"title":"Warum ist Kokos\u00f6l so gut f\u00fcr die Haare? - Amanprana","description":"Kokos\u00f6l ist ein wahres Wundermittel f\u00fcr Haar und Kopfhaut. Studien best\u00e4tigen dies. Lesen Sie hier, warum und wie man Kokos\u00f6l im Haar verwendet.","robots":{"index":"index","follow":"follow","max-snippet":"max-snippet:-1","max-image-preview":"max-image-preview:large","max-video-preview":"max-video-preview:-1"},"canonical":"https:\/\/www.amanprana.eu\/de\/inspiration\/warum-ist-kokosoel-so-gut-fuer-die-haare\/","og_locale":"de_DE","og_type":"article","og_title":"Warum ist Kokos\u00f6l so gut f\u00fcr die Haare? - Amanprana","og_description":"Kokos\u00f6l ist ein wahres Wundermittel f\u00fcr Haar und Kopfhaut. Studien best\u00e4tigen dies. Lesen Sie hier, warum und wie man Kokos\u00f6l im Haar verwendet.","og_url":"https:\/\/www.amanprana.eu\/de\/inspiration\/warum-ist-kokosoel-so-gut-fuer-die-haare\/","og_site_name":"Amanprana","article_publisher":"https:\/\/www.facebook.com\/Amanpranaproducts\/","article_published_time":"2022-08-26T08:31:43+00:00","article_modified_time":"2022-09-29T13:37:38+00:00","og_image":[{"width":1024,"height":576,"url":"https:\/\/www.amanprana.eu\/wp-content\/uploads\/kokosolie-goed-voor-het-haar.jpg","type":"image\/jpeg"}],"author":"Enid Balemans","twitter_card":"summary_large_image","twitter_misc":{"Verfasst von":"Enid Balemans","Gesch\u00e4tzte Lesezeit":"7\u00a0Minuten"},"schema":{"@context":"https:\/\/schema.org","@graph":[{"@type":"Article","@id":"https:\/\/www.amanprana.eu\/de\/inspiration\/warum-ist-kokosoel-so-gut-fuer-die-haare\/#article","isPartOf":{"@id":"https:\/\/www.amanprana.eu\/de\/inspiration\/warum-ist-kokosoel-so-gut-fuer-die-haare\/"},"author":{"name":"Enid Balemans","@id":"https:\/\/www.amanprana.eu\/de\/#\/schema\/person\/3b0061cc869bd9d6fa20c1fafad334b7"},"headline":"Warum ist Kokos\u00f6l so gut f\u00fcr die Haare?","datePublished":"2022-08-26T08:31:43+00:00","dateModified":"2022-09-29T13:37:38+00:00","mainEntityOfPage":{"@id":"https:\/\/www.amanprana.eu\/de\/inspiration\/warum-ist-kokosoel-so-gut-fuer-die-haare\/"},"wordCount":1440,"publisher":{"@id":"https:\/\/www.amanprana.eu\/de\/#organization"},"image":{"@id":"https:\/\/www.amanprana.eu\/de\/inspiration\/warum-ist-kokosoel-so-gut-fuer-die-haare\/#primaryimage"},"thumbnailUrl":"https:\/\/www.amanprana.eu\/wp-content\/uploads\/kokosolie-goed-voor-het-haar.jpg","keywords":["Kokos\u00f6l f\u00fcr die Haare","Kokos\u00f6l zur K\u00f6rperpflege","Kokosnuss\u00f6l","Bio-Kokos\u00f6l"],"articleSection":["Inspiration","K\u00f6rperpflege"],"inLanguage":"de"},{"@type":"WebPage","@id":"https:\/\/www.amanprana.eu\/de\/inspiration\/warum-ist-kokosoel-so-gut-fuer-die-haare\/","url":"https:\/\/www.amanprana.eu\/de\/inspiration\/warum-ist-kokosoel-so-gut-fuer-die-haare\/","name":"Warum ist Kokos\u00f6l so gut f\u00fcr die Haare? - Amanprana","isPartOf":{"@id":"https:\/\/www.amanprana.eu\/de\/#website"},"primaryImageOfPage":{"@id":"https:\/\/www.amanprana.eu\/de\/inspiration\/warum-ist-kokosoel-so-gut-fuer-die-haare\/#primaryimage"},"image":{"@id":"https:\/\/www.amanprana.eu\/de\/inspiration\/warum-ist-kokosoel-so-gut-fuer-die-haare\/#primaryimage"},"thumbnailUrl":"https:\/\/www.amanprana.eu\/wp-content\/uploads\/kokosolie-goed-voor-het-haar.jpg","datePublished":"2022-08-26T08:31:43+00:00","dateModified":"2022-09-29T13:37:38+00:00","description":"Kokos\u00f6l ist ein wahres Wundermittel f\u00fcr Haar und Kopfhaut. Studien best\u00e4tigen dies. Lesen Sie hier, warum und wie man Kokos\u00f6l im Haar verwendet.","breadcrumb":{"@id":"https:\/\/www.amanprana.eu\/de\/inspiration\/warum-ist-kokosoel-so-gut-fuer-die-haare\/#breadcrumb"},"inLanguage":"de","potentialAction":[{"@type":"ReadAction","target":["https:\/\/www.amanprana.eu\/de\/inspiration\/warum-ist-kokosoel-so-gut-fuer-die-haare\/"]}]},{"@type":"ImageObject","inLanguage":"de","@id":"https:\/\/www.amanprana.eu\/de\/inspiration\/warum-ist-kokosoel-so-gut-fuer-die-haare\/#primaryimage","url":"https:\/\/www.amanprana.eu\/wp-content\/uploads\/kokosolie-goed-voor-het-haar.jpg","contentUrl":"https:\/\/www.amanprana.eu\/wp-content\/uploads\/kokosolie-goed-voor-het-haar.jpg","width":1024,"height":576},{"@type":"BreadcrumbList","@id":"https:\/\/www.amanprana.eu\/de\/inspiration\/warum-ist-kokosoel-so-gut-fuer-die-haare\/#breadcrumb","itemListElement":[{"@type":"ListItem","position":1,"name":"Amanprana.eu","item":"https:\/\/www.amanprana.eu\/de\/"},{"@type":"ListItem","position":2,"name":"Inspiration","item":"https:\/\/www.amanprana.eu\/de\/inspiration\/"},{"@type":"ListItem","position":3,"name":"Warum ist Kokos\u00f6l so gut f\u00fcr die Haare?"}]},{"@type":"WebSite","@id":"https:\/\/www.amanprana.eu\/de\/#website","url":"https:\/\/www.amanprana.eu\/de\/","name":"Amanprana","description":"Serene levenskracht","publisher":{"@id":"https:\/\/www.amanprana.eu\/de\/#organization"},"potentialAction":[{"@type":"SearchAction","target":{"@type":"EntryPoint","urlTemplate":"https:\/\/www.amanprana.eu\/de\/?s={search_term_string}"},"query-input":{"@type":"PropertyValueSpecification","valueRequired":true,"valueName":"search_term_string"}}],"inLanguage":"de"},{"@type":"Organization","@id":"https:\/\/www.amanprana.eu\/de\/#organization","name":"Amanprana","url":"https:\/\/www.amanprana.eu\/de\/","logo":{"@type":"ImageObject","inLanguage":"de","@id":"https:\/\/www.amanprana.eu\/de\/#\/schema\/logo\/image\/","url":"https:\/\/www.amanprana.eu\/wp-content\/uploads\/webres-amanprana-logo.jpg","contentUrl":"https:\/\/www.amanprana.eu\/wp-content\/uploads\/webres-amanprana-logo.jpg","width":300,"height":300,"caption":"Amanprana"},"image":{"@id":"https:\/\/www.amanprana.eu\/de\/#\/schema\/logo\/image\/"},"sameAs":["https:\/\/www.facebook.com\/Amanpranaproducts\/","https:\/\/www.instagram.com\/amanprana\/","https:\/\/nl.pinterest.com\/amanprana\/pins\/"]},{"@type":"Person","@id":"https:\/\/www.amanprana.eu\/de\/#\/schema\/person\/3b0061cc869bd9d6fa20c1fafad334b7","name":"Enid Balemans","url":"https:\/\/www.amanprana.eu\/de\/author\/enid\/"}]}},"multi-rating":{"mr_rating_results":[]},"_links":{"self":[{"href":"https:\/\/www.amanprana.eu\/de\/wp-json\/wp\/v2\/posts\/85835","targetHints":{"allow":["GET"]}}],"collection":[{"href":"https:\/\/www.amanprana.eu\/de\/wp-json\/wp\/v2\/posts"}],"about":[{"href":"https:\/\/www.amanprana.eu\/de\/wp-json\/wp\/v2\/types\/post"}],"author":[{"embeddable":true,"href":"https:\/\/www.amanprana.eu\/de\/wp-json\/wp\/v2\/users\/43"}],"replies":[{"embeddable":true,"href":"https:\/\/www.amanprana.eu\/de\/wp-json\/wp\/v2\/comments?post=85835"}],"version-history":[{"count":4,"href":"https:\/\/www.amanprana.eu\/de\/wp-json\/wp\/v2\/posts\/85835\/revisions"}],"predecessor-version":[{"id":86684,"href":"https:\/\/www.amanprana.eu\/de\/wp-json\/wp\/v2\/posts\/85835\/revisions\/86684"}],"wp:featuredmedia":[{"embeddable":true,"href":"https:\/\/www.amanprana.eu\/de\/wp-json\/wp\/v2\/media\/85729"}],"wp:attachment":[{"href":"https:\/\/www.amanprana.eu\/de\/wp-json\/wp\/v2\/media?parent=85835"}],"wp:term":[{"taxonomy":"category","embeddable":true,"href":"https:\/\/www.amanprana.eu\/de\/wp-json\/wp\/v2\/categories?post=85835"},{"taxonomy":"post_tag","embeddable":true,"href":"https:\/\/www.amanprana.eu\/de\/wp-json\/wp\/v2\/tags?post=85835"}],"curies":[{"name":"wp","href":"https:\/\/api.w.org\/{rel}","templated":true}]}}