

{"id":64398,"date":"2021-10-11T13:40:32","date_gmt":"2021-10-11T11:40:32","guid":{"rendered":"https:\/\/www.amanprana.eu\/ultimas-noticias\/ninos-dolor-de-oidos\/"},"modified":"2021-10-11T13:40:34","modified_gmt":"2021-10-11T11:40:34","slug":"ninos-dolor-de-oidos","status":"publish","type":"post","link":"https:\/\/www.amanprana.eu\/es\/inspiracion\/ninos-dolor-de-oidos\/","title":{"rendered":"\u00bfPor qu\u00e9 los ni\u00f1os sufren de dolores de o\u00eddo con m\u00e1s frecuencia que los adultos?"},"content":{"rendered":"\n<p>El dolor de o\u00eddo en adultos, ni\u00f1os o beb\u00e9s generalmente es causado por una inflamaci\u00f3n en cierta parte del o\u00eddo. Esta inflamaci\u00f3n y dolor de o\u00eddo es causada por bacterias, virus u hongos. Por ejemplo, las infecciones de o\u00eddo pueden surgir por demasiada cera o muy poca cera.<\/p>\n\n<h2 class=\"wp-block-heading\">El dolor de o\u00eddo en los adultos es menos com\u00fan que en los ni\u00f1os.<\/h2>\n\n<p>En los adultos suele ser una inflamaci\u00f3n del o\u00eddo interno o tambi\u00e9n una inflamaci\u00f3n de la trompa de Eustaquio (conexi\u00f3n entre la nariz y el o\u00eddo). Por lo general, el dolor de o\u00eddo y la inflamaci\u00f3n desaparecen por s\u00ed solos y el dolor es menos intenso que en los ni\u00f1os peque\u00f1os.<\/p>\n\n<p>Los ni\u00f1os tienen un sistema inmunol\u00f3gico m\u00e1s d\u00e9bil que los adultos porque a\u00fan no est\u00e1 tan desarrollado. Esto hace que les resulte m\u00e1s f\u00e1cil y frecuente contraer una infecci\u00f3n de o\u00eddo. Suele ser una inflamaci\u00f3n del o\u00eddo medio que puede ir acompa\u00f1ada de mucho dolor y fiebre. Los ni\u00f1os pueden experimentar el dolor de o\u00eddo m\u00e1s severamente que los adultos.<\/p>\n\n<p>Una infecci\u00f3n de o\u00eddo en los ni\u00f1os generalmente es causada por un simple resfriado donde se puede acumular l\u00edquido en la trompa de Eustaquio (conexi\u00f3n entre la nariz y el o\u00eddo). Si ingresan virus o bacterias en el l\u00edquido, se puede producir una infecci\u00f3n de o\u00eddo. Una infecci\u00f3n de o\u00eddo en ni\u00f1os peque\u00f1os puede reaparecer varias veces al a\u00f1o. Pero nuestros m\u00e9dicos de cabecera tienen una soluci\u00f3n r\u00e1pida para eso: prescriben una \u00abcura\u00bb. En 5 d\u00edas, el ni\u00f1o desaparece del dolor. Es por eso que muchos ni\u00f1os ya han recibido varios ciclos de antibi\u00f3ticos para una infecci\u00f3n de o\u00eddo a una edad temprana. Esto puede ser f\u00e1cil, pero \u00bfes realmente lo mejor para la salud de nuestros ni\u00f1os?<\/p>\n","protected":false},"excerpt":{"rendered":"<p>El dolor de o\u00eddo en adultos, ni\u00f1os o beb\u00e9s generalmente es causado por una inflamaci\u00f3n en cierta parte del o\u00eddo. Esta inflamaci\u00f3n y dolor de o\u00eddo es causada por bacterias, &#8230;<\/p>\n","protected":false},"author":9,"featured_media":55750,"comment_status":"closed","ping_status":"closed","sticky":false,"template":"","format":"standard","meta":{"_acf_changed":false,"rating_form_position":"","rating_results_position":"","mr_structured_data_type":"","footnotes":""},"categories":[1125,1126],"tags":[2561,2562,2190],"class_list":["post-64398","post","type-post","status-publish","format-standard","has-post-thumbnail","hentry","category-aseo-corporal","category-inspiracion","tag-dolor-de-oidos","tag-oral-y-auris","tag-remedio-natural"],"acf":[],"yoast_head":"<!-- This site is optimized with the Yoast SEO plugin v24.7 - https:\/\/yoast.com\/wordpress\/plugins\/seo\/ -->\n<title>Dolor de oidos. \u00bfPor qu\u00e9 los ni\u00f1os la padecen con m\u00e1s frecuencia que los adultos?<\/title>\n<meta name=\"description\" content=\"El dolor de o\u00eddo en adultos, ni\u00f1os o beb\u00e9s a menudo es causado por una inflamaci\u00f3n. Es causada por bacterias, virus u hongos.\" \/>\n<meta name=\"robots\" content=\"index, follow, max-snippet:-1, max-image-preview:large, max-video-preview:-1\" \/>\n<link rel=\"canonical\" href=\"https:\/\/www.amanprana.eu\/es\/inspiracion\/ninos-dolor-de-oidos\/\" \/>\n<meta property=\"og:locale\" content=\"es_ES\" \/>\n<meta property=\"og:type\" content=\"article\" \/>\n<meta property=\"og:title\" content=\"Dolor de oidos. \u00bfPor qu\u00e9 los ni\u00f1os la padecen con m\u00e1s frecuencia que los adultos?\" \/>\n<meta property=\"og:description\" content=\"El dolor de o\u00eddo en adultos, ni\u00f1os o beb\u00e9s a menudo es causado por una inflamaci\u00f3n. Es causada por bacterias, virus u hongos.\" \/>\n<meta property=\"og:url\" content=\"https:\/\/www.amanprana.eu\/es\/inspiracion\/ninos-dolor-de-oidos\/\" \/>\n<meta property=\"og:site_name\" content=\"Amanprana\" \/>\n<meta property=\"article:publisher\" content=\"https:\/\/www.facebook.com\/Amanpranaproducts\/\" \/>\n<meta property=\"article:published_time\" content=\"2021-10-11T11:40:32+00:00\" \/>\n<meta property=\"article:modified_time\" content=\"2021-10-11T11:40:34+00:00\" \/>\n<meta property=\"og:image\" content=\"https:\/\/www.amanprana.eu\/wp-content\/uploads\/oorontsteking-natuurlijk-behandelen.jpg\" \/>\n\t<meta property=\"og:image:width\" content=\"1920\" \/>\n\t<meta property=\"og:image:height\" content=\"1080\" \/>\n\t<meta property=\"og:image:type\" content=\"image\/jpeg\" \/>\n<meta name=\"author\" content=\"Joyce\" \/>\n<meta name=\"twitter:card\" content=\"summary_large_image\" \/>\n<meta name=\"twitter:label1\" content=\"Escrito por\" \/>\n\t<meta name=\"twitter:data1\" content=\"Joyce\" \/>\n\t<meta name=\"twitter:label2\" content=\"Tiempo de lectura\" \/>\n\t<meta name=\"twitter:data2\" content=\"2 minutos\" \/>\n<script type=\"application\/ld+json\" class=\"yoast-schema-graph\">{\"@context\":\"https:\/\/schema.org\",\"@graph\":[{\"@type\":\"Article\",\"@id\":\"https:\/\/www.amanprana.eu\/es\/inspiracion\/ninos-dolor-de-oidos\/#article\",\"isPartOf\":{\"@id\":\"https:\/\/www.amanprana.eu\/es\/inspiracion\/ninos-dolor-de-oidos\/\"},\"author\":{\"name\":\"Joyce\",\"@id\":\"https:\/\/www.amanprana.eu\/es\/#\/schema\/person\/25bfe000374cd97b7846ff45e20337d2\"},\"headline\":\"\u00bfPor qu\u00e9 los ni\u00f1os sufren de dolores de o\u00eddo con m\u00e1s frecuencia que los adultos?\",\"datePublished\":\"2021-10-11T11:40:32+00:00\",\"dateModified\":\"2021-10-11T11:40:34+00:00\",\"mainEntityOfPage\":{\"@id\":\"https:\/\/www.amanprana.eu\/es\/inspiracion\/ninos-dolor-de-oidos\/\"},\"wordCount\":369,\"publisher\":{\"@id\":\"https:\/\/www.amanprana.eu\/es\/#organization\"},\"image\":{\"@id\":\"https:\/\/www.amanprana.eu\/es\/inspiracion\/ninos-dolor-de-oidos\/#primaryimage\"},\"thumbnailUrl\":\"https:\/\/www.amanprana.eu\/wp-content\/uploads\/oorontsteking-natuurlijk-behandelen.jpg\",\"keywords\":[\"Dolor de oidos\",\"Oral y Auris\",\"remedio natural\"],\"articleSection\":[\"aseo corporal\",\"inspiraci\u00f3n\"],\"inLanguage\":\"es\"},{\"@type\":\"WebPage\",\"@id\":\"https:\/\/www.amanprana.eu\/es\/inspiracion\/ninos-dolor-de-oidos\/\",\"url\":\"https:\/\/www.amanprana.eu\/es\/inspiracion\/ninos-dolor-de-oidos\/\",\"name\":\"Dolor de oidos. \u00bfPor qu\u00e9 los ni\u00f1os la padecen con m\u00e1s frecuencia que los adultos?\",\"isPartOf\":{\"@id\":\"https:\/\/www.amanprana.eu\/es\/#website\"},\"primaryImageOfPage\":{\"@id\":\"https:\/\/www.amanprana.eu\/es\/inspiracion\/ninos-dolor-de-oidos\/#primaryimage\"},\"image\":{\"@id\":\"https:\/\/www.amanprana.eu\/es\/inspiracion\/ninos-dolor-de-oidos\/#primaryimage\"},\"thumbnailUrl\":\"https:\/\/www.amanprana.eu\/wp-content\/uploads\/oorontsteking-natuurlijk-behandelen.jpg\",\"datePublished\":\"2021-10-11T11:40:32+00:00\",\"dateModified\":\"2021-10-11T11:40:34+00:00\",\"description\":\"El dolor de o\u00eddo en adultos, ni\u00f1os o beb\u00e9s a menudo es causado por una inflamaci\u00f3n. Es causada por bacterias, virus u hongos.\",\"breadcrumb\":{\"@id\":\"https:\/\/www.amanprana.eu\/es\/inspiracion\/ninos-dolor-de-oidos\/#breadcrumb\"},\"inLanguage\":\"es\",\"potentialAction\":[{\"@type\":\"ReadAction\",\"target\":[\"https:\/\/www.amanprana.eu\/es\/inspiracion\/ninos-dolor-de-oidos\/\"]}]},{\"@type\":\"ImageObject\",\"inLanguage\":\"es\",\"@id\":\"https:\/\/www.amanprana.eu\/es\/inspiracion\/ninos-dolor-de-oidos\/#primaryimage\",\"url\":\"https:\/\/www.amanprana.eu\/wp-content\/uploads\/oorontsteking-natuurlijk-behandelen.jpg\",\"contentUrl\":\"https:\/\/www.amanprana.eu\/wp-content\/uploads\/oorontsteking-natuurlijk-behandelen.jpg\",\"width\":1920,\"height\":1080,\"caption\":\"Tratar el dolor de o\u00eddo en el ni\u00f1o de forma natural\"},{\"@type\":\"BreadcrumbList\",\"@id\":\"https:\/\/www.amanprana.eu\/es\/inspiracion\/ninos-dolor-de-oidos\/#breadcrumb\",\"itemListElement\":[{\"@type\":\"ListItem\",\"position\":1,\"name\":\"Amanprana.eu\",\"item\":\"https:\/\/www.amanprana.eu\/es\/\"},{\"@type\":\"ListItem\",\"position\":2,\"name\":\"inspiraci\u00f3n\",\"item\":\"https:\/\/www.amanprana.eu\/es\/inspiracion\/\"},{\"@type\":\"ListItem\",\"position\":3,\"name\":\"\u00bfPor qu\u00e9 los ni\u00f1os sufren de dolores de o\u00eddo con m\u00e1s frecuencia que los adultos?\"}]},{\"@type\":\"WebSite\",\"@id\":\"https:\/\/www.amanprana.eu\/es\/#website\",\"url\":\"https:\/\/www.amanprana.eu\/es\/\",\"name\":\"Amanprana\",\"description\":\"Serene levenskracht\",\"publisher\":{\"@id\":\"https:\/\/www.amanprana.eu\/es\/#organization\"},\"potentialAction\":[{\"@type\":\"SearchAction\",\"target\":{\"@type\":\"EntryPoint\",\"urlTemplate\":\"https:\/\/www.amanprana.eu\/es\/?s={search_term_string}\"},\"query-input\":{\"@type\":\"PropertyValueSpecification\",\"valueRequired\":true,\"valueName\":\"search_term_string\"}}],\"inLanguage\":\"es\"},{\"@type\":\"Organization\",\"@id\":\"https:\/\/www.amanprana.eu\/es\/#organization\",\"name\":\"Amanprana\",\"url\":\"https:\/\/www.amanprana.eu\/es\/\",\"logo\":{\"@type\":\"ImageObject\",\"inLanguage\":\"es\",\"@id\":\"https:\/\/www.amanprana.eu\/es\/#\/schema\/logo\/image\/\",\"url\":\"https:\/\/www.amanprana.eu\/wp-content\/uploads\/webres-amanprana-logo.jpg\",\"contentUrl\":\"https:\/\/www.amanprana.eu\/wp-content\/uploads\/webres-amanprana-logo.jpg\",\"width\":300,\"height\":300,\"caption\":\"Amanprana\"},\"image\":{\"@id\":\"https:\/\/www.amanprana.eu\/es\/#\/schema\/logo\/image\/\"},\"sameAs\":[\"https:\/\/www.facebook.com\/Amanpranaproducts\/\",\"https:\/\/www.instagram.com\/amanprana\/\",\"https:\/\/nl.pinterest.com\/amanprana\/pins\/\"]},{\"@type\":\"Person\",\"@id\":\"https:\/\/www.amanprana.eu\/es\/#\/schema\/person\/25bfe000374cd97b7846ff45e20337d2\",\"name\":\"Joyce\",\"url\":\"https:\/\/www.amanprana.eu\/es\/author\/joyce\/\"}]}<\/script>\n<!-- \/ Yoast SEO plugin. -->","yoast_head_json":{"title":"Dolor de oidos. \u00bfPor qu\u00e9 los ni\u00f1os la padecen con m\u00e1s frecuencia que los adultos?","description":"El dolor de o\u00eddo en adultos, ni\u00f1os o beb\u00e9s a menudo es causado por una inflamaci\u00f3n. Es causada por bacterias, virus u hongos.","robots":{"index":"index","follow":"follow","max-snippet":"max-snippet:-1","max-image-preview":"max-image-preview:large","max-video-preview":"max-video-preview:-1"},"canonical":"https:\/\/www.amanprana.eu\/es\/inspiracion\/ninos-dolor-de-oidos\/","og_locale":"es_ES","og_type":"article","og_title":"Dolor de oidos. \u00bfPor qu\u00e9 los ni\u00f1os la padecen con m\u00e1s frecuencia que los adultos?","og_description":"El dolor de o\u00eddo en adultos, ni\u00f1os o beb\u00e9s a menudo es causado por una inflamaci\u00f3n. Es causada por bacterias, virus u hongos.","og_url":"https:\/\/www.amanprana.eu\/es\/inspiracion\/ninos-dolor-de-oidos\/","og_site_name":"Amanprana","article_publisher":"https:\/\/www.facebook.com\/Amanpranaproducts\/","article_published_time":"2021-10-11T11:40:32+00:00","article_modified_time":"2021-10-11T11:40:34+00:00","og_image":[{"width":1920,"height":1080,"url":"https:\/\/www.amanprana.eu\/wp-content\/uploads\/oorontsteking-natuurlijk-behandelen.jpg","type":"image\/jpeg"}],"author":"Joyce","twitter_card":"summary_large_image","twitter_misc":{"Escrito por":"Joyce","Tiempo de lectura":"2 minutos"},"schema":{"@context":"https:\/\/schema.org","@graph":[{"@type":"Article","@id":"https:\/\/www.amanprana.eu\/es\/inspiracion\/ninos-dolor-de-oidos\/#article","isPartOf":{"@id":"https:\/\/www.amanprana.eu\/es\/inspiracion\/ninos-dolor-de-oidos\/"},"author":{"name":"Joyce","@id":"https:\/\/www.amanprana.eu\/es\/#\/schema\/person\/25bfe000374cd97b7846ff45e20337d2"},"headline":"\u00bfPor qu\u00e9 los ni\u00f1os sufren de dolores de o\u00eddo con m\u00e1s frecuencia que los adultos?","datePublished":"2021-10-11T11:40:32+00:00","dateModified":"2021-10-11T11:40:34+00:00","mainEntityOfPage":{"@id":"https:\/\/www.amanprana.eu\/es\/inspiracion\/ninos-dolor-de-oidos\/"},"wordCount":369,"publisher":{"@id":"https:\/\/www.amanprana.eu\/es\/#organization"},"image":{"@id":"https:\/\/www.amanprana.eu\/es\/inspiracion\/ninos-dolor-de-oidos\/#primaryimage"},"thumbnailUrl":"https:\/\/www.amanprana.eu\/wp-content\/uploads\/oorontsteking-natuurlijk-behandelen.jpg","keywords":["Dolor de oidos","Oral y Auris","remedio natural"],"articleSection":["aseo corporal","inspiraci\u00f3n"],"inLanguage":"es"},{"@type":"WebPage","@id":"https:\/\/www.amanprana.eu\/es\/inspiracion\/ninos-dolor-de-oidos\/","url":"https:\/\/www.amanprana.eu\/es\/inspiracion\/ninos-dolor-de-oidos\/","name":"Dolor de oidos. \u00bfPor qu\u00e9 los ni\u00f1os la padecen con m\u00e1s frecuencia que los adultos?","isPartOf":{"@id":"https:\/\/www.amanprana.eu\/es\/#website"},"primaryImageOfPage":{"@id":"https:\/\/www.amanprana.eu\/es\/inspiracion\/ninos-dolor-de-oidos\/#primaryimage"},"image":{"@id":"https:\/\/www.amanprana.eu\/es\/inspiracion\/ninos-dolor-de-oidos\/#primaryimage"},"thumbnailUrl":"https:\/\/www.amanprana.eu\/wp-content\/uploads\/oorontsteking-natuurlijk-behandelen.jpg","datePublished":"2021-10-11T11:40:32+00:00","dateModified":"2021-10-11T11:40:34+00:00","description":"El dolor de o\u00eddo en adultos, ni\u00f1os o beb\u00e9s a menudo es causado por una inflamaci\u00f3n. Es causada por bacterias, virus u hongos.","breadcrumb":{"@id":"https:\/\/www.amanprana.eu\/es\/inspiracion\/ninos-dolor-de-oidos\/#breadcrumb"},"inLanguage":"es","potentialAction":[{"@type":"ReadAction","target":["https:\/\/www.amanprana.eu\/es\/inspiracion\/ninos-dolor-de-oidos\/"]}]},{"@type":"ImageObject","inLanguage":"es","@id":"https:\/\/www.amanprana.eu\/es\/inspiracion\/ninos-dolor-de-oidos\/#primaryimage","url":"https:\/\/www.amanprana.eu\/wp-content\/uploads\/oorontsteking-natuurlijk-behandelen.jpg","contentUrl":"https:\/\/www.amanprana.eu\/wp-content\/uploads\/oorontsteking-natuurlijk-behandelen.jpg","width":1920,"height":1080,"caption":"Tratar el dolor de o\u00eddo en el ni\u00f1o de forma natural"},{"@type":"BreadcrumbList","@id":"https:\/\/www.amanprana.eu\/es\/inspiracion\/ninos-dolor-de-oidos\/#breadcrumb","itemListElement":[{"@type":"ListItem","position":1,"name":"Amanprana.eu","item":"https:\/\/www.amanprana.eu\/es\/"},{"@type":"ListItem","position":2,"name":"inspiraci\u00f3n","item":"https:\/\/www.amanprana.eu\/es\/inspiracion\/"},{"@type":"ListItem","position":3,"name":"\u00bfPor qu\u00e9 los ni\u00f1os sufren de dolores de o\u00eddo con m\u00e1s frecuencia que los adultos?"}]},{"@type":"WebSite","@id":"https:\/\/www.amanprana.eu\/es\/#website","url":"https:\/\/www.amanprana.eu\/es\/","name":"Amanprana","description":"Serene levenskracht","publisher":{"@id":"https:\/\/www.amanprana.eu\/es\/#organization"},"potentialAction":[{"@type":"SearchAction","target":{"@type":"EntryPoint","urlTemplate":"https:\/\/www.amanprana.eu\/es\/?s={search_term_string}"},"query-input":{"@type":"PropertyValueSpecification","valueRequired":true,"valueName":"search_term_string"}}],"inLanguage":"es"},{"@type":"Organization","@id":"https:\/\/www.amanprana.eu\/es\/#organization","name":"Amanprana","url":"https:\/\/www.amanprana.eu\/es\/","logo":{"@type":"ImageObject","inLanguage":"es","@id":"https:\/\/www.amanprana.eu\/es\/#\/schema\/logo\/image\/","url":"https:\/\/www.amanprana.eu\/wp-content\/uploads\/webres-amanprana-logo.jpg","contentUrl":"https:\/\/www.amanprana.eu\/wp-content\/uploads\/webres-amanprana-logo.jpg","width":300,"height":300,"caption":"Amanprana"},"image":{"@id":"https:\/\/www.amanprana.eu\/es\/#\/schema\/logo\/image\/"},"sameAs":["https:\/\/www.facebook.com\/Amanpranaproducts\/","https:\/\/www.instagram.com\/amanprana\/","https:\/\/nl.pinterest.com\/amanprana\/pins\/"]},{"@type":"Person","@id":"https:\/\/www.amanprana.eu\/es\/#\/schema\/person\/25bfe000374cd97b7846ff45e20337d2","name":"Joyce","url":"https:\/\/www.amanprana.eu\/es\/author\/joyce\/"}]}},"multi-rating":{"mr_rating_results":[]},"_links":{"self":[{"href":"https:\/\/www.amanprana.eu\/es\/wp-json\/wp\/v2\/posts\/64398","targetHints":{"allow":["GET"]}}],"collection":[{"href":"https:\/\/www.amanprana.eu\/es\/wp-json\/wp\/v2\/posts"}],"about":[{"href":"https:\/\/www.amanprana.eu\/es\/wp-json\/wp\/v2\/types\/post"}],"author":[{"embeddable":true,"href":"https:\/\/www.amanprana.eu\/es\/wp-json\/wp\/v2\/users\/9"}],"replies":[{"embeddable":true,"href":"https:\/\/www.amanprana.eu\/es\/wp-json\/wp\/v2\/comments?post=64398"}],"version-history":[{"count":1,"href":"https:\/\/www.amanprana.eu\/es\/wp-json\/wp\/v2\/posts\/64398\/revisions"}],"predecessor-version":[{"id":64399,"href":"https:\/\/www.amanprana.eu\/es\/wp-json\/wp\/v2\/posts\/64398\/revisions\/64399"}],"wp:featuredmedia":[{"embeddable":true,"href":"https:\/\/www.amanprana.eu\/es\/wp-json\/wp\/v2\/media\/55750"}],"wp:attachment":[{"href":"https:\/\/www.amanprana.eu\/es\/wp-json\/wp\/v2\/media?parent=64398"}],"wp:term":[{"taxonomy":"category","embeddable":true,"href":"https:\/\/www.amanprana.eu\/es\/wp-json\/wp\/v2\/categories?post=64398"},{"taxonomy":"post_tag","embeddable":true,"href":"https:\/\/www.amanprana.eu\/es\/wp-json\/wp\/v2\/tags?post=64398"}],"curies":[{"name":"wp","href":"https:\/\/api.w.org\/{rel}","templated":true}]}}