

{"id":64591,"date":"2021-10-28T14:23:50","date_gmt":"2021-10-28T12:23:50","guid":{"rendered":"https:\/\/www.amanprana.eu\/ultimas-noticias\/afeitado-de-barbaro-tortura-a-caricia-ritual-suave\/"},"modified":"2021-11-03T10:51:43","modified_gmt":"2021-11-03T09:51:43","slug":"afeitado-de-barbaro-tortura-a-caricia-ritual-suave","status":"publish","type":"post","link":"https:\/\/www.amanprana.eu\/es\/inspiracion\/afeitado-de-barbaro-tortura-a-caricia-ritual-suave\/","title":{"rendered":"Afeitado: de la tortura b\u00e1rbara a un suave ritual de caricias."},"content":{"rendered":"\n<p>Art\u00edculo de Bliss: mayo de 2012<\/p>\n\n<p>Para el anciano que comenz\u00f3 a quitarse el cabello, esta tarea no fue nada indolora y placentera. Fragmentos de pedernal, conchas o astillas de obsidiana, son algunos ejemplos de los instrumentos de tortura, perd\u00f3n, herramientas de afeitar, que tuvo en tiempos prehist\u00f3ricos.<\/p>\n\n<p>El afeitado con aceites vegetales fue la primera forma de afeitado m\u00e1s civilizada. El hombre que quer\u00eda pasar la vida sin barba no solo pod\u00eda afeitarse \u00e9l mismo, sino tambi\u00e9n ser afeitado por el &#8216;barbero&#8217; o el &#8216;barbero&#8217;.<\/p>\n\n<p>Con los jabones, geles y aceites de afeitar actuales, afeitarse se est\u00e1 convirtiendo en un momento cada vez m\u00e1s placentero para los mimos (masculinos).<\/p>\n\n<p>La historia de la depilaci\u00f3n nos remonta a la Edad de Piedra, donde los neandertales se deshac\u00edan del vello mediante la depilaci\u00f3n y se creaban los &#8216;tatuajes&#8217;. La primera &#8216;navaja desechable&#8217;, de unos 30.000 a\u00f1os antes de Cristo. era un &#8216;pedernal&#8217; que no erraba su objetivo, pero que r\u00e1pidamente se volvi\u00f3 desafilado. Tambi\u00e9n con \u00e9ste hizo incisiones en la piel, donde se le puso pigmento, resultando en un tatuaje.<\/p>\n\n<p>Con los antiguos egipcios, los romanos y los griegos, el ritual del afeitado se volvi\u00f3 un poco m\u00e1s civilizado. Por ejemplo, los antiguos egipcios usaban cuchillos afilados hechos de cobre o bronce para obtener un rostro bien afeitado. Los ricos fueron afeitados de la cabeza a los pies por el personal. La moda dictaba si los rostros masculinos pod\u00edan llevar barba o afeitarse. Pero debido a que los utensilios eran caros, el afeitado era principalmente el dominio de los cortesanos y los ricos.<\/p>\n\n<h2 class=\"wp-block-heading\">Libre elecci\u00f3n o deber.<\/h2>\n\n<p>Llevar barba era y ciertamente no es un asunto puramente personal y sin compromiso en diferentes culturas. Por ejemplo, dejarse crecer la barba entre los musulmanes sigue siendo &#8216;Waajib&#8217; (obligatorio) para todos los hombres.<\/p>\n\n<p>En el pasado, afeitarse la barba (involuntariamente) tambi\u00e9n pod\u00eda tener la intenci\u00f3n de humillar. Por ejemplo, era costumbre entre los francos y los alemanes afeitar a un rey o pr\u00edncipe conquistado y quitarle la barba, lo que era vergonzoso y humillante.<\/p>\n\n<p>Por otro lado, un rostro sin barba tambi\u00e9n podr\u00eda ofrecer protecci\u00f3n. Alejandro el Grande entendi\u00f3 muy bien que si \u00abel enemigo\u00bb se agarraba la barba durante una batalla, un hombre pod\u00eda salir perdiendo.<\/p>\n\n<p>Hoy en d\u00eda, en general, podemos hablar de una tendencia de moda en Europa. Afeitarse una determinada forma o afeitarse y mantener las zonas m\u00e1s \u00edntimas simplemente contribuye a nuestra higiene, cuidado y comodidad diarios.<\/p>\n\n<h2 class=\"wp-block-heading\">De Beardmaker a Barber.<\/h2>\n\n<p>Desde el surgimiento de la organizaci\u00f3n artesanal medieval hasta el siglo XVIII inclusive, la profesi\u00f3n de \u00abbarbudo\u00bb estuvo relacionada con la curaci\u00f3n y la medicina. El fabricante de barba no solo era un afeitado, sino tambi\u00e9n el hombre que fabricaba los instrumentos.<\/p>\n\n<p>Antes del siglo XIV, los nombres de \u00abfabricante de barba\u00bb y \u00abbarbero\u00bb eran comunes. Tanto el barbero como el barbero estaban al servicio del arte marcial. El barbero hizo las hachas, el barbero proporcion\u00f3 una buena armadura para proteger la cabeza y la mand\u00edbula.<\/p>\n\n<p>Despu\u00e9s de dividirse, el fabricante de armaduras sigui\u00f3 su propio camino. Esta divisi\u00f3n fue gradual, pero se convirti\u00f3 en un hecho en el siglo XIV.<\/p>\n\n<p>La segunda etapa del barbudo muestra un car\u00e1cter de servicio m\u00e1s pronunciado, hacia el cuidado f\u00edsico de las personas: corte de cabello, afeitado de barba, tirones de molares y sangr\u00edas.<\/p>\n\n<p>Despu\u00e9s de 1433, la fabricaci\u00f3n de lancetas sigue siendo una de las tareas del barbudo. Los cirujanos y los cirujanos barberos formaron dos grupos separados. El cirujano pertenec\u00eda a los cient\u00edficos, el cirujano barbero era un h\u00e1bil artesano: vena despu\u00e9s, extractor de molares y peluquero.<\/p>\n\n<p>La palangana de afeitado ya se conoc\u00eda como un letrero de barbero en el momento en que se organiz\u00f3 el oficio. El barbero se form\u00f3 pr\u00e1ctica y te\u00f3ricamente en cirug\u00eda.<\/p>\n\n<p>Cada candidato a fabricante de barba ten\u00eda que aprobar dos ex\u00e1menes: uno para fabricante de barba y otro para cirujano. En el a\u00f1o 1660 hay una fuerte divisi\u00f3n entre los barberos y los cirujanos barberos. Al barbero se le dio a elegir entre cortar el cabello y afeitarse o tomar el camino de un cirujano barbero, en el que la pr\u00e1ctica de la cirug\u00eda jug\u00f3 un papel importante.<\/p>\n\n<h2 class=\"wp-block-heading\">La primera navaja.<\/h2>\n\n<p>La primera maquinilla de afeitar de acero se invent\u00f3 en Sheffield en 1680. Era alargado y, a menudo, ten\u00eda que afilarse con un cintur\u00f3n de afeitar, de lo contrario se volver\u00eda desafilado.<\/p>\n\n<p>Los avances en las t\u00e9cnicas de fabricaci\u00f3n de la Revoluci\u00f3n Industrial acercaron el afeitado simple al p\u00fablico en general. Ese momento lleg\u00f3 en 1880, cuando sali\u00f3 al mercado la primera maquinilla de afeitar desechable. De un solo golpe, la maquinilla de afeitar cambi\u00f3 de una sola hoja abierta a un producto producido en masa, accesible para todos.<\/p>\n\n<h2 class=\"wp-block-heading\">Afeitarse es cada vez m\u00e1s divertido.<\/h2>\n\n<p>El afeitado con aceites vegetales fue la primera forma conocida de afeitado. Hoy en d\u00eda, los jabones y geles de afeitar tradicionales siguen siendo los m\u00e1s utilizados, pero los aceites de afeitar tambi\u00e9n est\u00e1n regresando. La gran ventaja de un aceite de afeitar es la capacidad de deslizamiento sobre la piel, por lo que la piel est\u00e1 mejor protegida contra irritaciones y heridas.<\/p>\n\n<h2 class=\"wp-block-heading\">Amanprana Razolic<\/h2>\n\n<p>Amanprana ha desarrollado una mezcla de aceites aromatizados que tiene una funci\u00f3n 3 en 1: afeitado apurado, nutritivo y para despu\u00e9s del afeitado. Adem\u00e1s del rostro, este aceite de afeitar tambi\u00e9n se puede utilizar para el resto del cuerpo, incluidas las partes \u00edntimas.<\/p>\n\n<p>\u00a1Todos los ingredientes de este aceite son comestibles y org\u00e1nicos!<\/p>\n\n<p>Amanprana Razoli contiene, entre otras cosas:<\/p>\n\n<ul class=\"wp-block-list\"><li>Aceite de oliva virgen extra<br\/>con propiedades absorbentes de humedad<\/li><li>Aceite de coco virgen extra<br\/>nutritivo, calmante y protector<\/li><li>Aceite de palma rojo sostenible<br\/>calmante y protector<\/li><li>vetiver<br\/>constructivo<\/li><li>Bergamota<br\/>calmante y curativo<\/li><li>naranja<br\/>calmante para pieles grasas y \u00e1speras<\/li><li>Manzanilla romana<br\/>purifica la piel<\/li><li>madera de cedro<br\/>calmante<\/li><li>S\u00e1ndalo<br\/>protecci\u00f3n de la piel<\/li><li>cardamomo<br\/>restaura la piel ligeramente irritada<\/li><\/ul>\n","protected":false},"excerpt":{"rendered":"<p>Art\u00edculo de Bliss: mayo de 2012 Para el anciano que comenz\u00f3 a quitarse el cabello, esta tarea no fue nada indolora y placentera. Fragmentos de pedernal, conchas o astillas de &#8230;<\/p>\n","protected":false},"author":34,"featured_media":55671,"comment_status":"closed","ping_status":"closed","sticky":false,"template":"","format":"standard","meta":{"_acf_changed":false,"rating_form_position":"","rating_results_position":"","mr_structured_data_type":"","footnotes":""},"categories":[1125,1126],"tags":[2655,2465,2180,2181],"class_list":["post-64591","post","type-post","status-publish","format-standard","has-post-thumbnail","hentry","category-aseo-corporal","category-inspiracion","tag-aceite-de-barba","tag-razoli-es","tag-aceite-de-afeitar","tag-afeitado"],"acf":[],"yoast_head":"<!-- This site is optimized with the Yoast SEO plugin v24.7 - https:\/\/yoast.com\/wordpress\/plugins\/seo\/ -->\n<title>Afeitado: de la tortura b\u00e1rbara a un suave ritual de caricias. - Amanprana<\/title>\n<meta name=\"description\" content=\"Afeitarse a trav\u00e9s de los siglos. Desde el hombre prehist\u00f3rico hasta la actualidad. Lea sobre las tendencias y las lecciones que podemos aprender.\" \/>\n<meta name=\"robots\" content=\"index, follow, max-snippet:-1, max-image-preview:large, max-video-preview:-1\" \/>\n<link rel=\"canonical\" href=\"https:\/\/www.amanprana.eu\/es\/inspiracion\/afeitado-de-barbaro-tortura-a-caricia-ritual-suave\/\" \/>\n<meta property=\"og:locale\" content=\"es_ES\" \/>\n<meta property=\"og:type\" content=\"article\" \/>\n<meta property=\"og:title\" content=\"Afeitado: de la tortura b\u00e1rbara a un suave ritual de caricias. - Amanprana\" \/>\n<meta property=\"og:description\" content=\"Afeitarse a trav\u00e9s de los siglos. Desde el hombre prehist\u00f3rico hasta la actualidad. Lea sobre las tendencias y las lecciones que podemos aprender.\" \/>\n<meta property=\"og:url\" content=\"https:\/\/www.amanprana.eu\/es\/inspiracion\/afeitado-de-barbaro-tortura-a-caricia-ritual-suave\/\" \/>\n<meta property=\"og:site_name\" content=\"Amanprana\" \/>\n<meta property=\"article:publisher\" content=\"https:\/\/www.facebook.com\/Amanpranaproducts\/\" \/>\n<meta property=\"article:published_time\" content=\"2021-10-28T12:23:50+00:00\" \/>\n<meta property=\"article:modified_time\" content=\"2021-11-03T09:51:43+00:00\" \/>\n<meta property=\"og:image\" content=\"https:\/\/www.amanprana.eu\/wp-content\/uploads\/scheren.jpg\" \/>\n\t<meta property=\"og:image:width\" content=\"1920\" \/>\n\t<meta property=\"og:image:height\" content=\"1080\" \/>\n\t<meta property=\"og:image:type\" content=\"image\/jpeg\" \/>\n<meta name=\"author\" content=\"Redacteur\" \/>\n<meta name=\"twitter:card\" content=\"summary_large_image\" \/>\n<meta name=\"twitter:label1\" content=\"Escrito por\" \/>\n\t<meta name=\"twitter:data1\" content=\"Redacteur\" \/>\n\t<meta name=\"twitter:label2\" content=\"Tiempo de lectura\" \/>\n\t<meta name=\"twitter:data2\" content=\"5 minutos\" \/>\n<script type=\"application\/ld+json\" class=\"yoast-schema-graph\">{\"@context\":\"https:\/\/schema.org\",\"@graph\":[{\"@type\":\"Article\",\"@id\":\"https:\/\/www.amanprana.eu\/es\/inspiracion\/afeitado-de-barbaro-tortura-a-caricia-ritual-suave\/#article\",\"isPartOf\":{\"@id\":\"https:\/\/www.amanprana.eu\/es\/inspiracion\/afeitado-de-barbaro-tortura-a-caricia-ritual-suave\/\"},\"author\":{\"name\":\"Redacteur\",\"@id\":\"https:\/\/www.amanprana.eu\/es\/#\/schema\/person\/5238b833f5a1fdbc388316cb318c31d7\"},\"headline\":\"Afeitado: de la tortura b\u00e1rbara a un suave ritual de caricias.\",\"datePublished\":\"2021-10-28T12:23:50+00:00\",\"dateModified\":\"2021-11-03T09:51:43+00:00\",\"mainEntityOfPage\":{\"@id\":\"https:\/\/www.amanprana.eu\/es\/inspiracion\/afeitado-de-barbaro-tortura-a-caricia-ritual-suave\/\"},\"wordCount\":1046,\"publisher\":{\"@id\":\"https:\/\/www.amanprana.eu\/es\/#organization\"},\"image\":{\"@id\":\"https:\/\/www.amanprana.eu\/es\/inspiracion\/afeitado-de-barbaro-tortura-a-caricia-ritual-suave\/#primaryimage\"},\"thumbnailUrl\":\"https:\/\/www.amanprana.eu\/wp-content\/uploads\/scheren.jpg\",\"keywords\":[\"aceite de barba\",\"Razoli\",\"aceite de afeitar\",\"afeitado\"],\"articleSection\":[\"aseo corporal\",\"inspiraci\u00f3n\"],\"inLanguage\":\"es\"},{\"@type\":\"WebPage\",\"@id\":\"https:\/\/www.amanprana.eu\/es\/inspiracion\/afeitado-de-barbaro-tortura-a-caricia-ritual-suave\/\",\"url\":\"https:\/\/www.amanprana.eu\/es\/inspiracion\/afeitado-de-barbaro-tortura-a-caricia-ritual-suave\/\",\"name\":\"Afeitado: de la tortura b\u00e1rbara a un suave ritual de caricias. - Amanprana\",\"isPartOf\":{\"@id\":\"https:\/\/www.amanprana.eu\/es\/#website\"},\"primaryImageOfPage\":{\"@id\":\"https:\/\/www.amanprana.eu\/es\/inspiracion\/afeitado-de-barbaro-tortura-a-caricia-ritual-suave\/#primaryimage\"},\"image\":{\"@id\":\"https:\/\/www.amanprana.eu\/es\/inspiracion\/afeitado-de-barbaro-tortura-a-caricia-ritual-suave\/#primaryimage\"},\"thumbnailUrl\":\"https:\/\/www.amanprana.eu\/wp-content\/uploads\/scheren.jpg\",\"datePublished\":\"2021-10-28T12:23:50+00:00\",\"dateModified\":\"2021-11-03T09:51:43+00:00\",\"description\":\"Afeitarse a trav\u00e9s de los siglos. Desde el hombre prehist\u00f3rico hasta la actualidad. Lea sobre las tendencias y las lecciones que podemos aprender.\",\"breadcrumb\":{\"@id\":\"https:\/\/www.amanprana.eu\/es\/inspiracion\/afeitado-de-barbaro-tortura-a-caricia-ritual-suave\/#breadcrumb\"},\"inLanguage\":\"es\",\"potentialAction\":[{\"@type\":\"ReadAction\",\"target\":[\"https:\/\/www.amanprana.eu\/es\/inspiracion\/afeitado-de-barbaro-tortura-a-caricia-ritual-suave\/\"]}]},{\"@type\":\"ImageObject\",\"inLanguage\":\"es\",\"@id\":\"https:\/\/www.amanprana.eu\/es\/inspiracion\/afeitado-de-barbaro-tortura-a-caricia-ritual-suave\/#primaryimage\",\"url\":\"https:\/\/www.amanprana.eu\/wp-content\/uploads\/scheren.jpg\",\"contentUrl\":\"https:\/\/www.amanprana.eu\/wp-content\/uploads\/scheren.jpg\",\"width\":1920,\"height\":1080,\"caption\":\"aceite de afeitar de Amanprana para una barba bien arreglada\"},{\"@type\":\"BreadcrumbList\",\"@id\":\"https:\/\/www.amanprana.eu\/es\/inspiracion\/afeitado-de-barbaro-tortura-a-caricia-ritual-suave\/#breadcrumb\",\"itemListElement\":[{\"@type\":\"ListItem\",\"position\":1,\"name\":\"Amanprana.eu\",\"item\":\"https:\/\/www.amanprana.eu\/es\/\"},{\"@type\":\"ListItem\",\"position\":2,\"name\":\"inspiraci\u00f3n\",\"item\":\"https:\/\/www.amanprana.eu\/es\/inspiracion\/\"},{\"@type\":\"ListItem\",\"position\":3,\"name\":\"Afeitado: de la tortura b\u00e1rbara a un suave ritual de caricias.\"}]},{\"@type\":\"WebSite\",\"@id\":\"https:\/\/www.amanprana.eu\/es\/#website\",\"url\":\"https:\/\/www.amanprana.eu\/es\/\",\"name\":\"Amanprana\",\"description\":\"Serene levenskracht\",\"publisher\":{\"@id\":\"https:\/\/www.amanprana.eu\/es\/#organization\"},\"potentialAction\":[{\"@type\":\"SearchAction\",\"target\":{\"@type\":\"EntryPoint\",\"urlTemplate\":\"https:\/\/www.amanprana.eu\/es\/?s={search_term_string}\"},\"query-input\":{\"@type\":\"PropertyValueSpecification\",\"valueRequired\":true,\"valueName\":\"search_term_string\"}}],\"inLanguage\":\"es\"},{\"@type\":\"Organization\",\"@id\":\"https:\/\/www.amanprana.eu\/es\/#organization\",\"name\":\"Amanprana\",\"url\":\"https:\/\/www.amanprana.eu\/es\/\",\"logo\":{\"@type\":\"ImageObject\",\"inLanguage\":\"es\",\"@id\":\"https:\/\/www.amanprana.eu\/es\/#\/schema\/logo\/image\/\",\"url\":\"https:\/\/www.amanprana.eu\/wp-content\/uploads\/webres-amanprana-logo.jpg\",\"contentUrl\":\"https:\/\/www.amanprana.eu\/wp-content\/uploads\/webres-amanprana-logo.jpg\",\"width\":300,\"height\":300,\"caption\":\"Amanprana\"},\"image\":{\"@id\":\"https:\/\/www.amanprana.eu\/es\/#\/schema\/logo\/image\/\"},\"sameAs\":[\"https:\/\/www.facebook.com\/Amanpranaproducts\/\",\"https:\/\/www.instagram.com\/amanprana\/\",\"https:\/\/nl.pinterest.com\/amanprana\/pins\/\"]},{\"@type\":\"Person\",\"@id\":\"https:\/\/www.amanprana.eu\/es\/#\/schema\/person\/5238b833f5a1fdbc388316cb318c31d7\",\"name\":\"Redacteur\",\"url\":\"https:\/\/www.amanprana.eu\/es\/author\/redacteur\/\"}]}<\/script>\n<!-- \/ Yoast SEO plugin. -->","yoast_head_json":{"title":"Afeitado: de la tortura b\u00e1rbara a un suave ritual de caricias. - Amanprana","description":"Afeitarse a trav\u00e9s de los siglos. Desde el hombre prehist\u00f3rico hasta la actualidad. Lea sobre las tendencias y las lecciones que podemos aprender.","robots":{"index":"index","follow":"follow","max-snippet":"max-snippet:-1","max-image-preview":"max-image-preview:large","max-video-preview":"max-video-preview:-1"},"canonical":"https:\/\/www.amanprana.eu\/es\/inspiracion\/afeitado-de-barbaro-tortura-a-caricia-ritual-suave\/","og_locale":"es_ES","og_type":"article","og_title":"Afeitado: de la tortura b\u00e1rbara a un suave ritual de caricias. - Amanprana","og_description":"Afeitarse a trav\u00e9s de los siglos. Desde el hombre prehist\u00f3rico hasta la actualidad. Lea sobre las tendencias y las lecciones que podemos aprender.","og_url":"https:\/\/www.amanprana.eu\/es\/inspiracion\/afeitado-de-barbaro-tortura-a-caricia-ritual-suave\/","og_site_name":"Amanprana","article_publisher":"https:\/\/www.facebook.com\/Amanpranaproducts\/","article_published_time":"2021-10-28T12:23:50+00:00","article_modified_time":"2021-11-03T09:51:43+00:00","og_image":[{"width":1920,"height":1080,"url":"https:\/\/www.amanprana.eu\/wp-content\/uploads\/scheren.jpg","type":"image\/jpeg"}],"author":"Redacteur","twitter_card":"summary_large_image","twitter_misc":{"Escrito por":"Redacteur","Tiempo de lectura":"5 minutos"},"schema":{"@context":"https:\/\/schema.org","@graph":[{"@type":"Article","@id":"https:\/\/www.amanprana.eu\/es\/inspiracion\/afeitado-de-barbaro-tortura-a-caricia-ritual-suave\/#article","isPartOf":{"@id":"https:\/\/www.amanprana.eu\/es\/inspiracion\/afeitado-de-barbaro-tortura-a-caricia-ritual-suave\/"},"author":{"name":"Redacteur","@id":"https:\/\/www.amanprana.eu\/es\/#\/schema\/person\/5238b833f5a1fdbc388316cb318c31d7"},"headline":"Afeitado: de la tortura b\u00e1rbara a un suave ritual de caricias.","datePublished":"2021-10-28T12:23:50+00:00","dateModified":"2021-11-03T09:51:43+00:00","mainEntityOfPage":{"@id":"https:\/\/www.amanprana.eu\/es\/inspiracion\/afeitado-de-barbaro-tortura-a-caricia-ritual-suave\/"},"wordCount":1046,"publisher":{"@id":"https:\/\/www.amanprana.eu\/es\/#organization"},"image":{"@id":"https:\/\/www.amanprana.eu\/es\/inspiracion\/afeitado-de-barbaro-tortura-a-caricia-ritual-suave\/#primaryimage"},"thumbnailUrl":"https:\/\/www.amanprana.eu\/wp-content\/uploads\/scheren.jpg","keywords":["aceite de barba","Razoli","aceite de afeitar","afeitado"],"articleSection":["aseo corporal","inspiraci\u00f3n"],"inLanguage":"es"},{"@type":"WebPage","@id":"https:\/\/www.amanprana.eu\/es\/inspiracion\/afeitado-de-barbaro-tortura-a-caricia-ritual-suave\/","url":"https:\/\/www.amanprana.eu\/es\/inspiracion\/afeitado-de-barbaro-tortura-a-caricia-ritual-suave\/","name":"Afeitado: de la tortura b\u00e1rbara a un suave ritual de caricias. - Amanprana","isPartOf":{"@id":"https:\/\/www.amanprana.eu\/es\/#website"},"primaryImageOfPage":{"@id":"https:\/\/www.amanprana.eu\/es\/inspiracion\/afeitado-de-barbaro-tortura-a-caricia-ritual-suave\/#primaryimage"},"image":{"@id":"https:\/\/www.amanprana.eu\/es\/inspiracion\/afeitado-de-barbaro-tortura-a-caricia-ritual-suave\/#primaryimage"},"thumbnailUrl":"https:\/\/www.amanprana.eu\/wp-content\/uploads\/scheren.jpg","datePublished":"2021-10-28T12:23:50+00:00","dateModified":"2021-11-03T09:51:43+00:00","description":"Afeitarse a trav\u00e9s de los siglos. Desde el hombre prehist\u00f3rico hasta la actualidad. Lea sobre las tendencias y las lecciones que podemos aprender.","breadcrumb":{"@id":"https:\/\/www.amanprana.eu\/es\/inspiracion\/afeitado-de-barbaro-tortura-a-caricia-ritual-suave\/#breadcrumb"},"inLanguage":"es","potentialAction":[{"@type":"ReadAction","target":["https:\/\/www.amanprana.eu\/es\/inspiracion\/afeitado-de-barbaro-tortura-a-caricia-ritual-suave\/"]}]},{"@type":"ImageObject","inLanguage":"es","@id":"https:\/\/www.amanprana.eu\/es\/inspiracion\/afeitado-de-barbaro-tortura-a-caricia-ritual-suave\/#primaryimage","url":"https:\/\/www.amanprana.eu\/wp-content\/uploads\/scheren.jpg","contentUrl":"https:\/\/www.amanprana.eu\/wp-content\/uploads\/scheren.jpg","width":1920,"height":1080,"caption":"aceite de afeitar de Amanprana para una barba bien arreglada"},{"@type":"BreadcrumbList","@id":"https:\/\/www.amanprana.eu\/es\/inspiracion\/afeitado-de-barbaro-tortura-a-caricia-ritual-suave\/#breadcrumb","itemListElement":[{"@type":"ListItem","position":1,"name":"Amanprana.eu","item":"https:\/\/www.amanprana.eu\/es\/"},{"@type":"ListItem","position":2,"name":"inspiraci\u00f3n","item":"https:\/\/www.amanprana.eu\/es\/inspiracion\/"},{"@type":"ListItem","position":3,"name":"Afeitado: de la tortura b\u00e1rbara a un suave ritual de caricias."}]},{"@type":"WebSite","@id":"https:\/\/www.amanprana.eu\/es\/#website","url":"https:\/\/www.amanprana.eu\/es\/","name":"Amanprana","description":"Serene levenskracht","publisher":{"@id":"https:\/\/www.amanprana.eu\/es\/#organization"},"potentialAction":[{"@type":"SearchAction","target":{"@type":"EntryPoint","urlTemplate":"https:\/\/www.amanprana.eu\/es\/?s={search_term_string}"},"query-input":{"@type":"PropertyValueSpecification","valueRequired":true,"valueName":"search_term_string"}}],"inLanguage":"es"},{"@type":"Organization","@id":"https:\/\/www.amanprana.eu\/es\/#organization","name":"Amanprana","url":"https:\/\/www.amanprana.eu\/es\/","logo":{"@type":"ImageObject","inLanguage":"es","@id":"https:\/\/www.amanprana.eu\/es\/#\/schema\/logo\/image\/","url":"https:\/\/www.amanprana.eu\/wp-content\/uploads\/webres-amanprana-logo.jpg","contentUrl":"https:\/\/www.amanprana.eu\/wp-content\/uploads\/webres-amanprana-logo.jpg","width":300,"height":300,"caption":"Amanprana"},"image":{"@id":"https:\/\/www.amanprana.eu\/es\/#\/schema\/logo\/image\/"},"sameAs":["https:\/\/www.facebook.com\/Amanpranaproducts\/","https:\/\/www.instagram.com\/amanprana\/","https:\/\/nl.pinterest.com\/amanprana\/pins\/"]},{"@type":"Person","@id":"https:\/\/www.amanprana.eu\/es\/#\/schema\/person\/5238b833f5a1fdbc388316cb318c31d7","name":"Redacteur","url":"https:\/\/www.amanprana.eu\/es\/author\/redacteur\/"}]}},"multi-rating":{"mr_rating_results":[]},"_links":{"self":[{"href":"https:\/\/www.amanprana.eu\/es\/wp-json\/wp\/v2\/posts\/64591","targetHints":{"allow":["GET"]}}],"collection":[{"href":"https:\/\/www.amanprana.eu\/es\/wp-json\/wp\/v2\/posts"}],"about":[{"href":"https:\/\/www.amanprana.eu\/es\/wp-json\/wp\/v2\/types\/post"}],"author":[{"embeddable":true,"href":"https:\/\/www.amanprana.eu\/es\/wp-json\/wp\/v2\/users\/34"}],"replies":[{"embeddable":true,"href":"https:\/\/www.amanprana.eu\/es\/wp-json\/wp\/v2\/comments?post=64591"}],"version-history":[{"count":1,"href":"https:\/\/www.amanprana.eu\/es\/wp-json\/wp\/v2\/posts\/64591\/revisions"}],"predecessor-version":[{"id":64595,"href":"https:\/\/www.amanprana.eu\/es\/wp-json\/wp\/v2\/posts\/64591\/revisions\/64595"}],"wp:featuredmedia":[{"embeddable":true,"href":"https:\/\/www.amanprana.eu\/es\/wp-json\/wp\/v2\/media\/55671"}],"wp:attachment":[{"href":"https:\/\/www.amanprana.eu\/es\/wp-json\/wp\/v2\/media?parent=64591"}],"wp:term":[{"taxonomy":"category","embeddable":true,"href":"https:\/\/www.amanprana.eu\/es\/wp-json\/wp\/v2\/categories?post=64591"},{"taxonomy":"post_tag","embeddable":true,"href":"https:\/\/www.amanprana.eu\/es\/wp-json\/wp\/v2\/tags?post=64591"}],"curies":[{"name":"wp","href":"https:\/\/api.w.org\/{rel}","templated":true}]}}