

{"id":48887,"date":"2019-07-31T10:24:25","date_gmt":"2019-07-31T08:24:25","guid":{"rendered":"https:\/\/www.amanprana.eu\/dernieres-nouvelles\/le-safran-est-precieux\/"},"modified":"2021-11-24T12:24:29","modified_gmt":"2021-11-24T11:24:29","slug":"le-safran-est-precieux","status":"publish","type":"post","link":"https:\/\/www.amanprana.eu\/fr\/inspiration\/alimentation\/le-safran-est-precieux\/","title":{"rendered":"Le safran est pr\u00e9cieux"},"content":{"rendered":"\n<p>Pour obtenir 1 kilo de safran s\u00e9ch\u00e9, il faut 85 000 \u00e0 150 000 fleurs. Cela repr\u00e9sente 2 terrains de football couverts de fleurs de safran. 40 heures de travail sont n\u00e9cessaires pour cueillir ces 150 000 fleurs. 1 kilo de safran s\u00e9ch\u00e9 contient entre 150 000 et 400 000 pistils. Une fois la fleur cueillie, les filaments doivent \u00eatre pr\u00e9lev\u00e9s. Les filaments de safran contiennent beaucoup d\u2019humidit\u00e9 et doivent donc \u00eatre s\u00e9ch\u00e9s rapidement, mais \u00e0 faible temp\u00e9rature. Les filaments perdent 80 % de leur poids lors du s\u00e9chage. 1 kilo de filaments frais donne donc seulement 200 g de filaments de safran s\u00e9ch\u00e9s. Cela rend le safran pr\u00e9cieux.&#13;\n&#13;\n<\/p>\n\n<h2 class=\"wp-block-heading\">La fraude au safran<\/h2>\n\n<p>Le safran \u00e9tant tr\u00e8s cher, la fraude est fr\u00e9quente.&#13;\nLa poudre de safran est donc souvent m\u00e9lang\u00e9e avec du curcuma et de la poudre de paprika, des \u00e9pices moins ch\u00e8res. Les filaments de safran sont souvent m\u00e9lang\u00e9s avec des fibres de soie rouges s\u00e9ch\u00e9es, avec la fleur de safran rouge ou jaune safran, avec du calendula (souci) \u2013 \u00e9galement appel\u00e9 \u00ab\u00a0safran des pauvres\u00a0\u00bb (zafferano dei poveri) \u2013 avec des fibres de grenade et avec les \u00e9tamines jaunes mais sans parfum ni go\u00fbt.<\/p>\n\n<h2 class=\"wp-block-heading\">Conservation du safran<\/h2>\n\n<p>Le safran sera de pr\u00e9f\u00e9rence conserv\u00e9 dans un endroit sombre, sec, frais et \u00e9tanche \u00e0 l\u2019air. Dans ces conditions, le safran pourra m\u00eame \u00eatre conserv\u00e9 plusieurs ann\u00e9es. Le safran est tr\u00e8s sensible aux changements de pH et se fractionne rapidement sous l\u2019influence de la lumi\u00e8re et de l\u2019oxyg\u00e8ne. Il devra d\u00e8s lors toujours \u00eatre conserv\u00e9 dans un endroit parfaitement \u00e9tanche \u00e0 l\u2019air. Le safran pourra supporter un peu de chaleur, mais il est perdu si conserv\u00e9 en pr\u00e9sence d\u2019humidit\u00e9 et de lumi\u00e8re. Le safran est pr\u00e9cieux.&#13;\n&#13;\n<\/p>\n\n<h2 class=\"wp-block-heading\">Attention: le bon et le mauvais safran<\/h2>\n\n<p>Dans la litt\u00e9rature, le safran est parfois confondu avec le \u00ab Colchicum autumnale \u00bb (le safran des pr\u00e9s ou colchique d\u2019automne), une sorte de lys qui ressemble fortement au Crocus sativus. Cette petite fleur de lys contient de la colchicine, qui a un effet anti-inflammatoire. Comme l\u2019\u00e9cart entre la dose th\u00e9rapeutique et la dose mortelle est t\u00e9nu, le Colchicum autumnale est rarement utilis\u00e9.&#13;\n&#13;\n<\/p>\n\n<h2 class=\"wp-block-heading\">D\u2019o\u00f9 provient le safran?<\/h2>\n\n<p>90 % de la production mondiale totale provient d\u2019Iran. En dehors de l\u2019Europe, le Cachemire, la Chine, l\u2019Afghanistan, l\u2019Azerba\u00efdjan, la Turquie et le Maroc produisent encore du safran. En Europe, la Gr\u00e8ce, la France, l\u2019Autriche, l\u2019Italie et l\u2019Espagne figurent parmi les producteurs. En Belgique et aux Pays-Bas \u00e9galement, l\u2019on produit du safran \u00e0 petite \u00e9chelle. Dans les pays situ\u00e9s autour de la mer M\u00e9diterran\u00e9e, les touristes ach\u00e8tent souvent, sans le savoir, du safran d\u2019Iran.&#13;\n&#13;\n<\/p>\n\n<h2 class=\"wp-block-heading\">L&rsquo;origine du safran dans le safran &amp; la vanille<\/h2>\n\n<p>La boisson pour sportifs Saffran &amp; Vanilla d&rsquo;Amanprana est une combinaison <a href=\"https:\/\/www.amanprana.eu\/fr\/produit\/alimentation\/sucre-de-fleur-de-coco\/\">de sucre de fleur de coco biologique Gula Java,<\/a> de vanille et de safran.<\/p>\n\n<h2 class=\"wp-block-heading\">Pourquoi choisir les boissons pour sportifs Amanprana ?<\/h2>\n\n<ul class=\"wp-block-list\"><li>100% naturel<\/li><li>100% biologique<\/li><li>Indice glyc\u00e9mique bas (IG 35)<\/li><li>Sans sucre raffin\u00e9 et sans \u00e9dulcorants artificiels<\/li><li>Fair trade &amp; Fair World<\/li><li>D\u00e9licieuse nouvelle g\u00e9n\u00e9ration de boissons pour sportifs<\/li><li>Pure nature, sans additifs<\/li><li>Riche en antioxydants<\/li><li>Valeur ORAC \u00e9lev\u00e9e<\/li><li>Sucre de fleur de coco Gula Java comme base<\/li><\/ul>\n","protected":false},"excerpt":{"rendered":"<p>Pour obtenir 1 kilo de safran s\u00e9ch\u00e9, il faut 85 000 \u00e0 150 000 fleurs. Cela repr\u00e9sente 2 terrains de football couverts de fleurs de safran. 40 heures de travail &#8230;<\/p>\n","protected":false},"author":34,"featured_media":43650,"comment_status":"closed","ping_status":"closed","sticky":false,"template":"","format":"standard","meta":{"_acf_changed":false,"rating_form_position":"","rating_results_position":"","mr_structured_data_type":"","footnotes":""},"categories":[870,877],"tags":[2904,2905,2595,1100,1795],"class_list":["post-48887","post","type-post","status-publish","format-standard","has-post-thumbnail","hentry","category-inspiration","category-alimentation","tag-saffran-vanille-fr","tag-les-boissons-sportives","tag-gula-java-fr","tag-safran-fr","tag-sucre-de-fleur-de-coco"],"acf":[],"yoast_head":"<!-- This site is optimized with the Yoast SEO plugin v24.7 - https:\/\/yoast.com\/wordpress\/plugins\/seo\/ -->\n<title>Le safran est pr\u00e9cieux ! Pourquoi?- Amanprana<\/title>\n<meta name=\"description\" content=\"1000g de safran s\u00e9ch\u00e9 se composant de 85 000 \u00e0 150 000 fleurs: 2 terrains de football avec des fleurs de safran et 40 heures de travail.\" \/>\n<meta name=\"robots\" content=\"index, follow, max-snippet:-1, max-image-preview:large, max-video-preview:-1\" \/>\n<link rel=\"canonical\" href=\"https:\/\/www.amanprana.eu\/fr\/inspiration\/alimentation\/le-safran-est-precieux\/\" \/>\n<meta property=\"og:locale\" content=\"fr_FR\" \/>\n<meta property=\"og:type\" content=\"article\" \/>\n<meta property=\"og:title\" content=\"Le safran est pr\u00e9cieux ! Pourquoi?- Amanprana\" \/>\n<meta property=\"og:description\" content=\"1000g de safran s\u00e9ch\u00e9 se composant de 85 000 \u00e0 150 000 fleurs: 2 terrains de football avec des fleurs de safran et 40 heures de travail.\" \/>\n<meta property=\"og:url\" content=\"https:\/\/www.amanprana.eu\/fr\/inspiration\/alimentation\/le-safran-est-precieux\/\" \/>\n<meta property=\"og:site_name\" content=\"Amanprana\" \/>\n<meta property=\"article:publisher\" content=\"https:\/\/www.facebook.com\/Amanpranaproducts\/\" \/>\n<meta property=\"article:published_time\" content=\"2019-07-31T08:24:25+00:00\" \/>\n<meta property=\"article:modified_time\" content=\"2021-11-24T11:24:29+00:00\" \/>\n<meta property=\"og:image\" content=\"https:\/\/www.amanprana.eu\/wp-content\/uploads\/saffron-2835249_1280.jpg\" \/>\n\t<meta property=\"og:image:width\" content=\"1200\" \/>\n\t<meta property=\"og:image:height\" content=\"675\" \/>\n\t<meta property=\"og:image:type\" content=\"image\/jpeg\" \/>\n<meta name=\"author\" content=\"Redacteur\" \/>\n<meta name=\"twitter:card\" content=\"summary_large_image\" \/>\n<meta name=\"twitter:label1\" content=\"\u00c9crit par\" \/>\n\t<meta name=\"twitter:data1\" content=\"Redacteur\" \/>\n\t<meta name=\"twitter:label2\" content=\"Dur\u00e9e de lecture estim\u00e9e\" \/>\n\t<meta name=\"twitter:data2\" content=\"3 minutes\" \/>\n<script type=\"application\/ld+json\" class=\"yoast-schema-graph\">{\"@context\":\"https:\/\/schema.org\",\"@graph\":[{\"@type\":\"Article\",\"@id\":\"https:\/\/www.amanprana.eu\/fr\/inspiration\/alimentation\/le-safran-est-precieux\/#article\",\"isPartOf\":{\"@id\":\"https:\/\/www.amanprana.eu\/fr\/inspiration\/alimentation\/le-safran-est-precieux\/\"},\"author\":{\"name\":\"Redacteur\",\"@id\":\"https:\/\/www.amanprana.eu\/fr\/#\/schema\/person\/5238b833f5a1fdbc388316cb318c31d7\"},\"headline\":\"Le safran est pr\u00e9cieux\",\"datePublished\":\"2019-07-31T08:24:25+00:00\",\"dateModified\":\"2021-11-24T11:24:29+00:00\",\"mainEntityOfPage\":{\"@id\":\"https:\/\/www.amanprana.eu\/fr\/inspiration\/alimentation\/le-safran-est-precieux\/\"},\"wordCount\":560,\"publisher\":{\"@id\":\"https:\/\/www.amanprana.eu\/fr\/#organization\"},\"image\":{\"@id\":\"https:\/\/www.amanprana.eu\/fr\/inspiration\/alimentation\/le-safran-est-precieux\/#primaryimage\"},\"thumbnailUrl\":\"https:\/\/www.amanprana.eu\/wp-content\/uploads\/saffron-2835249_1280.jpg\",\"keywords\":[\"Saffran &amp; Vanille\",\"les boissons sportives\",\"Gula Java\",\"safran\",\"sucre de fleur de coco\"],\"articleSection\":[\"Inspiration\",\"Alimentation\"],\"inLanguage\":\"fr-FR\"},{\"@type\":\"WebPage\",\"@id\":\"https:\/\/www.amanprana.eu\/fr\/inspiration\/alimentation\/le-safran-est-precieux\/\",\"url\":\"https:\/\/www.amanprana.eu\/fr\/inspiration\/alimentation\/le-safran-est-precieux\/\",\"name\":\"Le safran est pr\u00e9cieux ! Pourquoi?- Amanprana\",\"isPartOf\":{\"@id\":\"https:\/\/www.amanprana.eu\/fr\/#website\"},\"primaryImageOfPage\":{\"@id\":\"https:\/\/www.amanprana.eu\/fr\/inspiration\/alimentation\/le-safran-est-precieux\/#primaryimage\"},\"image\":{\"@id\":\"https:\/\/www.amanprana.eu\/fr\/inspiration\/alimentation\/le-safran-est-precieux\/#primaryimage\"},\"thumbnailUrl\":\"https:\/\/www.amanprana.eu\/wp-content\/uploads\/saffron-2835249_1280.jpg\",\"datePublished\":\"2019-07-31T08:24:25+00:00\",\"dateModified\":\"2021-11-24T11:24:29+00:00\",\"description\":\"1000g de safran s\u00e9ch\u00e9 se composant de 85 000 \u00e0 150 000 fleurs: 2 terrains de football avec des fleurs de safran et 40 heures de travail.\",\"breadcrumb\":{\"@id\":\"https:\/\/www.amanprana.eu\/fr\/inspiration\/alimentation\/le-safran-est-precieux\/#breadcrumb\"},\"inLanguage\":\"fr-FR\",\"potentialAction\":[{\"@type\":\"ReadAction\",\"target\":[\"https:\/\/www.amanprana.eu\/fr\/inspiration\/alimentation\/le-safran-est-precieux\/\"]}]},{\"@type\":\"ImageObject\",\"inLanguage\":\"fr-FR\",\"@id\":\"https:\/\/www.amanprana.eu\/fr\/inspiration\/alimentation\/le-safran-est-precieux\/#primaryimage\",\"url\":\"https:\/\/www.amanprana.eu\/wp-content\/uploads\/saffron-2835249_1280.jpg\",\"contentUrl\":\"https:\/\/www.amanprana.eu\/wp-content\/uploads\/saffron-2835249_1280.jpg\",\"width\":1200,\"height\":675,\"caption\":\"Le safran est pr\u00e9cieux\"},{\"@type\":\"BreadcrumbList\",\"@id\":\"https:\/\/www.amanprana.eu\/fr\/inspiration\/alimentation\/le-safran-est-precieux\/#breadcrumb\",\"itemListElement\":[{\"@type\":\"ListItem\",\"position\":1,\"name\":\"Amanprana.eu\",\"item\":\"https:\/\/www.amanprana.eu\/fr\/\"},{\"@type\":\"ListItem\",\"position\":2,\"name\":\"Inspiration\",\"item\":\"https:\/\/www.amanprana.eu\/fr\/inspiration\/\"},{\"@type\":\"ListItem\",\"position\":3,\"name\":\"Alimentation\",\"item\":\"https:\/\/www.amanprana.eu\/fr\/inspiration\/alimentation\/\"},{\"@type\":\"ListItem\",\"position\":4,\"name\":\"Le safran est pr\u00e9cieux\"}]},{\"@type\":\"WebSite\",\"@id\":\"https:\/\/www.amanprana.eu\/fr\/#website\",\"url\":\"https:\/\/www.amanprana.eu\/fr\/\",\"name\":\"Amanprana\",\"description\":\"Serene levenskracht\",\"publisher\":{\"@id\":\"https:\/\/www.amanprana.eu\/fr\/#organization\"},\"potentialAction\":[{\"@type\":\"SearchAction\",\"target\":{\"@type\":\"EntryPoint\",\"urlTemplate\":\"https:\/\/www.amanprana.eu\/fr\/?s={search_term_string}\"},\"query-input\":{\"@type\":\"PropertyValueSpecification\",\"valueRequired\":true,\"valueName\":\"search_term_string\"}}],\"inLanguage\":\"fr-FR\"},{\"@type\":\"Organization\",\"@id\":\"https:\/\/www.amanprana.eu\/fr\/#organization\",\"name\":\"Amanprana\",\"url\":\"https:\/\/www.amanprana.eu\/fr\/\",\"logo\":{\"@type\":\"ImageObject\",\"inLanguage\":\"fr-FR\",\"@id\":\"https:\/\/www.amanprana.eu\/fr\/#\/schema\/logo\/image\/\",\"url\":\"https:\/\/www.amanprana.eu\/wp-content\/uploads\/webres-amanprana-logo.jpg\",\"contentUrl\":\"https:\/\/www.amanprana.eu\/wp-content\/uploads\/webres-amanprana-logo.jpg\",\"width\":300,\"height\":300,\"caption\":\"Amanprana\"},\"image\":{\"@id\":\"https:\/\/www.amanprana.eu\/fr\/#\/schema\/logo\/image\/\"},\"sameAs\":[\"https:\/\/www.facebook.com\/Amanpranaproducts\/\",\"https:\/\/www.instagram.com\/amanprana\/\",\"https:\/\/nl.pinterest.com\/amanprana\/pins\/\"]},{\"@type\":\"Person\",\"@id\":\"https:\/\/www.amanprana.eu\/fr\/#\/schema\/person\/5238b833f5a1fdbc388316cb318c31d7\",\"name\":\"Redacteur\",\"url\":\"https:\/\/www.amanprana.eu\/fr\/author\/redacteur\/\"}]}<\/script>\n<!-- \/ Yoast SEO plugin. -->","yoast_head_json":{"title":"Le safran est pr\u00e9cieux ! Pourquoi?- Amanprana","description":"1000g de safran s\u00e9ch\u00e9 se composant de 85 000 \u00e0 150 000 fleurs: 2 terrains de football avec des fleurs de safran et 40 heures de travail.","robots":{"index":"index","follow":"follow","max-snippet":"max-snippet:-1","max-image-preview":"max-image-preview:large","max-video-preview":"max-video-preview:-1"},"canonical":"https:\/\/www.amanprana.eu\/fr\/inspiration\/alimentation\/le-safran-est-precieux\/","og_locale":"fr_FR","og_type":"article","og_title":"Le safran est pr\u00e9cieux ! Pourquoi?- Amanprana","og_description":"1000g de safran s\u00e9ch\u00e9 se composant de 85 000 \u00e0 150 000 fleurs: 2 terrains de football avec des fleurs de safran et 40 heures de travail.","og_url":"https:\/\/www.amanprana.eu\/fr\/inspiration\/alimentation\/le-safran-est-precieux\/","og_site_name":"Amanprana","article_publisher":"https:\/\/www.facebook.com\/Amanpranaproducts\/","article_published_time":"2019-07-31T08:24:25+00:00","article_modified_time":"2021-11-24T11:24:29+00:00","og_image":[{"width":1200,"height":675,"url":"https:\/\/www.amanprana.eu\/wp-content\/uploads\/saffron-2835249_1280.jpg","type":"image\/jpeg"}],"author":"Redacteur","twitter_card":"summary_large_image","twitter_misc":{"\u00c9crit par":"Redacteur","Dur\u00e9e de lecture estim\u00e9e":"3 minutes"},"schema":{"@context":"https:\/\/schema.org","@graph":[{"@type":"Article","@id":"https:\/\/www.amanprana.eu\/fr\/inspiration\/alimentation\/le-safran-est-precieux\/#article","isPartOf":{"@id":"https:\/\/www.amanprana.eu\/fr\/inspiration\/alimentation\/le-safran-est-precieux\/"},"author":{"name":"Redacteur","@id":"https:\/\/www.amanprana.eu\/fr\/#\/schema\/person\/5238b833f5a1fdbc388316cb318c31d7"},"headline":"Le safran est pr\u00e9cieux","datePublished":"2019-07-31T08:24:25+00:00","dateModified":"2021-11-24T11:24:29+00:00","mainEntityOfPage":{"@id":"https:\/\/www.amanprana.eu\/fr\/inspiration\/alimentation\/le-safran-est-precieux\/"},"wordCount":560,"publisher":{"@id":"https:\/\/www.amanprana.eu\/fr\/#organization"},"image":{"@id":"https:\/\/www.amanprana.eu\/fr\/inspiration\/alimentation\/le-safran-est-precieux\/#primaryimage"},"thumbnailUrl":"https:\/\/www.amanprana.eu\/wp-content\/uploads\/saffron-2835249_1280.jpg","keywords":["Saffran &amp; Vanille","les boissons sportives","Gula Java","safran","sucre de fleur de coco"],"articleSection":["Inspiration","Alimentation"],"inLanguage":"fr-FR"},{"@type":"WebPage","@id":"https:\/\/www.amanprana.eu\/fr\/inspiration\/alimentation\/le-safran-est-precieux\/","url":"https:\/\/www.amanprana.eu\/fr\/inspiration\/alimentation\/le-safran-est-precieux\/","name":"Le safran est pr\u00e9cieux ! Pourquoi?- Amanprana","isPartOf":{"@id":"https:\/\/www.amanprana.eu\/fr\/#website"},"primaryImageOfPage":{"@id":"https:\/\/www.amanprana.eu\/fr\/inspiration\/alimentation\/le-safran-est-precieux\/#primaryimage"},"image":{"@id":"https:\/\/www.amanprana.eu\/fr\/inspiration\/alimentation\/le-safran-est-precieux\/#primaryimage"},"thumbnailUrl":"https:\/\/www.amanprana.eu\/wp-content\/uploads\/saffron-2835249_1280.jpg","datePublished":"2019-07-31T08:24:25+00:00","dateModified":"2021-11-24T11:24:29+00:00","description":"1000g de safran s\u00e9ch\u00e9 se composant de 85 000 \u00e0 150 000 fleurs: 2 terrains de football avec des fleurs de safran et 40 heures de travail.","breadcrumb":{"@id":"https:\/\/www.amanprana.eu\/fr\/inspiration\/alimentation\/le-safran-est-precieux\/#breadcrumb"},"inLanguage":"fr-FR","potentialAction":[{"@type":"ReadAction","target":["https:\/\/www.amanprana.eu\/fr\/inspiration\/alimentation\/le-safran-est-precieux\/"]}]},{"@type":"ImageObject","inLanguage":"fr-FR","@id":"https:\/\/www.amanprana.eu\/fr\/inspiration\/alimentation\/le-safran-est-precieux\/#primaryimage","url":"https:\/\/www.amanprana.eu\/wp-content\/uploads\/saffron-2835249_1280.jpg","contentUrl":"https:\/\/www.amanprana.eu\/wp-content\/uploads\/saffron-2835249_1280.jpg","width":1200,"height":675,"caption":"Le safran est pr\u00e9cieux"},{"@type":"BreadcrumbList","@id":"https:\/\/www.amanprana.eu\/fr\/inspiration\/alimentation\/le-safran-est-precieux\/#breadcrumb","itemListElement":[{"@type":"ListItem","position":1,"name":"Amanprana.eu","item":"https:\/\/www.amanprana.eu\/fr\/"},{"@type":"ListItem","position":2,"name":"Inspiration","item":"https:\/\/www.amanprana.eu\/fr\/inspiration\/"},{"@type":"ListItem","position":3,"name":"Alimentation","item":"https:\/\/www.amanprana.eu\/fr\/inspiration\/alimentation\/"},{"@type":"ListItem","position":4,"name":"Le safran est pr\u00e9cieux"}]},{"@type":"WebSite","@id":"https:\/\/www.amanprana.eu\/fr\/#website","url":"https:\/\/www.amanprana.eu\/fr\/","name":"Amanprana","description":"Serene levenskracht","publisher":{"@id":"https:\/\/www.amanprana.eu\/fr\/#organization"},"potentialAction":[{"@type":"SearchAction","target":{"@type":"EntryPoint","urlTemplate":"https:\/\/www.amanprana.eu\/fr\/?s={search_term_string}"},"query-input":{"@type":"PropertyValueSpecification","valueRequired":true,"valueName":"search_term_string"}}],"inLanguage":"fr-FR"},{"@type":"Organization","@id":"https:\/\/www.amanprana.eu\/fr\/#organization","name":"Amanprana","url":"https:\/\/www.amanprana.eu\/fr\/","logo":{"@type":"ImageObject","inLanguage":"fr-FR","@id":"https:\/\/www.amanprana.eu\/fr\/#\/schema\/logo\/image\/","url":"https:\/\/www.amanprana.eu\/wp-content\/uploads\/webres-amanprana-logo.jpg","contentUrl":"https:\/\/www.amanprana.eu\/wp-content\/uploads\/webres-amanprana-logo.jpg","width":300,"height":300,"caption":"Amanprana"},"image":{"@id":"https:\/\/www.amanprana.eu\/fr\/#\/schema\/logo\/image\/"},"sameAs":["https:\/\/www.facebook.com\/Amanpranaproducts\/","https:\/\/www.instagram.com\/amanprana\/","https:\/\/nl.pinterest.com\/amanprana\/pins\/"]},{"@type":"Person","@id":"https:\/\/www.amanprana.eu\/fr\/#\/schema\/person\/5238b833f5a1fdbc388316cb318c31d7","name":"Redacteur","url":"https:\/\/www.amanprana.eu\/fr\/author\/redacteur\/"}]}},"multi-rating":{"mr_rating_results":[]},"_links":{"self":[{"href":"https:\/\/www.amanprana.eu\/fr\/wp-json\/wp\/v2\/posts\/48887","targetHints":{"allow":["GET"]}}],"collection":[{"href":"https:\/\/www.amanprana.eu\/fr\/wp-json\/wp\/v2\/posts"}],"about":[{"href":"https:\/\/www.amanprana.eu\/fr\/wp-json\/wp\/v2\/types\/post"}],"author":[{"embeddable":true,"href":"https:\/\/www.amanprana.eu\/fr\/wp-json\/wp\/v2\/users\/34"}],"replies":[{"embeddable":true,"href":"https:\/\/www.amanprana.eu\/fr\/wp-json\/wp\/v2\/comments?post=48887"}],"version-history":[{"count":2,"href":"https:\/\/www.amanprana.eu\/fr\/wp-json\/wp\/v2\/posts\/48887\/revisions"}],"predecessor-version":[{"id":69571,"href":"https:\/\/www.amanprana.eu\/fr\/wp-json\/wp\/v2\/posts\/48887\/revisions\/69571"}],"wp:featuredmedia":[{"embeddable":true,"href":"https:\/\/www.amanprana.eu\/fr\/wp-json\/wp\/v2\/media\/43650"}],"wp:attachment":[{"href":"https:\/\/www.amanprana.eu\/fr\/wp-json\/wp\/v2\/media?parent=48887"}],"wp:term":[{"taxonomy":"category","embeddable":true,"href":"https:\/\/www.amanprana.eu\/fr\/wp-json\/wp\/v2\/categories?post=48887"},{"taxonomy":"post_tag","embeddable":true,"href":"https:\/\/www.amanprana.eu\/fr\/wp-json\/wp\/v2\/tags?post=48887"}],"curies":[{"name":"wp","href":"https:\/\/api.w.org\/{rel}","templated":true}]}}