

{"id":64394,"date":"2021-10-11T13:19:28","date_gmt":"2021-10-11T11:19:28","guid":{"rendered":"https:\/\/www.amanprana.eu\/dernieres-nouvelles\/enfants-mal-d-oreille\/"},"modified":"2021-10-11T13:19:29","modified_gmt":"2021-10-11T11:19:29","slug":"enfants-mal-d-oreille","status":"publish","type":"post","link":"https:\/\/www.amanprana.eu\/fr\/inspiration\/enfants-mal-d-oreille\/","title":{"rendered":"Oral &#038; Auris d&rsquo;Amanprana contre l&rsquo;otalgie et l&rsquo;exc\u00e8s de c\u00e9rumen."},"content":{"rendered":"\n<p>La douleur \u00e0 l&rsquo;oreille chez les adultes, les enfants ou les b\u00e9b\u00e9s est g\u00e9n\u00e9ralement caus\u00e9e par une inflammation dans une certaine partie de l&rsquo;oreille. Cette inflammation et ce mal d&rsquo;oreille sont caus\u00e9s par des bact\u00e9ries, des virus ou des champignons. Par exemple, les infections de l&rsquo;oreille peuvent r\u00e9sulter d&rsquo;un exc\u00e8s de c\u00e9rumen ou d&rsquo;un manque de c\u00e9rumen.<\/p>\n\n<h2 class=\"wp-block-heading\">Les douleurs aux oreilles chez les adultes sont moins fr\u00e9quentes que chez les enfants<\/h2>\n\n<p>Chez l&rsquo;adulte il s&rsquo;agit souvent d&rsquo;une inflammation de l&rsquo;oreille interne, ou encore d&rsquo;une inflammation de la trompe d&rsquo;Eustache (connexion entre le nez et l&rsquo;oreille). Habituellement, le mal d&rsquo;oreille et l&rsquo;inflammation disparaissent d&rsquo;eux-m\u00eames et la douleur est moins intense que chez les petits enfants.<\/p>\n\n<p>Les enfants ont un syst\u00e8me immunitaire plus faible que les adultes parce qu&rsquo;il n&rsquo;est pas encore d\u00e9velopp\u00e9. Cela rend plus facile et plus fr\u00e9quent pour eux d&rsquo;avoir une infection de l&rsquo;oreille. Il s&rsquo;agit g\u00e9n\u00e9ralement d&rsquo;une inflammation de l&rsquo;oreille moyenne qui peut s&rsquo;accompagner de beaucoup de douleur et de fi\u00e8vre. Les enfants peuvent ressentir le mal d&rsquo;oreille plus s\u00e9v\u00e8rement que les adultes.<\/p>\n\n<p>Une infection de l&rsquo;oreille chez les enfants est g\u00e9n\u00e9ralement caus\u00e9e par un simple rhume o\u00f9 du liquide peut s&rsquo;accumuler dans la trompe d&rsquo;Eustache (connexion entre le nez et l&rsquo;oreille). Si des virus ou des bact\u00e9ries p\u00e9n\u00e8trent dans le liquide, une infection de l&rsquo;oreille peut \u00e9clater. Une infection de l&rsquo;oreille chez les jeunes enfants peut r\u00e9appara\u00eetre plusieurs fois par an. Mais nos m\u00e9decins g\u00e9n\u00e9ralistes ont une solution rapide pour cela : ils prescrivent un \u00ab\u00a0rem\u00e8de\u00a0\u00bb. Dans les 5 jours, l&rsquo;enfant est d\u00e9barrass\u00e9 de la douleur. C&rsquo;est pourquoi de nombreux enfants ont d\u00e9j\u00e0 re\u00e7u un certain nombre de cures d&rsquo;antibiotiques pour une infection de l&rsquo;oreille \u00e0 un jeune \u00e2ge. C&rsquo;est peut-\u00eatre facile, mais est-ce vraiment la meilleure chose pour la sant\u00e9 de nos enfants ?<\/p>\n","protected":false},"excerpt":{"rendered":"<p>La douleur \u00e0 l&rsquo;oreille chez les adultes, les enfants ou les b\u00e9b\u00e9s est g\u00e9n\u00e9ralement caus\u00e9e par une inflammation dans une certaine partie de l&rsquo;oreille. Cette inflammation et ce mal d&rsquo;oreille &#8230;<\/p>\n","protected":false},"author":9,"featured_media":55747,"comment_status":"closed","ping_status":"closed","sticky":false,"template":"","format":"standard","meta":{"_acf_changed":false,"rating_form_position":"","rating_results_position":"","mr_structured_data_type":"","footnotes":""},"categories":[870,876],"tags":[2557,2558,2186],"class_list":["post-64394","post","type-post","status-publish","format-standard","has-post-thumbnail","hentry","category-inspiration","category-soins-du-corps","tag-mal-doreille","tag-oral-et-auris","tag-remede-naturel"],"acf":[],"yoast_head":"<!-- This site is optimized with the Yoast SEO plugin v24.7 - https:\/\/yoast.com\/wordpress\/plugins\/seo\/ -->\n<title>Orale et mal d&#039;oreille. Pourquoi les enfants en souffrent-ils plus souvent que les adultes ?<\/title>\n<meta name=\"description\" content=\"Les douleurs aux oreilles chez les adultes, les enfants ou les b\u00e9b\u00e9s sont souvent caus\u00e9es par une inflammation. Elle est caus\u00e9e par des bact\u00e9ries, des virus ou des champignons.\" \/>\n<meta name=\"robots\" content=\"index, follow, max-snippet:-1, max-image-preview:large, max-video-preview:-1\" \/>\n<link rel=\"canonical\" href=\"https:\/\/www.amanprana.eu\/fr\/inspiration\/enfants-mal-d-oreille\/\" \/>\n<meta property=\"og:locale\" content=\"fr_FR\" \/>\n<meta property=\"og:type\" content=\"article\" \/>\n<meta property=\"og:title\" content=\"Orale et mal d&#039;oreille. Pourquoi les enfants en souffrent-ils plus souvent que les adultes ?\" \/>\n<meta property=\"og:description\" content=\"Les douleurs aux oreilles chez les adultes, les enfants ou les b\u00e9b\u00e9s sont souvent caus\u00e9es par une inflammation. Elle est caus\u00e9e par des bact\u00e9ries, des virus ou des champignons.\" \/>\n<meta property=\"og:url\" content=\"https:\/\/www.amanprana.eu\/fr\/inspiration\/enfants-mal-d-oreille\/\" \/>\n<meta property=\"og:site_name\" content=\"Amanprana\" \/>\n<meta property=\"article:publisher\" content=\"https:\/\/www.facebook.com\/Amanpranaproducts\/\" \/>\n<meta property=\"article:published_time\" content=\"2021-10-11T11:19:28+00:00\" \/>\n<meta property=\"article:modified_time\" content=\"2021-10-11T11:19:29+00:00\" \/>\n<meta property=\"og:image\" content=\"https:\/\/www.amanprana.eu\/wp-content\/uploads\/oorontsteking-natuurlijk-behandelen.jpg\" \/>\n\t<meta property=\"og:image:width\" content=\"1920\" \/>\n\t<meta property=\"og:image:height\" content=\"1080\" \/>\n\t<meta property=\"og:image:type\" content=\"image\/jpeg\" \/>\n<meta name=\"author\" content=\"Joyce\" \/>\n<meta name=\"twitter:card\" content=\"summary_large_image\" \/>\n<meta name=\"twitter:label1\" content=\"\u00c9crit par\" \/>\n\t<meta name=\"twitter:data1\" content=\"Joyce\" \/>\n\t<meta name=\"twitter:label2\" content=\"Dur\u00e9e de lecture estim\u00e9e\" \/>\n\t<meta name=\"twitter:data2\" content=\"2 minutes\" \/>\n<script type=\"application\/ld+json\" class=\"yoast-schema-graph\">{\"@context\":\"https:\/\/schema.org\",\"@graph\":[{\"@type\":\"Article\",\"@id\":\"https:\/\/www.amanprana.eu\/fr\/inspiration\/enfants-mal-d-oreille\/#article\",\"isPartOf\":{\"@id\":\"https:\/\/www.amanprana.eu\/fr\/inspiration\/enfants-mal-d-oreille\/\"},\"author\":{\"name\":\"Joyce\",\"@id\":\"https:\/\/www.amanprana.eu\/fr\/#\/schema\/person\/25bfe000374cd97b7846ff45e20337d2\"},\"headline\":\"Oral &#038; Auris d&rsquo;Amanprana contre l&rsquo;otalgie et l&rsquo;exc\u00e8s de c\u00e9rumen.\",\"datePublished\":\"2021-10-11T11:19:28+00:00\",\"dateModified\":\"2021-10-11T11:19:29+00:00\",\"mainEntityOfPage\":{\"@id\":\"https:\/\/www.amanprana.eu\/fr\/inspiration\/enfants-mal-d-oreille\/\"},\"wordCount\":341,\"publisher\":{\"@id\":\"https:\/\/www.amanprana.eu\/fr\/#organization\"},\"image\":{\"@id\":\"https:\/\/www.amanprana.eu\/fr\/inspiration\/enfants-mal-d-oreille\/#primaryimage\"},\"thumbnailUrl\":\"https:\/\/www.amanprana.eu\/wp-content\/uploads\/oorontsteking-natuurlijk-behandelen.jpg\",\"keywords\":[\"mal d'oreille\",\"Oral et Auris\",\"rem\u00e8de naturel\"],\"articleSection\":[\"Inspiration\",\"Soins du corps\"],\"inLanguage\":\"fr-FR\"},{\"@type\":\"WebPage\",\"@id\":\"https:\/\/www.amanprana.eu\/fr\/inspiration\/enfants-mal-d-oreille\/\",\"url\":\"https:\/\/www.amanprana.eu\/fr\/inspiration\/enfants-mal-d-oreille\/\",\"name\":\"Orale et mal d'oreille. Pourquoi les enfants en souffrent-ils plus souvent que les adultes ?\",\"isPartOf\":{\"@id\":\"https:\/\/www.amanprana.eu\/fr\/#website\"},\"primaryImageOfPage\":{\"@id\":\"https:\/\/www.amanprana.eu\/fr\/inspiration\/enfants-mal-d-oreille\/#primaryimage\"},\"image\":{\"@id\":\"https:\/\/www.amanprana.eu\/fr\/inspiration\/enfants-mal-d-oreille\/#primaryimage\"},\"thumbnailUrl\":\"https:\/\/www.amanprana.eu\/wp-content\/uploads\/oorontsteking-natuurlijk-behandelen.jpg\",\"datePublished\":\"2021-10-11T11:19:28+00:00\",\"dateModified\":\"2021-10-11T11:19:29+00:00\",\"description\":\"Les douleurs aux oreilles chez les adultes, les enfants ou les b\u00e9b\u00e9s sont souvent caus\u00e9es par une inflammation. Elle est caus\u00e9e par des bact\u00e9ries, des virus ou des champignons.\",\"breadcrumb\":{\"@id\":\"https:\/\/www.amanprana.eu\/fr\/inspiration\/enfants-mal-d-oreille\/#breadcrumb\"},\"inLanguage\":\"fr-FR\",\"potentialAction\":[{\"@type\":\"ReadAction\",\"target\":[\"https:\/\/www.amanprana.eu\/fr\/inspiration\/enfants-mal-d-oreille\/\"]}]},{\"@type\":\"ImageObject\",\"inLanguage\":\"fr-FR\",\"@id\":\"https:\/\/www.amanprana.eu\/fr\/inspiration\/enfants-mal-d-oreille\/#primaryimage\",\"url\":\"https:\/\/www.amanprana.eu\/wp-content\/uploads\/oorontsteking-natuurlijk-behandelen.jpg\",\"contentUrl\":\"https:\/\/www.amanprana.eu\/wp-content\/uploads\/oorontsteking-natuurlijk-behandelen.jpg\",\"width\":1920,\"height\":1080,\"caption\":\"Traiter naturellement les maux d'oreille chez l'enfant\"},{\"@type\":\"BreadcrumbList\",\"@id\":\"https:\/\/www.amanprana.eu\/fr\/inspiration\/enfants-mal-d-oreille\/#breadcrumb\",\"itemListElement\":[{\"@type\":\"ListItem\",\"position\":1,\"name\":\"Amanprana.eu\",\"item\":\"https:\/\/www.amanprana.eu\/fr\/\"},{\"@type\":\"ListItem\",\"position\":2,\"name\":\"Inspiration\",\"item\":\"https:\/\/www.amanprana.eu\/fr\/inspiration\/\"},{\"@type\":\"ListItem\",\"position\":3,\"name\":\"Oral &#038; Auris d&rsquo;Amanprana contre l&rsquo;otalgie et l&rsquo;exc\u00e8s de c\u00e9rumen.\"}]},{\"@type\":\"WebSite\",\"@id\":\"https:\/\/www.amanprana.eu\/fr\/#website\",\"url\":\"https:\/\/www.amanprana.eu\/fr\/\",\"name\":\"Amanprana\",\"description\":\"Serene levenskracht\",\"publisher\":{\"@id\":\"https:\/\/www.amanprana.eu\/fr\/#organization\"},\"potentialAction\":[{\"@type\":\"SearchAction\",\"target\":{\"@type\":\"EntryPoint\",\"urlTemplate\":\"https:\/\/www.amanprana.eu\/fr\/?s={search_term_string}\"},\"query-input\":{\"@type\":\"PropertyValueSpecification\",\"valueRequired\":true,\"valueName\":\"search_term_string\"}}],\"inLanguage\":\"fr-FR\"},{\"@type\":\"Organization\",\"@id\":\"https:\/\/www.amanprana.eu\/fr\/#organization\",\"name\":\"Amanprana\",\"url\":\"https:\/\/www.amanprana.eu\/fr\/\",\"logo\":{\"@type\":\"ImageObject\",\"inLanguage\":\"fr-FR\",\"@id\":\"https:\/\/www.amanprana.eu\/fr\/#\/schema\/logo\/image\/\",\"url\":\"https:\/\/www.amanprana.eu\/wp-content\/uploads\/webres-amanprana-logo.jpg\",\"contentUrl\":\"https:\/\/www.amanprana.eu\/wp-content\/uploads\/webres-amanprana-logo.jpg\",\"width\":300,\"height\":300,\"caption\":\"Amanprana\"},\"image\":{\"@id\":\"https:\/\/www.amanprana.eu\/fr\/#\/schema\/logo\/image\/\"},\"sameAs\":[\"https:\/\/www.facebook.com\/Amanpranaproducts\/\",\"https:\/\/www.instagram.com\/amanprana\/\",\"https:\/\/nl.pinterest.com\/amanprana\/pins\/\"]},{\"@type\":\"Person\",\"@id\":\"https:\/\/www.amanprana.eu\/fr\/#\/schema\/person\/25bfe000374cd97b7846ff45e20337d2\",\"name\":\"Joyce\",\"url\":\"https:\/\/www.amanprana.eu\/fr\/author\/joyce\/\"}]}<\/script>\n<!-- \/ Yoast SEO plugin. -->","yoast_head_json":{"title":"Orale et mal d'oreille. Pourquoi les enfants en souffrent-ils plus souvent que les adultes ?","description":"Les douleurs aux oreilles chez les adultes, les enfants ou les b\u00e9b\u00e9s sont souvent caus\u00e9es par une inflammation. Elle est caus\u00e9e par des bact\u00e9ries, des virus ou des champignons.","robots":{"index":"index","follow":"follow","max-snippet":"max-snippet:-1","max-image-preview":"max-image-preview:large","max-video-preview":"max-video-preview:-1"},"canonical":"https:\/\/www.amanprana.eu\/fr\/inspiration\/enfants-mal-d-oreille\/","og_locale":"fr_FR","og_type":"article","og_title":"Orale et mal d'oreille. Pourquoi les enfants en souffrent-ils plus souvent que les adultes ?","og_description":"Les douleurs aux oreilles chez les adultes, les enfants ou les b\u00e9b\u00e9s sont souvent caus\u00e9es par une inflammation. Elle est caus\u00e9e par des bact\u00e9ries, des virus ou des champignons.","og_url":"https:\/\/www.amanprana.eu\/fr\/inspiration\/enfants-mal-d-oreille\/","og_site_name":"Amanprana","article_publisher":"https:\/\/www.facebook.com\/Amanpranaproducts\/","article_published_time":"2021-10-11T11:19:28+00:00","article_modified_time":"2021-10-11T11:19:29+00:00","og_image":[{"width":1920,"height":1080,"url":"https:\/\/www.amanprana.eu\/wp-content\/uploads\/oorontsteking-natuurlijk-behandelen.jpg","type":"image\/jpeg"}],"author":"Joyce","twitter_card":"summary_large_image","twitter_misc":{"\u00c9crit par":"Joyce","Dur\u00e9e de lecture estim\u00e9e":"2 minutes"},"schema":{"@context":"https:\/\/schema.org","@graph":[{"@type":"Article","@id":"https:\/\/www.amanprana.eu\/fr\/inspiration\/enfants-mal-d-oreille\/#article","isPartOf":{"@id":"https:\/\/www.amanprana.eu\/fr\/inspiration\/enfants-mal-d-oreille\/"},"author":{"name":"Joyce","@id":"https:\/\/www.amanprana.eu\/fr\/#\/schema\/person\/25bfe000374cd97b7846ff45e20337d2"},"headline":"Oral &#038; Auris d&rsquo;Amanprana contre l&rsquo;otalgie et l&rsquo;exc\u00e8s de c\u00e9rumen.","datePublished":"2021-10-11T11:19:28+00:00","dateModified":"2021-10-11T11:19:29+00:00","mainEntityOfPage":{"@id":"https:\/\/www.amanprana.eu\/fr\/inspiration\/enfants-mal-d-oreille\/"},"wordCount":341,"publisher":{"@id":"https:\/\/www.amanprana.eu\/fr\/#organization"},"image":{"@id":"https:\/\/www.amanprana.eu\/fr\/inspiration\/enfants-mal-d-oreille\/#primaryimage"},"thumbnailUrl":"https:\/\/www.amanprana.eu\/wp-content\/uploads\/oorontsteking-natuurlijk-behandelen.jpg","keywords":["mal d'oreille","Oral et Auris","rem\u00e8de naturel"],"articleSection":["Inspiration","Soins du corps"],"inLanguage":"fr-FR"},{"@type":"WebPage","@id":"https:\/\/www.amanprana.eu\/fr\/inspiration\/enfants-mal-d-oreille\/","url":"https:\/\/www.amanprana.eu\/fr\/inspiration\/enfants-mal-d-oreille\/","name":"Orale et mal d'oreille. Pourquoi les enfants en souffrent-ils plus souvent que les adultes ?","isPartOf":{"@id":"https:\/\/www.amanprana.eu\/fr\/#website"},"primaryImageOfPage":{"@id":"https:\/\/www.amanprana.eu\/fr\/inspiration\/enfants-mal-d-oreille\/#primaryimage"},"image":{"@id":"https:\/\/www.amanprana.eu\/fr\/inspiration\/enfants-mal-d-oreille\/#primaryimage"},"thumbnailUrl":"https:\/\/www.amanprana.eu\/wp-content\/uploads\/oorontsteking-natuurlijk-behandelen.jpg","datePublished":"2021-10-11T11:19:28+00:00","dateModified":"2021-10-11T11:19:29+00:00","description":"Les douleurs aux oreilles chez les adultes, les enfants ou les b\u00e9b\u00e9s sont souvent caus\u00e9es par une inflammation. Elle est caus\u00e9e par des bact\u00e9ries, des virus ou des champignons.","breadcrumb":{"@id":"https:\/\/www.amanprana.eu\/fr\/inspiration\/enfants-mal-d-oreille\/#breadcrumb"},"inLanguage":"fr-FR","potentialAction":[{"@type":"ReadAction","target":["https:\/\/www.amanprana.eu\/fr\/inspiration\/enfants-mal-d-oreille\/"]}]},{"@type":"ImageObject","inLanguage":"fr-FR","@id":"https:\/\/www.amanprana.eu\/fr\/inspiration\/enfants-mal-d-oreille\/#primaryimage","url":"https:\/\/www.amanprana.eu\/wp-content\/uploads\/oorontsteking-natuurlijk-behandelen.jpg","contentUrl":"https:\/\/www.amanprana.eu\/wp-content\/uploads\/oorontsteking-natuurlijk-behandelen.jpg","width":1920,"height":1080,"caption":"Traiter naturellement les maux d'oreille chez l'enfant"},{"@type":"BreadcrumbList","@id":"https:\/\/www.amanprana.eu\/fr\/inspiration\/enfants-mal-d-oreille\/#breadcrumb","itemListElement":[{"@type":"ListItem","position":1,"name":"Amanprana.eu","item":"https:\/\/www.amanprana.eu\/fr\/"},{"@type":"ListItem","position":2,"name":"Inspiration","item":"https:\/\/www.amanprana.eu\/fr\/inspiration\/"},{"@type":"ListItem","position":3,"name":"Oral &#038; Auris d&rsquo;Amanprana contre l&rsquo;otalgie et l&rsquo;exc\u00e8s de c\u00e9rumen."}]},{"@type":"WebSite","@id":"https:\/\/www.amanprana.eu\/fr\/#website","url":"https:\/\/www.amanprana.eu\/fr\/","name":"Amanprana","description":"Serene levenskracht","publisher":{"@id":"https:\/\/www.amanprana.eu\/fr\/#organization"},"potentialAction":[{"@type":"SearchAction","target":{"@type":"EntryPoint","urlTemplate":"https:\/\/www.amanprana.eu\/fr\/?s={search_term_string}"},"query-input":{"@type":"PropertyValueSpecification","valueRequired":true,"valueName":"search_term_string"}}],"inLanguage":"fr-FR"},{"@type":"Organization","@id":"https:\/\/www.amanprana.eu\/fr\/#organization","name":"Amanprana","url":"https:\/\/www.amanprana.eu\/fr\/","logo":{"@type":"ImageObject","inLanguage":"fr-FR","@id":"https:\/\/www.amanprana.eu\/fr\/#\/schema\/logo\/image\/","url":"https:\/\/www.amanprana.eu\/wp-content\/uploads\/webres-amanprana-logo.jpg","contentUrl":"https:\/\/www.amanprana.eu\/wp-content\/uploads\/webres-amanprana-logo.jpg","width":300,"height":300,"caption":"Amanprana"},"image":{"@id":"https:\/\/www.amanprana.eu\/fr\/#\/schema\/logo\/image\/"},"sameAs":["https:\/\/www.facebook.com\/Amanpranaproducts\/","https:\/\/www.instagram.com\/amanprana\/","https:\/\/nl.pinterest.com\/amanprana\/pins\/"]},{"@type":"Person","@id":"https:\/\/www.amanprana.eu\/fr\/#\/schema\/person\/25bfe000374cd97b7846ff45e20337d2","name":"Joyce","url":"https:\/\/www.amanprana.eu\/fr\/author\/joyce\/"}]}},"multi-rating":{"mr_rating_results":[]},"_links":{"self":[{"href":"https:\/\/www.amanprana.eu\/fr\/wp-json\/wp\/v2\/posts\/64394","targetHints":{"allow":["GET"]}}],"collection":[{"href":"https:\/\/www.amanprana.eu\/fr\/wp-json\/wp\/v2\/posts"}],"about":[{"href":"https:\/\/www.amanprana.eu\/fr\/wp-json\/wp\/v2\/types\/post"}],"author":[{"embeddable":true,"href":"https:\/\/www.amanprana.eu\/fr\/wp-json\/wp\/v2\/users\/9"}],"replies":[{"embeddable":true,"href":"https:\/\/www.amanprana.eu\/fr\/wp-json\/wp\/v2\/comments?post=64394"}],"version-history":[{"count":1,"href":"https:\/\/www.amanprana.eu\/fr\/wp-json\/wp\/v2\/posts\/64394\/revisions"}],"predecessor-version":[{"id":64395,"href":"https:\/\/www.amanprana.eu\/fr\/wp-json\/wp\/v2\/posts\/64394\/revisions\/64395"}],"wp:featuredmedia":[{"embeddable":true,"href":"https:\/\/www.amanprana.eu\/fr\/wp-json\/wp\/v2\/media\/55747"}],"wp:attachment":[{"href":"https:\/\/www.amanprana.eu\/fr\/wp-json\/wp\/v2\/media?parent=64394"}],"wp:term":[{"taxonomy":"category","embeddable":true,"href":"https:\/\/www.amanprana.eu\/fr\/wp-json\/wp\/v2\/categories?post=64394"},{"taxonomy":"post_tag","embeddable":true,"href":"https:\/\/www.amanprana.eu\/fr\/wp-json\/wp\/v2\/tags?post=64394"}],"curies":[{"name":"wp","href":"https:\/\/api.w.org\/{rel}","templated":true}]}}