

{"id":64569,"date":"2021-10-28T14:17:40","date_gmt":"2021-10-28T12:17:40","guid":{"rendered":"https:\/\/www.amanprana.eu\/dernieres-nouvelles\/usage-medical-du-safran-a-travers-lhistoire\/"},"modified":"2021-11-24T15:07:09","modified_gmt":"2021-11-24T14:07:09","slug":"usage-medical-du-safran-a-travers-lhistoire","status":"publish","type":"post","link":"https:\/\/www.amanprana.eu\/fr\/inspiration\/usage-medical-du-safran-a-travers-lhistoire\/","title":{"rendered":"Utilisations m\u00e9dicales du safran \u00e0 travers l&rsquo;histoire"},"content":{"rendered":"\n<p>Le safran a longtemps \u00e9t\u00e9 utilis\u00e9 dans diverses cultures comme plante m\u00e9dicinale. Les M\u00e9sopotamies et les Grecs utilisaient le safran comme rem\u00e8de contre l&rsquo;estomac. L&rsquo;ordonnance suivante a \u00e9t\u00e9 prescrite pour l&rsquo;usage m\u00e9dical du safran dans les saignements gastriques : graisse de b\u0153uf, safran, coriandre, myrte et bois d&rsquo;agar. (Les secrets du safran, la vie vagabonde de l&rsquo;\u00e9pice la plus s\u00e9duisante du monde, Pat Willard, p34-35)<\/p>\n\n<p>Hom\u00e8re parlait d\u00e9j\u00e0 du safran dans l&rsquo;Iliade, sous le nom de Krocoz, indiquant l&rsquo;utilisation du safran comme m\u00e9dicament et parfum. Et comme certains auteurs le confirment, lors des Bacchanales (boires romains), le safran \u00e9tait saupoudr\u00e9 sur le sol, car son ar\u00f4me aidait \u00e0 exciter les convives.<\/p>\n\n<p>Les probl\u00e8mes de dents et d&rsquo;yeux ont \u00e9t\u00e9 r\u00e9solus en Egypte avec le safran : par ex. poudre de safran dissoute dans l&rsquo;eau dans les yeux contre la cataracte. Pour renforcer les dents, le Ccrocus stativa entier a \u00e9t\u00e9 mang\u00e9. (Secrets of Saffron, la vie vagabonde de l&rsquo;\u00e9pice la plus s\u00e9duisante du monde, Pat Willard, p36)<\/p>\n\n<blockquote class=\"wp-block-quote is-layout-flow wp-block-quote-is-layout-flow\"><p>Dioscoride a dit un jour : \u00ab Le safran stimule la luxure et sous forme de cataplasme il soulage les inflammations qui ont quelque chose du feu de Saint Antoine \u00bb (Il fait ici r\u00e9f\u00e9rence au zona, aussi appel\u00e9 zona ou zona).<\/p><\/blockquote>\n\n<p>Les Perses utilisaient le safran comme aphrodisiaque, le m\u00e9langeant \u00e0 des aliments pour soulager l&rsquo;esprit et dissiper la m\u00e9lancolie ou la m\u00e9lancolie (Secrets of Saffron, la vie vagabonde de l&rsquo;\u00e9pice la plus s\u00e9duisante du monde, Pat Willard, p41). Les Perses croyaient que le safran pouvait faire dispara\u00eetre la d\u00e9pression, la m\u00e9lancolie et la m\u00e9lancolie. Le safran a aussi des propri\u00e9t\u00e9s narcotiques, disent-ils. (Les secrets du safran, la vie vagabonde de l&rsquo;\u00e9pice la plus s\u00e9duisante du monde, Pat Willard, p105). Les Perses utilisaient \u00e9galement le safran pour les diarrh\u00e9es s\u00e9v\u00e8res (dysenterie) et la rougeole.<\/p>\n\n<p>Alexandre le Grand utilisait presque une tasse de safran par jour. Il prenait un bain au safran lorsqu&rsquo;il \u00e9tait bless\u00e9, avait des douleurs articulaires et pour panser ses blessures. (Secrets of Saffron, la vie vagabonde de l&rsquo;\u00e9pice la plus s\u00e9duisante du monde, Pat Willard, p54 &amp; 59).<\/p>\n\n<blockquote class=\"wp-block-quote is-layout-flow wp-block-quote-is-layout-flow\"><p>Cl\u00e9op\u00e2tre prenait des bains de lait au safran. \u00ab Le safran augmente le plaisir \u00bb, selon Cl\u00e9op\u00e2tre, \u00ab et d\u00e9tend le rein pour plus de sensibilit\u00e9 \u00bb. Cl\u00e9op\u00e2tre a utilis\u00e9 presque une pleine tasse de safran dissous dans de l&rsquo;eau chaude. Elle se baignait dans ce bain chaud au safran tant que le bain restait chaud. Pour Cl\u00e9op\u00e2tre, c&rsquo;\u00e9tait clair : le safran augmente le plaisir pendant les rapports sexuels. (Les secrets du safran, la vie vagabonde de l&rsquo;\u00e9pice la plus s\u00e9duisante du monde, Pat Willard, p55).<\/p><\/blockquote>\n\n<h2 class=\"wp-block-heading\">Utilisation m\u00e9dicale du safran dans la mort noire et la jaunisse<\/h2>\n\n<p>Au Moyen \u00c2ge, le safran \u00e9tait utilis\u00e9 contre \u00ab la peste noire \u00bb. De nombreux m\u00e9decins se sont r\u00e9fugi\u00e9s dans les manuels d&rsquo;arabe. Ils faisaient purifier leurs maisons en saupoudrant de safran sur le sol ou en \u00e9vaporant du safran dans de l&rsquo;huile ou de l&rsquo;eau. La comtesse Elizabeth de Kent y croyait fermement. (Les secrets du safran, la vie vagabonde de l&rsquo;\u00e9pice la plus s\u00e9duisante du monde, Pat Willard, p97). En raison de sa couleur jaun\u00e2tre, le safran \u00e9tait \u00e9galement utilis\u00e9 en Europe comme m\u00e9dicament contre la jaunisse par les adeptes de l&rsquo;ancienne \u00ab doctrine des signatures \u00bb. Dans l&rsquo;Est, le safran \u00e9tait couramment utilis\u00e9 pour contrer la d\u00e9pression l\u00e9g\u00e8re ou mod\u00e9r\u00e9e; le safran \u00e9tait connu pour apporter joie et connaissance.<\/p>\n\n<p>En Angleterre, le safran \u00e9tait consid\u00e9r\u00e9 comme un m\u00e9dicament au Moyen \u00c2ge. L&rsquo;Angleterre avait de nombreux fl\u00e9aux \u00e0 cette \u00e9poque. Le safran soulagea la douleur et fit dispara\u00eetre la rougeole, la variole, la syphilis et la goutte. (Secrets of Saffron, la vie vagabonde de l&rsquo;\u00e9pice la plus s\u00e9duisante du monde, Pat Willard, p121). La consommation est devenue plus supportable apr\u00e8s avoir bu de la soupe au safran. Une recette de vin blanc et beaucoup de safran \u00e9tait un rem\u00e8de parfait pour les spasmes et les crampes. Le safran \u00e9tait \u00e9galement connu en Angleterre pour fortifier le c\u0153ur, soulager le cerveau et combattre les angoisses mentales. Le safran \u00e9tait souvent utilis\u00e9 au Moyen \u00c2ge en Angleterre comme le Prozac aujourd&rsquo;hui : pour r\u00e9duire la d\u00e9pression et le sentiment d&rsquo;abattement. \u00ab Une fois que les principes actifs du safran ont atteint le c\u0153ur, le safran provoque le rire et la joie. \u00bb La prescription de safran comme traitement de la d\u00e9pression \u00e9tait mentionn\u00e9e dans toute la litt\u00e9rature m\u00e9dicale et largement connue de la population. (Les secrets du safran, la vie vagabonde de l&rsquo;\u00e9pice la plus s\u00e9duisante du monde, Pat Willard, p121-124)<\/p>\n\n<p>Le safran est \u00e9galement tr\u00e8s appr\u00e9ci\u00e9 en Orient, notamment dans la m\u00e9decine populaire en Inde et au Tibet. Le safran faisait partie des pilules \u00e9nergisantes avec la muscade, la cardamome, les clous de girofle, la cannelle, le gingembre, le poivre noir et le musc ; un compos\u00e9 qui, compte tenu de ses ingr\u00e9dients, peut \u00eatre consid\u00e9r\u00e9 comme un aphrodisiaque. Jusqu&rsquo;\u00e0 aujourd&rsquo;hui, ces pilules sont consid\u00e9r\u00e9es par les bouddhistes tib\u00e9tains comme l&rsquo;un des meilleurs cadeaux. Au Tibet, le safran est souvent aussi un ingr\u00e9dient de l&rsquo;encens m\u00e9dicinal. Le safran est \u00e9galement consid\u00e9r\u00e9 comme un tonique pour le c\u0153ur et le syst\u00e8me nerveux. En Inde, au Tibet et en Chine, le safran \u00e9tait \u00e9galement utilis\u00e9 comme teinture jaune\/orange pour les v\u00eatements des moines hindous et bouddhistes. La crocine dans le safran est soluble dans l&rsquo;eau et donne au safran sa couleur unique. La couleur jaune du curcuma moins cher (curcuma) est similaire, mais pas la m\u00eame.<\/p>\n\n<p>En m\u00e9decine traditionnelle chinoise, le safran est utilis\u00e9 pour ses propri\u00e9t\u00e9s anti-inflammatoires. Le safran est \u00e9galement utilis\u00e9 comme tonique pour l&rsquo;estomac et comme s\u00e9datif, pour les crampes, <a title=\"\">l&rsquo;asthme<\/a> et pour traiter les ecchymoses.<\/p>\n\n<p>Au Maroc on trouve le safran pour apaiser les douleurs lors des premi\u00e8res pouss\u00e9es dentaires des enfants (usage externe : effet antalgique sur la muqueuse des gencives). Les gencives des enfants sont frott\u00e9es avec du miel et du safran, un antiseptique naturel, \u00e0 l&rsquo;aide d&rsquo;une bague en or.<\/p>\n\n<p>Les grands-m\u00e8res fran\u00e7aises utilisaient \u00e9galement du th\u00e9 au safran ou du lait au safran pour lutter contre les douleurs menstruelles chez les jeunes filles. En gyn\u00e9cologie \u00e9galement, le safran a \u00e9t\u00e9 et est recommand\u00e9 pour les r\u00e8gles douloureuses ou irr\u00e9guli\u00e8res et pour stimuler l&rsquo;ut\u00e9rus. Le safran est utilis\u00e9 en France depuis longtemps pour rem\u00e9dier \u00e0 toutes sortes de maux. Ils utilisent encore le c\u00e9l\u00e8bre sirop DELABARRE pour pr\u00e9venir ou soulager les douleurs des premi\u00e8res dents.<\/p>\n\n<p>Aujourd&rsquo;hui, le safran est encore souvent utilis\u00e9 par les pharmaciens, notamment pour r\u00e9aliser des pr\u00e9parations pour les yeux (collyre et collyre).<\/p>\n\n<p>En raison de la base am\u00e8re du safran, l&rsquo;\u00e9pice convient pour favoriser le fonctionnement de l&rsquo;estomac, tandis que la croc\u00e9tine a un effet hypocholest\u00e9rol\u00e9miant. Le safran peut \u00e9galement \u00eatre utilis\u00e9 dans les maladies contagieuses, car le safran nettoie et d\u00e9sobstrue le foie. Le safran est un v\u00e9ritable cadeau de M\u00e8re Nature. Le safran est plus que digne du nom de superaliment.<\/p>\n","protected":false},"excerpt":{"rendered":"<p>Le safran a longtemps \u00e9t\u00e9 utilis\u00e9 dans diverses cultures comme plante m\u00e9dicinale. Les M\u00e9sopotamies et les Grecs utilisaient le safran comme rem\u00e8de contre l&rsquo;estomac. L&rsquo;ordonnance suivante a \u00e9t\u00e9 prescrite pour &#8230;<\/p>\n","protected":false},"author":9,"featured_media":48934,"comment_status":"closed","ping_status":"closed","sticky":false,"template":"","format":"standard","meta":{"_acf_changed":false,"rating_form_position":"","rating_results_position":"","mr_structured_data_type":"","footnotes":""},"categories":[870,877],"tags":[2908,2695,2636,2261,1291,1096],"class_list":["post-64569","post","type-post","status-publish","format-standard","has-post-thumbnail","hentry","category-inspiration","category-alimentation","tag-safran-vanille","tag-boisson-sportive","tag-lhistoire","tag-la-nourriture-comme-medicament","tag-latte","tag-safran"],"acf":[],"yoast_head":"<!-- This site is optimized with the Yoast SEO plugin v24.7 - https:\/\/yoast.com\/wordpress\/plugins\/seo\/ -->\n<title>Utilisations m\u00e9dicales du safran \u00e0 travers l&#039;histoire - Amanprana<\/title>\n<meta name=\"description\" content=\"L&#039;usage m\u00e9dical du safran \u00e0 travers les \u00e2ges et \u00e0 travers les cultures. Le safran est vraiment un cadeau m\u00e9dical de M\u00e8re Nature.\" \/>\n<meta name=\"robots\" content=\"index, follow, max-snippet:-1, max-image-preview:large, max-video-preview:-1\" \/>\n<link rel=\"canonical\" href=\"https:\/\/www.amanprana.eu\/fr\/inspiration\/usage-medical-du-safran-a-travers-lhistoire\/\" \/>\n<meta property=\"og:locale\" content=\"fr_FR\" \/>\n<meta property=\"og:type\" content=\"article\" \/>\n<meta property=\"og:title\" content=\"Utilisations m\u00e9dicales du safran \u00e0 travers l&#039;histoire - Amanprana\" \/>\n<meta property=\"og:description\" content=\"L&#039;usage m\u00e9dical du safran \u00e0 travers les \u00e2ges et \u00e0 travers les cultures. Le safran est vraiment un cadeau m\u00e9dical de M\u00e8re Nature.\" \/>\n<meta property=\"og:url\" content=\"https:\/\/www.amanprana.eu\/fr\/inspiration\/usage-medical-du-safran-a-travers-lhistoire\/\" \/>\n<meta property=\"og:site_name\" content=\"Amanprana\" \/>\n<meta property=\"article:publisher\" content=\"https:\/\/www.facebook.com\/Amanpranaproducts\/\" \/>\n<meta property=\"article:published_time\" content=\"2021-10-28T12:17:40+00:00\" \/>\n<meta property=\"article:modified_time\" content=\"2021-11-24T14:07:09+00:00\" \/>\n<meta property=\"og:image\" content=\"https:\/\/www.amanprana.eu\/wp-content\/uploads\/Saffraan-op-lepels.jpg\" \/>\n\t<meta property=\"og:image:width\" content=\"1200\" \/>\n\t<meta property=\"og:image:height\" content=\"675\" \/>\n\t<meta property=\"og:image:type\" content=\"image\/jpeg\" \/>\n<meta name=\"author\" content=\"Joyce\" \/>\n<meta name=\"twitter:card\" content=\"summary_large_image\" \/>\n<meta name=\"twitter:label1\" content=\"\u00c9crit par\" \/>\n\t<meta name=\"twitter:data1\" content=\"Joyce\" \/>\n\t<meta name=\"twitter:label2\" content=\"Dur\u00e9e de lecture estim\u00e9e\" \/>\n\t<meta name=\"twitter:data2\" content=\"6 minutes\" \/>\n<script type=\"application\/ld+json\" class=\"yoast-schema-graph\">{\"@context\":\"https:\/\/schema.org\",\"@graph\":[{\"@type\":\"Article\",\"@id\":\"https:\/\/www.amanprana.eu\/fr\/inspiration\/usage-medical-du-safran-a-travers-lhistoire\/#article\",\"isPartOf\":{\"@id\":\"https:\/\/www.amanprana.eu\/fr\/inspiration\/usage-medical-du-safran-a-travers-lhistoire\/\"},\"author\":{\"name\":\"Joyce\",\"@id\":\"https:\/\/www.amanprana.eu\/fr\/#\/schema\/person\/25bfe000374cd97b7846ff45e20337d2\"},\"headline\":\"Utilisations m\u00e9dicales du safran \u00e0 travers l&rsquo;histoire\",\"datePublished\":\"2021-10-28T12:17:40+00:00\",\"dateModified\":\"2021-11-24T14:07:09+00:00\",\"mainEntityOfPage\":{\"@id\":\"https:\/\/www.amanprana.eu\/fr\/inspiration\/usage-medical-du-safran-a-travers-lhistoire\/\"},\"wordCount\":1257,\"publisher\":{\"@id\":\"https:\/\/www.amanprana.eu\/fr\/#organization\"},\"image\":{\"@id\":\"https:\/\/www.amanprana.eu\/fr\/inspiration\/usage-medical-du-safran-a-travers-lhistoire\/#primaryimage\"},\"thumbnailUrl\":\"https:\/\/www.amanprana.eu\/wp-content\/uploads\/Saffraan-op-lepels.jpg\",\"keywords\":[\"Safran &amp; Vanille\",\"boisson sportive\",\"l'histoire\",\"la nourriture comme m\u00e9dicament\",\"latte\",\"Safran\"],\"articleSection\":[\"Inspiration\",\"Alimentation\"],\"inLanguage\":\"fr-FR\"},{\"@type\":\"WebPage\",\"@id\":\"https:\/\/www.amanprana.eu\/fr\/inspiration\/usage-medical-du-safran-a-travers-lhistoire\/\",\"url\":\"https:\/\/www.amanprana.eu\/fr\/inspiration\/usage-medical-du-safran-a-travers-lhistoire\/\",\"name\":\"Utilisations m\u00e9dicales du safran \u00e0 travers l'histoire - Amanprana\",\"isPartOf\":{\"@id\":\"https:\/\/www.amanprana.eu\/fr\/#website\"},\"primaryImageOfPage\":{\"@id\":\"https:\/\/www.amanprana.eu\/fr\/inspiration\/usage-medical-du-safran-a-travers-lhistoire\/#primaryimage\"},\"image\":{\"@id\":\"https:\/\/www.amanprana.eu\/fr\/inspiration\/usage-medical-du-safran-a-travers-lhistoire\/#primaryimage\"},\"thumbnailUrl\":\"https:\/\/www.amanprana.eu\/wp-content\/uploads\/Saffraan-op-lepels.jpg\",\"datePublished\":\"2021-10-28T12:17:40+00:00\",\"dateModified\":\"2021-11-24T14:07:09+00:00\",\"description\":\"L'usage m\u00e9dical du safran \u00e0 travers les \u00e2ges et \u00e0 travers les cultures. Le safran est vraiment un cadeau m\u00e9dical de M\u00e8re Nature.\",\"breadcrumb\":{\"@id\":\"https:\/\/www.amanprana.eu\/fr\/inspiration\/usage-medical-du-safran-a-travers-lhistoire\/#breadcrumb\"},\"inLanguage\":\"fr-FR\",\"potentialAction\":[{\"@type\":\"ReadAction\",\"target\":[\"https:\/\/www.amanprana.eu\/fr\/inspiration\/usage-medical-du-safran-a-travers-lhistoire\/\"]}]},{\"@type\":\"ImageObject\",\"inLanguage\":\"fr-FR\",\"@id\":\"https:\/\/www.amanprana.eu\/fr\/inspiration\/usage-medical-du-safran-a-travers-lhistoire\/#primaryimage\",\"url\":\"https:\/\/www.amanprana.eu\/wp-content\/uploads\/Saffraan-op-lepels.jpg\",\"contentUrl\":\"https:\/\/www.amanprana.eu\/wp-content\/uploads\/Saffraan-op-lepels.jpg\",\"width\":1200,\"height\":675,\"caption\":\"origine du safran d'Amanprana\"},{\"@type\":\"BreadcrumbList\",\"@id\":\"https:\/\/www.amanprana.eu\/fr\/inspiration\/usage-medical-du-safran-a-travers-lhistoire\/#breadcrumb\",\"itemListElement\":[{\"@type\":\"ListItem\",\"position\":1,\"name\":\"Amanprana.eu\",\"item\":\"https:\/\/www.amanprana.eu\/fr\/\"},{\"@type\":\"ListItem\",\"position\":2,\"name\":\"Inspiration\",\"item\":\"https:\/\/www.amanprana.eu\/fr\/inspiration\/\"},{\"@type\":\"ListItem\",\"position\":3,\"name\":\"Utilisations m\u00e9dicales du safran \u00e0 travers l&rsquo;histoire\"}]},{\"@type\":\"WebSite\",\"@id\":\"https:\/\/www.amanprana.eu\/fr\/#website\",\"url\":\"https:\/\/www.amanprana.eu\/fr\/\",\"name\":\"Amanprana\",\"description\":\"Serene levenskracht\",\"publisher\":{\"@id\":\"https:\/\/www.amanprana.eu\/fr\/#organization\"},\"potentialAction\":[{\"@type\":\"SearchAction\",\"target\":{\"@type\":\"EntryPoint\",\"urlTemplate\":\"https:\/\/www.amanprana.eu\/fr\/?s={search_term_string}\"},\"query-input\":{\"@type\":\"PropertyValueSpecification\",\"valueRequired\":true,\"valueName\":\"search_term_string\"}}],\"inLanguage\":\"fr-FR\"},{\"@type\":\"Organization\",\"@id\":\"https:\/\/www.amanprana.eu\/fr\/#organization\",\"name\":\"Amanprana\",\"url\":\"https:\/\/www.amanprana.eu\/fr\/\",\"logo\":{\"@type\":\"ImageObject\",\"inLanguage\":\"fr-FR\",\"@id\":\"https:\/\/www.amanprana.eu\/fr\/#\/schema\/logo\/image\/\",\"url\":\"https:\/\/www.amanprana.eu\/wp-content\/uploads\/webres-amanprana-logo.jpg\",\"contentUrl\":\"https:\/\/www.amanprana.eu\/wp-content\/uploads\/webres-amanprana-logo.jpg\",\"width\":300,\"height\":300,\"caption\":\"Amanprana\"},\"image\":{\"@id\":\"https:\/\/www.amanprana.eu\/fr\/#\/schema\/logo\/image\/\"},\"sameAs\":[\"https:\/\/www.facebook.com\/Amanpranaproducts\/\",\"https:\/\/www.instagram.com\/amanprana\/\",\"https:\/\/nl.pinterest.com\/amanprana\/pins\/\"]},{\"@type\":\"Person\",\"@id\":\"https:\/\/www.amanprana.eu\/fr\/#\/schema\/person\/25bfe000374cd97b7846ff45e20337d2\",\"name\":\"Joyce\",\"url\":\"https:\/\/www.amanprana.eu\/fr\/author\/joyce\/\"}]}<\/script>\n<!-- \/ Yoast SEO plugin. -->","yoast_head_json":{"title":"Utilisations m\u00e9dicales du safran \u00e0 travers l'histoire - Amanprana","description":"L'usage m\u00e9dical du safran \u00e0 travers les \u00e2ges et \u00e0 travers les cultures. Le safran est vraiment un cadeau m\u00e9dical de M\u00e8re Nature.","robots":{"index":"index","follow":"follow","max-snippet":"max-snippet:-1","max-image-preview":"max-image-preview:large","max-video-preview":"max-video-preview:-1"},"canonical":"https:\/\/www.amanprana.eu\/fr\/inspiration\/usage-medical-du-safran-a-travers-lhistoire\/","og_locale":"fr_FR","og_type":"article","og_title":"Utilisations m\u00e9dicales du safran \u00e0 travers l'histoire - Amanprana","og_description":"L'usage m\u00e9dical du safran \u00e0 travers les \u00e2ges et \u00e0 travers les cultures. Le safran est vraiment un cadeau m\u00e9dical de M\u00e8re Nature.","og_url":"https:\/\/www.amanprana.eu\/fr\/inspiration\/usage-medical-du-safran-a-travers-lhistoire\/","og_site_name":"Amanprana","article_publisher":"https:\/\/www.facebook.com\/Amanpranaproducts\/","article_published_time":"2021-10-28T12:17:40+00:00","article_modified_time":"2021-11-24T14:07:09+00:00","og_image":[{"width":1200,"height":675,"url":"https:\/\/www.amanprana.eu\/wp-content\/uploads\/Saffraan-op-lepels.jpg","type":"image\/jpeg"}],"author":"Joyce","twitter_card":"summary_large_image","twitter_misc":{"\u00c9crit par":"Joyce","Dur\u00e9e de lecture estim\u00e9e":"6 minutes"},"schema":{"@context":"https:\/\/schema.org","@graph":[{"@type":"Article","@id":"https:\/\/www.amanprana.eu\/fr\/inspiration\/usage-medical-du-safran-a-travers-lhistoire\/#article","isPartOf":{"@id":"https:\/\/www.amanprana.eu\/fr\/inspiration\/usage-medical-du-safran-a-travers-lhistoire\/"},"author":{"name":"Joyce","@id":"https:\/\/www.amanprana.eu\/fr\/#\/schema\/person\/25bfe000374cd97b7846ff45e20337d2"},"headline":"Utilisations m\u00e9dicales du safran \u00e0 travers l&rsquo;histoire","datePublished":"2021-10-28T12:17:40+00:00","dateModified":"2021-11-24T14:07:09+00:00","mainEntityOfPage":{"@id":"https:\/\/www.amanprana.eu\/fr\/inspiration\/usage-medical-du-safran-a-travers-lhistoire\/"},"wordCount":1257,"publisher":{"@id":"https:\/\/www.amanprana.eu\/fr\/#organization"},"image":{"@id":"https:\/\/www.amanprana.eu\/fr\/inspiration\/usage-medical-du-safran-a-travers-lhistoire\/#primaryimage"},"thumbnailUrl":"https:\/\/www.amanprana.eu\/wp-content\/uploads\/Saffraan-op-lepels.jpg","keywords":["Safran &amp; Vanille","boisson sportive","l'histoire","la nourriture comme m\u00e9dicament","latte","Safran"],"articleSection":["Inspiration","Alimentation"],"inLanguage":"fr-FR"},{"@type":"WebPage","@id":"https:\/\/www.amanprana.eu\/fr\/inspiration\/usage-medical-du-safran-a-travers-lhistoire\/","url":"https:\/\/www.amanprana.eu\/fr\/inspiration\/usage-medical-du-safran-a-travers-lhistoire\/","name":"Utilisations m\u00e9dicales du safran \u00e0 travers l'histoire - Amanprana","isPartOf":{"@id":"https:\/\/www.amanprana.eu\/fr\/#website"},"primaryImageOfPage":{"@id":"https:\/\/www.amanprana.eu\/fr\/inspiration\/usage-medical-du-safran-a-travers-lhistoire\/#primaryimage"},"image":{"@id":"https:\/\/www.amanprana.eu\/fr\/inspiration\/usage-medical-du-safran-a-travers-lhistoire\/#primaryimage"},"thumbnailUrl":"https:\/\/www.amanprana.eu\/wp-content\/uploads\/Saffraan-op-lepels.jpg","datePublished":"2021-10-28T12:17:40+00:00","dateModified":"2021-11-24T14:07:09+00:00","description":"L'usage m\u00e9dical du safran \u00e0 travers les \u00e2ges et \u00e0 travers les cultures. Le safran est vraiment un cadeau m\u00e9dical de M\u00e8re Nature.","breadcrumb":{"@id":"https:\/\/www.amanprana.eu\/fr\/inspiration\/usage-medical-du-safran-a-travers-lhistoire\/#breadcrumb"},"inLanguage":"fr-FR","potentialAction":[{"@type":"ReadAction","target":["https:\/\/www.amanprana.eu\/fr\/inspiration\/usage-medical-du-safran-a-travers-lhistoire\/"]}]},{"@type":"ImageObject","inLanguage":"fr-FR","@id":"https:\/\/www.amanprana.eu\/fr\/inspiration\/usage-medical-du-safran-a-travers-lhistoire\/#primaryimage","url":"https:\/\/www.amanprana.eu\/wp-content\/uploads\/Saffraan-op-lepels.jpg","contentUrl":"https:\/\/www.amanprana.eu\/wp-content\/uploads\/Saffraan-op-lepels.jpg","width":1200,"height":675,"caption":"origine du safran d'Amanprana"},{"@type":"BreadcrumbList","@id":"https:\/\/www.amanprana.eu\/fr\/inspiration\/usage-medical-du-safran-a-travers-lhistoire\/#breadcrumb","itemListElement":[{"@type":"ListItem","position":1,"name":"Amanprana.eu","item":"https:\/\/www.amanprana.eu\/fr\/"},{"@type":"ListItem","position":2,"name":"Inspiration","item":"https:\/\/www.amanprana.eu\/fr\/inspiration\/"},{"@type":"ListItem","position":3,"name":"Utilisations m\u00e9dicales du safran \u00e0 travers l&rsquo;histoire"}]},{"@type":"WebSite","@id":"https:\/\/www.amanprana.eu\/fr\/#website","url":"https:\/\/www.amanprana.eu\/fr\/","name":"Amanprana","description":"Serene levenskracht","publisher":{"@id":"https:\/\/www.amanprana.eu\/fr\/#organization"},"potentialAction":[{"@type":"SearchAction","target":{"@type":"EntryPoint","urlTemplate":"https:\/\/www.amanprana.eu\/fr\/?s={search_term_string}"},"query-input":{"@type":"PropertyValueSpecification","valueRequired":true,"valueName":"search_term_string"}}],"inLanguage":"fr-FR"},{"@type":"Organization","@id":"https:\/\/www.amanprana.eu\/fr\/#organization","name":"Amanprana","url":"https:\/\/www.amanprana.eu\/fr\/","logo":{"@type":"ImageObject","inLanguage":"fr-FR","@id":"https:\/\/www.amanprana.eu\/fr\/#\/schema\/logo\/image\/","url":"https:\/\/www.amanprana.eu\/wp-content\/uploads\/webres-amanprana-logo.jpg","contentUrl":"https:\/\/www.amanprana.eu\/wp-content\/uploads\/webres-amanprana-logo.jpg","width":300,"height":300,"caption":"Amanprana"},"image":{"@id":"https:\/\/www.amanprana.eu\/fr\/#\/schema\/logo\/image\/"},"sameAs":["https:\/\/www.facebook.com\/Amanpranaproducts\/","https:\/\/www.instagram.com\/amanprana\/","https:\/\/nl.pinterest.com\/amanprana\/pins\/"]},{"@type":"Person","@id":"https:\/\/www.amanprana.eu\/fr\/#\/schema\/person\/25bfe000374cd97b7846ff45e20337d2","name":"Joyce","url":"https:\/\/www.amanprana.eu\/fr\/author\/joyce\/"}]}},"multi-rating":{"mr_rating_results":[]},"_links":{"self":[{"href":"https:\/\/www.amanprana.eu\/fr\/wp-json\/wp\/v2\/posts\/64569","targetHints":{"allow":["GET"]}}],"collection":[{"href":"https:\/\/www.amanprana.eu\/fr\/wp-json\/wp\/v2\/posts"}],"about":[{"href":"https:\/\/www.amanprana.eu\/fr\/wp-json\/wp\/v2\/types\/post"}],"author":[{"embeddable":true,"href":"https:\/\/www.amanprana.eu\/fr\/wp-json\/wp\/v2\/users\/9"}],"replies":[{"embeddable":true,"href":"https:\/\/www.amanprana.eu\/fr\/wp-json\/wp\/v2\/comments?post=64569"}],"version-history":[{"count":1,"href":"https:\/\/www.amanprana.eu\/fr\/wp-json\/wp\/v2\/posts\/64569\/revisions"}],"predecessor-version":[{"id":64570,"href":"https:\/\/www.amanprana.eu\/fr\/wp-json\/wp\/v2\/posts\/64569\/revisions\/64570"}],"wp:featuredmedia":[{"embeddable":true,"href":"https:\/\/www.amanprana.eu\/fr\/wp-json\/wp\/v2\/media\/48934"}],"wp:attachment":[{"href":"https:\/\/www.amanprana.eu\/fr\/wp-json\/wp\/v2\/media?parent=64569"}],"wp:term":[{"taxonomy":"category","embeddable":true,"href":"https:\/\/www.amanprana.eu\/fr\/wp-json\/wp\/v2\/categories?post=64569"},{"taxonomy":"post_tag","embeddable":true,"href":"https:\/\/www.amanprana.eu\/fr\/wp-json\/wp\/v2\/tags?post=64569"}],"curies":[{"name":"wp","href":"https:\/\/api.w.org\/{rel}","templated":true}]}}