

{"id":64582,"date":"2021-10-28T14:23:41","date_gmt":"2021-10-28T12:23:41","guid":{"rendered":"https:\/\/www.amanprana.eu\/dernieres-nouvelles\/rasage-de-torture-barbare-a-caresser-rituel-doux\/"},"modified":"2021-11-03T10:53:01","modified_gmt":"2021-11-03T09:53:01","slug":"rasage-de-torture-barbare-a-caresser-rituel-doux","status":"publish","type":"post","link":"https:\/\/www.amanprana.eu\/fr\/inspiration\/rasage-de-torture-barbare-a-caresser-rituel-doux\/","title":{"rendered":"Le rasage : de la torture barbare au rituel de la douce caresse."},"content":{"rendered":"\n<p>Article de Bliss : mai 2012<\/p>\n\n<p>Pour l&rsquo;homme ancien qui a commenc\u00e9 \u00e0 s&rsquo;\u00e9piler, ce travail \u00e9tait tout sauf indolore et agr\u00e9able. Des \u00e9clats de silex, des coquillages ou des \u00e9clats d&rsquo;obsidienne, sont quelques exemples des instruments de torture, de pardon, d&rsquo;outils de rasage, qu&rsquo;il poss\u00e9dait \u00e0 l&rsquo;\u00e9poque pr\u00e9historique.<\/p>\n\n<p>Le rasage aux huiles v\u00e9g\u00e9tales \u00e9tait la premi\u00e8re forme de rasage plus civilis\u00e9e. L&rsquo;homme qui voulait vivre sans barbe pouvait non seulement se raser, mais aussi \u00eatre ras\u00e9 par le \u00ab barbier \u00bb ou le \u00ab barbier \u00bb.<\/p>\n\n<p>Avec les savons, gels et huiles de rasage actuels, se raser devient un moment de bien-\u00eatre (masculin) de plus en plus agr\u00e9able.<\/p>\n\n<p>L&rsquo;histoire de l&rsquo;\u00e9pilation nous ram\u00e8ne \u00e0 l&rsquo;\u00e2ge de pierre, o\u00f9 les N\u00e9andertaliens se d\u00e9barrassaient des poils au moyen de l&rsquo;\u00e9pilation et o\u00f9 des \u00ab tatouages \u00bb \u00e9taient cr\u00e9\u00e9s. Le premier \u00ab rasoir jetable \u00bb, datant d&rsquo;environ 30 000 ans av. \u00e9tait un \u00ab silex \u00bb qui n&rsquo;a pas rat\u00e9 sa cible, mais est rapidement devenu \u00e9mouss\u00e9. Aussi avec celui-ci a fait des incisions dans la peau, o\u00f9 le pigment a \u00e9t\u00e9 mis, r\u00e9sultant en un tatouage.<\/p>\n\n<p>Avec les anciens \u00c9gyptiens, les Romains et les Grecs, le rituel du rasage est devenu un peu plus civilis\u00e9. Par exemple, les anciens \u00c9gyptiens utilisaient des couteaux aiguis\u00e9s en cuivre ou en bronze pour obtenir un visage ras\u00e9 de pr\u00e8s. Les riches \u00e9taient ras\u00e9s de la t\u00eate aux pieds par le personnel. La mode dictait si les visages masculins pouvaient \u00eatre barbus ou ras\u00e9s de pr\u00e8s. Mais parce que les ustensiles \u00e9taient chers, le rasage \u00e9tait principalement le domaine des courtisans et des riches.<\/p>\n\n<h2 class=\"wp-block-heading\">Libre choix ou devoir.<\/h2>\n\n<p>Le port de la barbe \u00e9tait et n&rsquo;est certainement pas une affaire purement personnelle et sans engagement dans diff\u00e9rentes cultures. Par exemple, faire pousser la barbe chez les musulmans est toujours \u00ab Waajib \u00bb (obligatoire) pour tous les hommes.<\/p>\n\n<p>Dans le pass\u00e9, se faire raser la barbe (involontairement) pouvait aussi avoir pour but d&rsquo;humilier. Par exemple, il \u00e9tait d&rsquo;usage chez les Francs et les Allemands de raser un roi ou un prince vaincu chauve et de lui arracher la barbe, ce qui \u00e9tait honteux et humiliant.<\/p>\n\n<p>D&rsquo;un autre c\u00f4t\u00e9, un visage imberbe pourrait \u00e9galement offrir une protection. Alexandre le Grand a tr\u00e8s bien compris qu&rsquo;en saisissant une barbe par \u00ab l&rsquo;ennemi \u00bb lors d&rsquo;une bataille, un homme pouvait perdre.<\/p>\n\n<p>De nos jours, on peut g\u00e9n\u00e9ralement parler d&rsquo;une tendance de la mode en Europe. Se raser une certaine forme ou se raser et entretenir des zones plus intimes contribue simplement \u00e0 notre hygi\u00e8ne, nos soins et notre confort quotidiens.<\/p>\n\n<h2 class=\"wp-block-heading\">Du barbu au barbier.<\/h2>\n\n<p>Depuis l&rsquo;\u00e9mergence de l&rsquo;organisation artisanale m\u00e9di\u00e9vale jusqu&rsquo;au XVIIIe si\u00e8cle inclus, le m\u00e9tier de \u00ab barbu \u00bb \u00e9tait li\u00e9 \u00e0 la gu\u00e9rison et \u00e0 la m\u00e9decine. Le fabricant de barbe n&rsquo;\u00e9tait pas seulement un rasoir, mais aussi l&rsquo;homme qui fabriquait les instruments.<\/p>\n\n<p>Avant le 14e si\u00e8cle, les noms de \u00ab faiseur de barbe \u00bb et de \u00ab barbier \u00bb sont courants. Le barbu et le barbier \u00e9taient tous deux au service de l&rsquo;art martial. Le barbier fabriquait les haches, le barbier fournissait une bonne armure pour prot\u00e9ger la t\u00eate et la m\u00e2choire.<\/p>\n\n<p>Apr\u00e8s s&rsquo;\u00eatre s\u00e9par\u00e9, le fabricant d&rsquo;armures a suivi son propre chemin. Cette scission a \u00e9t\u00e9 progressive, mais est devenue un fait au 14\u00e8me si\u00e8cle.<\/p>\n\n<p>La deuxi\u00e8me \u00e9tape du barbu montre un caract\u00e8re de service plus prononc\u00e9, envers les soins physiques des personnes : coupe de cheveux, rasage de barbe, arrachage de molaires et saign\u00e9es.<\/p>\n\n<p>Apr\u00e8s 1433, la fabrication des lancettes reste encore une des t\u00e2ches du barbu. Les chirurgiens et les chirurgiens barbiers formaient deux groupes distincts. Le chirurgien appartenait aux scientifiques, le chirurgien barbier \u00e9tait un artisan qualifi\u00e9 : veine plus tard, extracteur de molaire et coiffeur.<\/p>\n\n<p>Le bassin de rasage \u00e9tait d\u00e9j\u00e0 connu sous le nom d&rsquo;enseigne de barbier \u00e0 l&rsquo;\u00e9poque de l&rsquo;organisation de l&rsquo;artisanat. Le barbier a re\u00e7u une formation pratique et th\u00e9orique en chirurgie.<\/p>\n\n<p>Chaque candidat barbier devait passer deux examens : un pour barbier et un pour chirurgien. En l&rsquo;an 1660 il y a une forte division entre les barbiers et les barbiers chirurgiens. Le barbier avait le choix : soit se couper les cheveux et se raser, soit emprunter la voie d&rsquo;un chirurgien barbier, dans lequel la pratique de la chirurgie jouait un r\u00f4le important.<\/p>\n\n<h2 class=\"wp-block-heading\">Le premier rasoir.<\/h2>\n\n<p>Le premier rasoir en acier a \u00e9t\u00e9 invent\u00e9 \u00e0 Sheffield en 1680. Il \u00e9tait allong\u00e9 et devait souvent \u00eatre aff\u00fbt\u00e9 avec une ceinture de rasoir, sinon il deviendrait \u00e9mouss\u00e9.<\/p>\n\n<p>Les progr\u00e8s des techniques de fabrication de la r\u00e9volution industrielle ont rapproch\u00e9 le rasage simple du grand public. Ce moment est arriv\u00e9 en 1880, lorsque le premier rasoir jetable est arriv\u00e9 sur le march\u00e9. D&rsquo;un seul coup, le rasoir est pass\u00e9 d&rsquo;une simple lame ouverte \u00e0 un produit de s\u00e9rie, accessible \u00e0 tous.<\/p>\n\n<h2 class=\"wp-block-heading\">Le rasage devient de plus en plus amusant.<\/h2>\n\n<p>Le rasage aux huiles v\u00e9g\u00e9tales a \u00e9t\u00e9 la premi\u00e8re forme connue de rasage. Aujourd&rsquo;hui, les savons et gels de rasage traditionnels sont toujours les plus utilis\u00e9s, mais les huiles de rasage font \u00e9galement leur retour. Le gros avantage d&rsquo;une huile de rasage est sa capacit\u00e9 de glisse sur la peau, de sorte que la peau est mieux prot\u00e9g\u00e9e contre les irritations et les blessures.<\/p>\n\n<h2 class=\"wp-block-heading\">Amanprana Razolic<\/h2>\n\n<p>Amanprana a d\u00e9velopp\u00e9 un m\u00e9lange d&rsquo;huiles aromatis\u00e9es qui a une fonction 3 en 1 : rasage de pr\u00e8s &#8211; nourrir et apr\u00e8s-rasage. En plus du visage, cette huile de rasage peut \u00e9galement \u00eatre utilis\u00e9e pour le reste du corps, y compris les parties intimes.<\/p>\n\n<p>Tous les ingr\u00e9dients de cette huile sont comestibles et biologiques !<\/p>\n\n<p>Amanprana Razoli contient entre autres :<\/p>\n\n<ul class=\"wp-block-list\"><li>Huile d&rsquo;olive vierge extra<br\/>avec des propri\u00e9t\u00e9s d&rsquo;absorption d&rsquo;humidit\u00e9<\/li><li>Huile de coco extra vierge<br\/>nourrissant, apaisant et protecteur<\/li><li>Huile de palme rouge durable<br\/>apaisant et protecteur<\/li><li>v\u00e9tiver<br\/>constructif<\/li><li>Bergamote<br\/>calmant et cicatrisant<\/li><li>Orange<br\/>apaisant pour les peaux grasses et rugueuses<\/li><li>camomille romaine<br\/>purifier la peau<\/li><li>bois de c\u00e8dre<br\/>calmant<\/li><li>Bois de santal<br\/>soin de la peau<\/li><li>cardamome<br\/>restaure la peau l\u00e9g\u00e8rement irrit\u00e9e<\/li><\/ul>\n","protected":false},"excerpt":{"rendered":"<p>Article de Bliss : mai 2012 Pour l&rsquo;homme ancien qui a commenc\u00e9 \u00e0 s&rsquo;\u00e9piler, ce travail \u00e9tait tout sauf indolore et agr\u00e9able. Des \u00e9clats de silex, des coquillages ou des &#8230;<\/p>\n","protected":false},"author":34,"featured_media":55668,"comment_status":"closed","ping_status":"closed","sticky":false,"template":"","format":"standard","meta":{"_acf_changed":false,"rating_form_position":"","rating_results_position":"","mr_structured_data_type":"","footnotes":""},"categories":[870,876],"tags":[2649,2461,2174,2175],"class_list":["post-64582","post","type-post","status-publish","format-standard","has-post-thumbnail","hentry","category-inspiration","category-soins-du-corps","tag-huile-a-barbe","tag-razoli-fr","tag-huile-de-rasage","tag-se-raser"],"acf":[],"yoast_head":"<!-- This site is optimized with the Yoast SEO plugin v24.7 - https:\/\/yoast.com\/wordpress\/plugins\/seo\/ -->\n<title>Le rasage : de la torture barbare au rituel de la douce caresse. - Amanprana<\/title>\n<meta name=\"description\" content=\"Le rasage \u00e0 travers les \u00e2ges. De l&#039;homme pr\u00e9historique \u00e0 nos jours. D\u00e9couvrez les tendances et les le\u00e7ons que nous pouvons en tirer\" \/>\n<meta name=\"robots\" content=\"index, follow, max-snippet:-1, max-image-preview:large, max-video-preview:-1\" \/>\n<link rel=\"canonical\" href=\"https:\/\/www.amanprana.eu\/fr\/inspiration\/rasage-de-torture-barbare-a-caresser-rituel-doux\/\" \/>\n<meta property=\"og:locale\" content=\"fr_FR\" \/>\n<meta property=\"og:type\" content=\"article\" \/>\n<meta property=\"og:title\" content=\"Le rasage : de la torture barbare au rituel de la douce caresse. - Amanprana\" \/>\n<meta property=\"og:description\" content=\"Le rasage \u00e0 travers les \u00e2ges. De l&#039;homme pr\u00e9historique \u00e0 nos jours. D\u00e9couvrez les tendances et les le\u00e7ons que nous pouvons en tirer\" \/>\n<meta property=\"og:url\" content=\"https:\/\/www.amanprana.eu\/fr\/inspiration\/rasage-de-torture-barbare-a-caresser-rituel-doux\/\" \/>\n<meta property=\"og:site_name\" content=\"Amanprana\" \/>\n<meta property=\"article:publisher\" content=\"https:\/\/www.facebook.com\/Amanpranaproducts\/\" \/>\n<meta property=\"article:published_time\" content=\"2021-10-28T12:23:41+00:00\" \/>\n<meta property=\"article:modified_time\" content=\"2021-11-03T09:53:01+00:00\" \/>\n<meta property=\"og:image\" content=\"https:\/\/www.amanprana.eu\/wp-content\/uploads\/scheren.jpg\" \/>\n\t<meta property=\"og:image:width\" content=\"1920\" \/>\n\t<meta property=\"og:image:height\" content=\"1080\" \/>\n\t<meta property=\"og:image:type\" content=\"image\/jpeg\" \/>\n<meta name=\"author\" content=\"Redacteur\" \/>\n<meta name=\"twitter:card\" content=\"summary_large_image\" \/>\n<meta name=\"twitter:label1\" content=\"\u00c9crit par\" \/>\n\t<meta name=\"twitter:data1\" content=\"Redacteur\" \/>\n\t<meta name=\"twitter:label2\" content=\"Dur\u00e9e de lecture estim\u00e9e\" \/>\n\t<meta name=\"twitter:data2\" content=\"5 minutes\" \/>\n<script type=\"application\/ld+json\" class=\"yoast-schema-graph\">{\"@context\":\"https:\/\/schema.org\",\"@graph\":[{\"@type\":\"Article\",\"@id\":\"https:\/\/www.amanprana.eu\/fr\/inspiration\/rasage-de-torture-barbare-a-caresser-rituel-doux\/#article\",\"isPartOf\":{\"@id\":\"https:\/\/www.amanprana.eu\/fr\/inspiration\/rasage-de-torture-barbare-a-caresser-rituel-doux\/\"},\"author\":{\"name\":\"Redacteur\",\"@id\":\"https:\/\/www.amanprana.eu\/fr\/#\/schema\/person\/5238b833f5a1fdbc388316cb318c31d7\"},\"headline\":\"Le rasage : de la torture barbare au rituel de la douce caresse.\",\"datePublished\":\"2021-10-28T12:23:41+00:00\",\"dateModified\":\"2021-11-03T09:53:01+00:00\",\"mainEntityOfPage\":{\"@id\":\"https:\/\/www.amanprana.eu\/fr\/inspiration\/rasage-de-torture-barbare-a-caresser-rituel-doux\/\"},\"wordCount\":1035,\"publisher\":{\"@id\":\"https:\/\/www.amanprana.eu\/fr\/#organization\"},\"image\":{\"@id\":\"https:\/\/www.amanprana.eu\/fr\/inspiration\/rasage-de-torture-barbare-a-caresser-rituel-doux\/#primaryimage\"},\"thumbnailUrl\":\"https:\/\/www.amanprana.eu\/wp-content\/uploads\/scheren.jpg\",\"keywords\":[\"huile \u00e0 barbe\",\"Razoli\",\"huile de rasage\",\"se raser\"],\"articleSection\":[\"Inspiration\",\"Soins du corps\"],\"inLanguage\":\"fr-FR\"},{\"@type\":\"WebPage\",\"@id\":\"https:\/\/www.amanprana.eu\/fr\/inspiration\/rasage-de-torture-barbare-a-caresser-rituel-doux\/\",\"url\":\"https:\/\/www.amanprana.eu\/fr\/inspiration\/rasage-de-torture-barbare-a-caresser-rituel-doux\/\",\"name\":\"Le rasage : de la torture barbare au rituel de la douce caresse. - Amanprana\",\"isPartOf\":{\"@id\":\"https:\/\/www.amanprana.eu\/fr\/#website\"},\"primaryImageOfPage\":{\"@id\":\"https:\/\/www.amanprana.eu\/fr\/inspiration\/rasage-de-torture-barbare-a-caresser-rituel-doux\/#primaryimage\"},\"image\":{\"@id\":\"https:\/\/www.amanprana.eu\/fr\/inspiration\/rasage-de-torture-barbare-a-caresser-rituel-doux\/#primaryimage\"},\"thumbnailUrl\":\"https:\/\/www.amanprana.eu\/wp-content\/uploads\/scheren.jpg\",\"datePublished\":\"2021-10-28T12:23:41+00:00\",\"dateModified\":\"2021-11-03T09:53:01+00:00\",\"description\":\"Le rasage \u00e0 travers les \u00e2ges. De l'homme pr\u00e9historique \u00e0 nos jours. D\u00e9couvrez les tendances et les le\u00e7ons que nous pouvons en tirer\",\"breadcrumb\":{\"@id\":\"https:\/\/www.amanprana.eu\/fr\/inspiration\/rasage-de-torture-barbare-a-caresser-rituel-doux\/#breadcrumb\"},\"inLanguage\":\"fr-FR\",\"potentialAction\":[{\"@type\":\"ReadAction\",\"target\":[\"https:\/\/www.amanprana.eu\/fr\/inspiration\/rasage-de-torture-barbare-a-caresser-rituel-doux\/\"]}]},{\"@type\":\"ImageObject\",\"inLanguage\":\"fr-FR\",\"@id\":\"https:\/\/www.amanprana.eu\/fr\/inspiration\/rasage-de-torture-barbare-a-caresser-rituel-doux\/#primaryimage\",\"url\":\"https:\/\/www.amanprana.eu\/wp-content\/uploads\/scheren.jpg\",\"contentUrl\":\"https:\/\/www.amanprana.eu\/wp-content\/uploads\/scheren.jpg\",\"width\":1920,\"height\":1080,\"caption\":\"huile de rasage d'Amanprana pour une barbe soign\u00e9e\"},{\"@type\":\"BreadcrumbList\",\"@id\":\"https:\/\/www.amanprana.eu\/fr\/inspiration\/rasage-de-torture-barbare-a-caresser-rituel-doux\/#breadcrumb\",\"itemListElement\":[{\"@type\":\"ListItem\",\"position\":1,\"name\":\"Amanprana.eu\",\"item\":\"https:\/\/www.amanprana.eu\/fr\/\"},{\"@type\":\"ListItem\",\"position\":2,\"name\":\"Inspiration\",\"item\":\"https:\/\/www.amanprana.eu\/fr\/inspiration\/\"},{\"@type\":\"ListItem\",\"position\":3,\"name\":\"Le rasage : de la torture barbare au rituel de la douce caresse.\"}]},{\"@type\":\"WebSite\",\"@id\":\"https:\/\/www.amanprana.eu\/fr\/#website\",\"url\":\"https:\/\/www.amanprana.eu\/fr\/\",\"name\":\"Amanprana\",\"description\":\"Serene levenskracht\",\"publisher\":{\"@id\":\"https:\/\/www.amanprana.eu\/fr\/#organization\"},\"potentialAction\":[{\"@type\":\"SearchAction\",\"target\":{\"@type\":\"EntryPoint\",\"urlTemplate\":\"https:\/\/www.amanprana.eu\/fr\/?s={search_term_string}\"},\"query-input\":{\"@type\":\"PropertyValueSpecification\",\"valueRequired\":true,\"valueName\":\"search_term_string\"}}],\"inLanguage\":\"fr-FR\"},{\"@type\":\"Organization\",\"@id\":\"https:\/\/www.amanprana.eu\/fr\/#organization\",\"name\":\"Amanprana\",\"url\":\"https:\/\/www.amanprana.eu\/fr\/\",\"logo\":{\"@type\":\"ImageObject\",\"inLanguage\":\"fr-FR\",\"@id\":\"https:\/\/www.amanprana.eu\/fr\/#\/schema\/logo\/image\/\",\"url\":\"https:\/\/www.amanprana.eu\/wp-content\/uploads\/webres-amanprana-logo.jpg\",\"contentUrl\":\"https:\/\/www.amanprana.eu\/wp-content\/uploads\/webres-amanprana-logo.jpg\",\"width\":300,\"height\":300,\"caption\":\"Amanprana\"},\"image\":{\"@id\":\"https:\/\/www.amanprana.eu\/fr\/#\/schema\/logo\/image\/\"},\"sameAs\":[\"https:\/\/www.facebook.com\/Amanpranaproducts\/\",\"https:\/\/www.instagram.com\/amanprana\/\",\"https:\/\/nl.pinterest.com\/amanprana\/pins\/\"]},{\"@type\":\"Person\",\"@id\":\"https:\/\/www.amanprana.eu\/fr\/#\/schema\/person\/5238b833f5a1fdbc388316cb318c31d7\",\"name\":\"Redacteur\",\"url\":\"https:\/\/www.amanprana.eu\/fr\/author\/redacteur\/\"}]}<\/script>\n<!-- \/ Yoast SEO plugin. -->","yoast_head_json":{"title":"Le rasage : de la torture barbare au rituel de la douce caresse. - Amanprana","description":"Le rasage \u00e0 travers les \u00e2ges. De l'homme pr\u00e9historique \u00e0 nos jours. D\u00e9couvrez les tendances et les le\u00e7ons que nous pouvons en tirer","robots":{"index":"index","follow":"follow","max-snippet":"max-snippet:-1","max-image-preview":"max-image-preview:large","max-video-preview":"max-video-preview:-1"},"canonical":"https:\/\/www.amanprana.eu\/fr\/inspiration\/rasage-de-torture-barbare-a-caresser-rituel-doux\/","og_locale":"fr_FR","og_type":"article","og_title":"Le rasage : de la torture barbare au rituel de la douce caresse. - Amanprana","og_description":"Le rasage \u00e0 travers les \u00e2ges. De l'homme pr\u00e9historique \u00e0 nos jours. D\u00e9couvrez les tendances et les le\u00e7ons que nous pouvons en tirer","og_url":"https:\/\/www.amanprana.eu\/fr\/inspiration\/rasage-de-torture-barbare-a-caresser-rituel-doux\/","og_site_name":"Amanprana","article_publisher":"https:\/\/www.facebook.com\/Amanpranaproducts\/","article_published_time":"2021-10-28T12:23:41+00:00","article_modified_time":"2021-11-03T09:53:01+00:00","og_image":[{"width":1920,"height":1080,"url":"https:\/\/www.amanprana.eu\/wp-content\/uploads\/scheren.jpg","type":"image\/jpeg"}],"author":"Redacteur","twitter_card":"summary_large_image","twitter_misc":{"\u00c9crit par":"Redacteur","Dur\u00e9e de lecture estim\u00e9e":"5 minutes"},"schema":{"@context":"https:\/\/schema.org","@graph":[{"@type":"Article","@id":"https:\/\/www.amanprana.eu\/fr\/inspiration\/rasage-de-torture-barbare-a-caresser-rituel-doux\/#article","isPartOf":{"@id":"https:\/\/www.amanprana.eu\/fr\/inspiration\/rasage-de-torture-barbare-a-caresser-rituel-doux\/"},"author":{"name":"Redacteur","@id":"https:\/\/www.amanprana.eu\/fr\/#\/schema\/person\/5238b833f5a1fdbc388316cb318c31d7"},"headline":"Le rasage : de la torture barbare au rituel de la douce caresse.","datePublished":"2021-10-28T12:23:41+00:00","dateModified":"2021-11-03T09:53:01+00:00","mainEntityOfPage":{"@id":"https:\/\/www.amanprana.eu\/fr\/inspiration\/rasage-de-torture-barbare-a-caresser-rituel-doux\/"},"wordCount":1035,"publisher":{"@id":"https:\/\/www.amanprana.eu\/fr\/#organization"},"image":{"@id":"https:\/\/www.amanprana.eu\/fr\/inspiration\/rasage-de-torture-barbare-a-caresser-rituel-doux\/#primaryimage"},"thumbnailUrl":"https:\/\/www.amanprana.eu\/wp-content\/uploads\/scheren.jpg","keywords":["huile \u00e0 barbe","Razoli","huile de rasage","se raser"],"articleSection":["Inspiration","Soins du corps"],"inLanguage":"fr-FR"},{"@type":"WebPage","@id":"https:\/\/www.amanprana.eu\/fr\/inspiration\/rasage-de-torture-barbare-a-caresser-rituel-doux\/","url":"https:\/\/www.amanprana.eu\/fr\/inspiration\/rasage-de-torture-barbare-a-caresser-rituel-doux\/","name":"Le rasage : de la torture barbare au rituel de la douce caresse. - Amanprana","isPartOf":{"@id":"https:\/\/www.amanprana.eu\/fr\/#website"},"primaryImageOfPage":{"@id":"https:\/\/www.amanprana.eu\/fr\/inspiration\/rasage-de-torture-barbare-a-caresser-rituel-doux\/#primaryimage"},"image":{"@id":"https:\/\/www.amanprana.eu\/fr\/inspiration\/rasage-de-torture-barbare-a-caresser-rituel-doux\/#primaryimage"},"thumbnailUrl":"https:\/\/www.amanprana.eu\/wp-content\/uploads\/scheren.jpg","datePublished":"2021-10-28T12:23:41+00:00","dateModified":"2021-11-03T09:53:01+00:00","description":"Le rasage \u00e0 travers les \u00e2ges. De l'homme pr\u00e9historique \u00e0 nos jours. D\u00e9couvrez les tendances et les le\u00e7ons que nous pouvons en tirer","breadcrumb":{"@id":"https:\/\/www.amanprana.eu\/fr\/inspiration\/rasage-de-torture-barbare-a-caresser-rituel-doux\/#breadcrumb"},"inLanguage":"fr-FR","potentialAction":[{"@type":"ReadAction","target":["https:\/\/www.amanprana.eu\/fr\/inspiration\/rasage-de-torture-barbare-a-caresser-rituel-doux\/"]}]},{"@type":"ImageObject","inLanguage":"fr-FR","@id":"https:\/\/www.amanprana.eu\/fr\/inspiration\/rasage-de-torture-barbare-a-caresser-rituel-doux\/#primaryimage","url":"https:\/\/www.amanprana.eu\/wp-content\/uploads\/scheren.jpg","contentUrl":"https:\/\/www.amanprana.eu\/wp-content\/uploads\/scheren.jpg","width":1920,"height":1080,"caption":"huile de rasage d'Amanprana pour une barbe soign\u00e9e"},{"@type":"BreadcrumbList","@id":"https:\/\/www.amanprana.eu\/fr\/inspiration\/rasage-de-torture-barbare-a-caresser-rituel-doux\/#breadcrumb","itemListElement":[{"@type":"ListItem","position":1,"name":"Amanprana.eu","item":"https:\/\/www.amanprana.eu\/fr\/"},{"@type":"ListItem","position":2,"name":"Inspiration","item":"https:\/\/www.amanprana.eu\/fr\/inspiration\/"},{"@type":"ListItem","position":3,"name":"Le rasage : de la torture barbare au rituel de la douce caresse."}]},{"@type":"WebSite","@id":"https:\/\/www.amanprana.eu\/fr\/#website","url":"https:\/\/www.amanprana.eu\/fr\/","name":"Amanprana","description":"Serene levenskracht","publisher":{"@id":"https:\/\/www.amanprana.eu\/fr\/#organization"},"potentialAction":[{"@type":"SearchAction","target":{"@type":"EntryPoint","urlTemplate":"https:\/\/www.amanprana.eu\/fr\/?s={search_term_string}"},"query-input":{"@type":"PropertyValueSpecification","valueRequired":true,"valueName":"search_term_string"}}],"inLanguage":"fr-FR"},{"@type":"Organization","@id":"https:\/\/www.amanprana.eu\/fr\/#organization","name":"Amanprana","url":"https:\/\/www.amanprana.eu\/fr\/","logo":{"@type":"ImageObject","inLanguage":"fr-FR","@id":"https:\/\/www.amanprana.eu\/fr\/#\/schema\/logo\/image\/","url":"https:\/\/www.amanprana.eu\/wp-content\/uploads\/webres-amanprana-logo.jpg","contentUrl":"https:\/\/www.amanprana.eu\/wp-content\/uploads\/webres-amanprana-logo.jpg","width":300,"height":300,"caption":"Amanprana"},"image":{"@id":"https:\/\/www.amanprana.eu\/fr\/#\/schema\/logo\/image\/"},"sameAs":["https:\/\/www.facebook.com\/Amanpranaproducts\/","https:\/\/www.instagram.com\/amanprana\/","https:\/\/nl.pinterest.com\/amanprana\/pins\/"]},{"@type":"Person","@id":"https:\/\/www.amanprana.eu\/fr\/#\/schema\/person\/5238b833f5a1fdbc388316cb318c31d7","name":"Redacteur","url":"https:\/\/www.amanprana.eu\/fr\/author\/redacteur\/"}]}},"multi-rating":{"mr_rating_results":[]},"_links":{"self":[{"href":"https:\/\/www.amanprana.eu\/fr\/wp-json\/wp\/v2\/posts\/64582","targetHints":{"allow":["GET"]}}],"collection":[{"href":"https:\/\/www.amanprana.eu\/fr\/wp-json\/wp\/v2\/posts"}],"about":[{"href":"https:\/\/www.amanprana.eu\/fr\/wp-json\/wp\/v2\/types\/post"}],"author":[{"embeddable":true,"href":"https:\/\/www.amanprana.eu\/fr\/wp-json\/wp\/v2\/users\/34"}],"replies":[{"embeddable":true,"href":"https:\/\/www.amanprana.eu\/fr\/wp-json\/wp\/v2\/comments?post=64582"}],"version-history":[{"count":3,"href":"https:\/\/www.amanprana.eu\/fr\/wp-json\/wp\/v2\/posts\/64582\/revisions"}],"predecessor-version":[{"id":64588,"href":"https:\/\/www.amanprana.eu\/fr\/wp-json\/wp\/v2\/posts\/64582\/revisions\/64588"}],"wp:featuredmedia":[{"embeddable":true,"href":"https:\/\/www.amanprana.eu\/fr\/wp-json\/wp\/v2\/media\/55668"}],"wp:attachment":[{"href":"https:\/\/www.amanprana.eu\/fr\/wp-json\/wp\/v2\/media?parent=64582"}],"wp:term":[{"taxonomy":"category","embeddable":true,"href":"https:\/\/www.amanprana.eu\/fr\/wp-json\/wp\/v2\/categories?post=64582"},{"taxonomy":"post_tag","embeddable":true,"href":"https:\/\/www.amanprana.eu\/fr\/wp-json\/wp\/v2\/tags?post=64582"}],"curies":[{"name":"wp","href":"https:\/\/api.w.org\/{rel}","templated":true}]}}