

{"id":75289,"date":"2022-05-11T16:28:33","date_gmt":"2022-05-11T14:28:33","guid":{"rendered":"https:\/\/www.amanprana.eu\/dernieres-nouvelles\/rasage-dans-histoire\/"},"modified":"2022-05-11T16:28:33","modified_gmt":"2022-05-11T14:28:33","slug":"rasage-dans-histoire","status":"publish","type":"post","link":"https:\/\/www.amanprana.eu\/fr\/inspiration\/soins-du-corps\/rasage-dans-histoire\/","title":{"rendered":"Le rasage au fil de l&rsquo;histoire"},"content":{"rendered":"<p>L&rsquo;histoire du rasage nous ram\u00e8ne \u00e0 l&rsquo;\u00e2ge de pierre. Les N\u00e9andertaliens \u00e9liminaient les poils au moyen d&rsquo;un type d&rsquo;\u00e9pilation en forme de tatouage. Environ 30 000 ans avant J.-C., le premier rasoir jetable a \u00e9t\u00e9 invent\u00e9. Ce \u00ab\u00a0silex\u00a0\u00bb \u00e9tait un objet tranchant qui fonctionnait de mani\u00e8re cibl\u00e9e, mais qui s&rsquo;\u00e9moussait tr\u00e8s rapidement. Il servait \u00e0 entailler la peau. Les entailles \u00e9taient ensuite trait\u00e9es avec des pigments. C&rsquo;est ainsi qu&rsquo;est n\u00e9 le tatouage.<\/p>\n<p>Les premi\u00e8res repr\u00e9sentations d&rsquo;hommes sans barbe datent de l&rsquo;\u00e9poque des premi\u00e8res dynasties \u00e9gyptiennes. Chez les \u00c9gyptiens, l&rsquo;\u00e9limination des poils sur tout le corps faisait partie d&rsquo;une hygi\u00e8ne obsessionnelle et \u00e9tait un symbole de beaut\u00e9, de jeunesse, de puret\u00e9 et de statut sup\u00e9rieur.<\/p>\n<p>Chez les hommes, comme chez les femmes et les enfants, le cuir chevelu \u00e9tait ras\u00e9 de pr\u00e8s. Les \u00c9gyptiens portaient une sorte de perruque pour se prot\u00e9ger du soleil ou par effet de mode. Le savon \u00e9tait \u00e0 peine disponible pour se prot\u00e9ger des poux de t\u00eate, des infections ou des maladies pendant la chaleur. Il \u00e9tait donc beaucoup plus simple et hygi\u00e9nique d&rsquo;enlever autant de poils que possible. Les jambes et les parties intimes du corps \u00e9taient \u00e9galement ras\u00e9es \u00e0 blanc pour la m\u00eame raison.<\/p>\n<p>Les rasoirs utilis\u00e9s \u00e0 l&rsquo;\u00e9poque \u00e9taient fabriqu\u00e9s en or. Apr\u00e8s le rasage, on appliquait des huiles agr\u00e9ablement parfum\u00e9es pour embaumer, parfumer, soigner et prot\u00e9ger la peau.<\/p>\n<p>Au cours de l&rsquo;histoire, la barbe a eu une signification socioculturelle, bien ou pas porter une barbe et la forme de la barbe avait certaines significations. La barbe a toujours \u00e9t\u00e9 appr\u00e9ci\u00e9e diff\u00e9remment selon les cultures et les \u00e9poques. En raison de sa signification, le fait de porter ou non une barbe et la mani\u00e8re de la porter n&rsquo;\u00e9taient (et ne sont toujours) pas une question de libre choix. Dans certaines religions, le rasage de la barbe d&rsquo;un ennemi vaincu pouvait \u00eatre tr\u00e8s humiliant.<\/p>\n<p>Chez les Romains, cependant, le rasage \u00e9tait consid\u00e9r\u00e9 comme un symbole de jeunesse. Chez les Francs et les Germains, il \u00e9tait de coutume de raser un roi ou un prince vaincu et de lui enlever la barbe. Le rasage \u00e9tait synonyme de honte et d&rsquo;humiliation.<\/p>\n<p>\u00c0 l&rsquo;\u00e9poque mac\u00e9donienne, la barbe \u00e9tait un symbole de sagesse. Seuls les philosophes et les hommes \u00e2g\u00e9s avaient le droit de porter la barbe. Dans l&rsquo;Europe de la fin du Moyen \u00c2ge, on ne portait presque plus la barbe, seuls les juristes et les vieillards la portaient encore.<br \/>\nAlexandre le Grand faisait raser la barbe de ses \u00e9quipages afin que l&rsquo;adversaire ne puisse pas la saisir pendant la dispute.<\/p>\n<p>De nos jours, en Europe, la barbe est en g\u00e9n\u00e9ral plut\u00f4t une tendance de mode. Se raser d&rsquo;une certaine mani\u00e8re ou se raser et prendre soin des parties intimes de notre corps fait partie de notre hygi\u00e8ne, de nos soins et de notre confort quotidiens.<\/p>\n<h2>La mani\u00e8re traditionnelle de se raser avec une huile de rasage et un rasoir.<\/h2>\n<p>Le rasage avec des huiles v\u00e9g\u00e9tales a \u00e9t\u00e9 la premi\u00e8re forme de rasage et la plus connue historiquement. De nos jours, les huiles de rasage ne sont pas aussi souvent utilis\u00e9es que le savon et le gel \u00e0 raser traditionnels, mais leur popularit\u00e9 augmente rapidement. Cela s&rsquo;explique principalement par leurs propri\u00e9t\u00e9s : gr\u00e2ce aux huiles, le rasoir glisse mieux sur la peau. Les huiles soignent et prot\u00e8gent \u00e9galement mieux la peau. Se raser avec un rasoir est la forme de rasage la plus pure, celle qui provoque le moins d&rsquo;irritations.<\/p>\n<p>L&rsquo;huile de rasage est \u00e9galement plus facile \u00e0 utiliser. On veut toujours un r\u00e9sultat de rasage plus rapide et meilleur avec des rasoirs \u00e9lectriques (Braun, Philips, Epilady) ou des rasoirs avanc\u00e9s. Nous nous sommes beaucoup \u00e9loign\u00e9s de la base du rasage optimal et nous oublions que la meilleure solution peut peut-\u00eatre \u00eatre trouv\u00e9e dans la simplicit\u00e9 pure. L&rsquo;huile de rasage pure d&rsquo;Amanprana fonctionne parfaitement avec cette simplicit\u00e9 et cette nature pure, sans ajout de produits chimiques.<\/p>\n<h2>Se raser avec un rasoir<\/h2>\n<p>L&rsquo;huile de rasage Amanprana combin\u00e9e \u00e0 un rasoir permet un rasage plus doux, plus lisse et plus facile. L&rsquo;huile de rasage cr\u00e9e une barri\u00e8re lisse entre la peau et le rasoir. L&rsquo;huile de rasage rend la peau douce et lisse. Le rasoir peut glisser facilement sur la peau, ce qui r\u00e9duit les coupures et les \u00e9raflures. Le sens de la pousse du poil est clairement visible gr\u00e2ce \u00e0 l&rsquo;huile, ce qui rend le rasage ou le modelage plus efficace. L&rsquo;huile de rasage nourrissante d&rsquo;Amanprana est bien absorb\u00e9e apr\u00e8s le rasage et continue d&rsquo;agir comme un soin nourrissant pour la peau.<\/p>\n","protected":false},"excerpt":{"rendered":"<p>L&rsquo;histoire du rasage nous ram\u00e8ne \u00e0 l&rsquo;\u00e2ge de pierre. Les N\u00e9andertaliens \u00e9liminaient les poils au moyen d&rsquo;un type d&rsquo;\u00e9pilation en forme de tatouage. Environ 30 000 ans avant J.-C., le &#8230;<\/p>\n","protected":false},"author":9,"featured_media":75290,"comment_status":"closed","ping_status":"closed","sticky":false,"template":"","format":"standard","meta":{"_acf_changed":false,"rating_form_position":"","rating_results_position":"","mr_structured_data_type":"","footnotes":""},"categories":[870,876],"tags":[4078,2959,2649,2174],"class_list":["post-75289","post","type-post","status-publish","format-standard","has-post-thumbnail","hentry","category-inspiration","category-soins-du-corps","tag-apres-rasage","tag-razoli-fr-2","tag-huile-a-barbe","tag-huile-de-rasage"],"acf":[],"yoast_head":"<!-- This site is optimized with the Yoast SEO plugin v24.7 - https:\/\/yoast.com\/wordpress\/plugins\/seo\/ -->\n<title>Le rasage au fil de l&#039;histoire - Amanprana<\/title>\n<meta name=\"description\" content=\"L&#039;histoire du rasage nous ram\u00e8ne \u00e0 l&#039;\u00e2ge de pierre. Pour la foi, l&#039;hygi\u00e8ne et la mode pour les hommes, les femmes et les enfants.\" \/>\n<meta name=\"robots\" content=\"index, follow, max-snippet:-1, max-image-preview:large, max-video-preview:-1\" \/>\n<link rel=\"canonical\" href=\"https:\/\/www.amanprana.eu\/fr\/inspiration\/soins-du-corps\/rasage-dans-histoire\/\" \/>\n<meta property=\"og:locale\" content=\"fr_FR\" \/>\n<meta property=\"og:type\" content=\"article\" \/>\n<meta property=\"og:title\" content=\"Le rasage au fil de l&#039;histoire - Amanprana\" \/>\n<meta property=\"og:description\" content=\"L&#039;histoire du rasage nous ram\u00e8ne \u00e0 l&#039;\u00e2ge de pierre. Pour la foi, l&#039;hygi\u00e8ne et la mode pour les hommes, les femmes et les enfants.\" \/>\n<meta property=\"og:url\" content=\"https:\/\/www.amanprana.eu\/fr\/inspiration\/soins-du-corps\/rasage-dans-histoire\/\" \/>\n<meta property=\"og:site_name\" content=\"Amanprana\" \/>\n<meta property=\"article:publisher\" content=\"https:\/\/www.facebook.com\/Amanpranaproducts\/\" \/>\n<meta property=\"article:published_time\" content=\"2022-05-11T14:28:33+00:00\" \/>\n<meta property=\"og:image\" content=\"https:\/\/www.amanprana.eu\/wp-content\/uploads\/barber-2507764_1280.jpg\" \/>\n\t<meta property=\"og:image:width\" content=\"1200\" \/>\n\t<meta property=\"og:image:height\" content=\"675\" \/>\n\t<meta property=\"og:image:type\" content=\"image\/jpeg\" \/>\n<meta name=\"author\" content=\"Joyce\" \/>\n<meta name=\"twitter:card\" content=\"summary_large_image\" \/>\n<meta name=\"twitter:label1\" content=\"\u00c9crit par\" \/>\n\t<meta name=\"twitter:data1\" content=\"Joyce\" \/>\n\t<meta name=\"twitter:label2\" content=\"Dur\u00e9e de lecture estim\u00e9e\" \/>\n\t<meta name=\"twitter:data2\" content=\"4 minutes\" \/>\n<script type=\"application\/ld+json\" class=\"yoast-schema-graph\">{\"@context\":\"https:\/\/schema.org\",\"@graph\":[{\"@type\":\"Article\",\"@id\":\"https:\/\/www.amanprana.eu\/fr\/inspiration\/soins-du-corps\/rasage-dans-histoire\/#article\",\"isPartOf\":{\"@id\":\"https:\/\/www.amanprana.eu\/fr\/inspiration\/soins-du-corps\/rasage-dans-histoire\/\"},\"author\":{\"name\":\"Joyce\",\"@id\":\"https:\/\/www.amanprana.eu\/fr\/#\/schema\/person\/25bfe000374cd97b7846ff45e20337d2\"},\"headline\":\"Le rasage au fil de l&rsquo;histoire\",\"datePublished\":\"2022-05-11T14:28:33+00:00\",\"mainEntityOfPage\":{\"@id\":\"https:\/\/www.amanprana.eu\/fr\/inspiration\/soins-du-corps\/rasage-dans-histoire\/\"},\"wordCount\":814,\"publisher\":{\"@id\":\"https:\/\/www.amanprana.eu\/fr\/#organization\"},\"image\":{\"@id\":\"https:\/\/www.amanprana.eu\/fr\/inspiration\/soins-du-corps\/rasage-dans-histoire\/#primaryimage\"},\"thumbnailUrl\":\"https:\/\/www.amanprana.eu\/wp-content\/uploads\/barber-2507764_1280.jpg\",\"keywords\":[\"apr\u00e8s-rasage\",\"razoli\",\"huile \u00e0 barbe\",\"huile de rasage\"],\"articleSection\":[\"Inspiration\",\"Soins du corps\"],\"inLanguage\":\"fr-FR\"},{\"@type\":\"WebPage\",\"@id\":\"https:\/\/www.amanprana.eu\/fr\/inspiration\/soins-du-corps\/rasage-dans-histoire\/\",\"url\":\"https:\/\/www.amanprana.eu\/fr\/inspiration\/soins-du-corps\/rasage-dans-histoire\/\",\"name\":\"Le rasage au fil de l'histoire - Amanprana\",\"isPartOf\":{\"@id\":\"https:\/\/www.amanprana.eu\/fr\/#website\"},\"primaryImageOfPage\":{\"@id\":\"https:\/\/www.amanprana.eu\/fr\/inspiration\/soins-du-corps\/rasage-dans-histoire\/#primaryimage\"},\"image\":{\"@id\":\"https:\/\/www.amanprana.eu\/fr\/inspiration\/soins-du-corps\/rasage-dans-histoire\/#primaryimage\"},\"thumbnailUrl\":\"https:\/\/www.amanprana.eu\/wp-content\/uploads\/barber-2507764_1280.jpg\",\"datePublished\":\"2022-05-11T14:28:33+00:00\",\"description\":\"L'histoire du rasage nous ram\u00e8ne \u00e0 l'\u00e2ge de pierre. Pour la foi, l'hygi\u00e8ne et la mode pour les hommes, les femmes et les enfants.\",\"breadcrumb\":{\"@id\":\"https:\/\/www.amanprana.eu\/fr\/inspiration\/soins-du-corps\/rasage-dans-histoire\/#breadcrumb\"},\"inLanguage\":\"fr-FR\",\"potentialAction\":[{\"@type\":\"ReadAction\",\"target\":[\"https:\/\/www.amanprana.eu\/fr\/inspiration\/soins-du-corps\/rasage-dans-histoire\/\"]}]},{\"@type\":\"ImageObject\",\"inLanguage\":\"fr-FR\",\"@id\":\"https:\/\/www.amanprana.eu\/fr\/inspiration\/soins-du-corps\/rasage-dans-histoire\/#primaryimage\",\"url\":\"https:\/\/www.amanprana.eu\/wp-content\/uploads\/barber-2507764_1280.jpg\",\"contentUrl\":\"https:\/\/www.amanprana.eu\/wp-content\/uploads\/barber-2507764_1280.jpg\",\"width\":1200,\"height\":675,\"caption\":\"Le rasage dans l'histoire\"},{\"@type\":\"BreadcrumbList\",\"@id\":\"https:\/\/www.amanprana.eu\/fr\/inspiration\/soins-du-corps\/rasage-dans-histoire\/#breadcrumb\",\"itemListElement\":[{\"@type\":\"ListItem\",\"position\":1,\"name\":\"Amanprana.eu\",\"item\":\"https:\/\/www.amanprana.eu\/fr\/\"},{\"@type\":\"ListItem\",\"position\":2,\"name\":\"Inspiration\",\"item\":\"https:\/\/www.amanprana.eu\/fr\/inspiration\/\"},{\"@type\":\"ListItem\",\"position\":3,\"name\":\"Soins du corps\",\"item\":\"https:\/\/www.amanprana.eu\/fr\/inspiration\/soins-du-corps\/\"},{\"@type\":\"ListItem\",\"position\":4,\"name\":\"Le rasage au fil de l&rsquo;histoire\"}]},{\"@type\":\"WebSite\",\"@id\":\"https:\/\/www.amanprana.eu\/fr\/#website\",\"url\":\"https:\/\/www.amanprana.eu\/fr\/\",\"name\":\"Amanprana\",\"description\":\"Serene levenskracht\",\"publisher\":{\"@id\":\"https:\/\/www.amanprana.eu\/fr\/#organization\"},\"potentialAction\":[{\"@type\":\"SearchAction\",\"target\":{\"@type\":\"EntryPoint\",\"urlTemplate\":\"https:\/\/www.amanprana.eu\/fr\/?s={search_term_string}\"},\"query-input\":{\"@type\":\"PropertyValueSpecification\",\"valueRequired\":true,\"valueName\":\"search_term_string\"}}],\"inLanguage\":\"fr-FR\"},{\"@type\":\"Organization\",\"@id\":\"https:\/\/www.amanprana.eu\/fr\/#organization\",\"name\":\"Amanprana\",\"url\":\"https:\/\/www.amanprana.eu\/fr\/\",\"logo\":{\"@type\":\"ImageObject\",\"inLanguage\":\"fr-FR\",\"@id\":\"https:\/\/www.amanprana.eu\/fr\/#\/schema\/logo\/image\/\",\"url\":\"https:\/\/www.amanprana.eu\/wp-content\/uploads\/webres-amanprana-logo.jpg\",\"contentUrl\":\"https:\/\/www.amanprana.eu\/wp-content\/uploads\/webres-amanprana-logo.jpg\",\"width\":300,\"height\":300,\"caption\":\"Amanprana\"},\"image\":{\"@id\":\"https:\/\/www.amanprana.eu\/fr\/#\/schema\/logo\/image\/\"},\"sameAs\":[\"https:\/\/www.facebook.com\/Amanpranaproducts\/\",\"https:\/\/www.instagram.com\/amanprana\/\",\"https:\/\/nl.pinterest.com\/amanprana\/pins\/\"]},{\"@type\":\"Person\",\"@id\":\"https:\/\/www.amanprana.eu\/fr\/#\/schema\/person\/25bfe000374cd97b7846ff45e20337d2\",\"name\":\"Joyce\",\"url\":\"https:\/\/www.amanprana.eu\/fr\/author\/joyce\/\"}]}<\/script>\n<!-- \/ Yoast SEO plugin. -->","yoast_head_json":{"title":"Le rasage au fil de l'histoire - Amanprana","description":"L'histoire du rasage nous ram\u00e8ne \u00e0 l'\u00e2ge de pierre. Pour la foi, l'hygi\u00e8ne et la mode pour les hommes, les femmes et les enfants.","robots":{"index":"index","follow":"follow","max-snippet":"max-snippet:-1","max-image-preview":"max-image-preview:large","max-video-preview":"max-video-preview:-1"},"canonical":"https:\/\/www.amanprana.eu\/fr\/inspiration\/soins-du-corps\/rasage-dans-histoire\/","og_locale":"fr_FR","og_type":"article","og_title":"Le rasage au fil de l'histoire - Amanprana","og_description":"L'histoire du rasage nous ram\u00e8ne \u00e0 l'\u00e2ge de pierre. Pour la foi, l'hygi\u00e8ne et la mode pour les hommes, les femmes et les enfants.","og_url":"https:\/\/www.amanprana.eu\/fr\/inspiration\/soins-du-corps\/rasage-dans-histoire\/","og_site_name":"Amanprana","article_publisher":"https:\/\/www.facebook.com\/Amanpranaproducts\/","article_published_time":"2022-05-11T14:28:33+00:00","og_image":[{"width":1200,"height":675,"url":"https:\/\/www.amanprana.eu\/wp-content\/uploads\/barber-2507764_1280.jpg","type":"image\/jpeg"}],"author":"Joyce","twitter_card":"summary_large_image","twitter_misc":{"\u00c9crit par":"Joyce","Dur\u00e9e de lecture estim\u00e9e":"4 minutes"},"schema":{"@context":"https:\/\/schema.org","@graph":[{"@type":"Article","@id":"https:\/\/www.amanprana.eu\/fr\/inspiration\/soins-du-corps\/rasage-dans-histoire\/#article","isPartOf":{"@id":"https:\/\/www.amanprana.eu\/fr\/inspiration\/soins-du-corps\/rasage-dans-histoire\/"},"author":{"name":"Joyce","@id":"https:\/\/www.amanprana.eu\/fr\/#\/schema\/person\/25bfe000374cd97b7846ff45e20337d2"},"headline":"Le rasage au fil de l&rsquo;histoire","datePublished":"2022-05-11T14:28:33+00:00","mainEntityOfPage":{"@id":"https:\/\/www.amanprana.eu\/fr\/inspiration\/soins-du-corps\/rasage-dans-histoire\/"},"wordCount":814,"publisher":{"@id":"https:\/\/www.amanprana.eu\/fr\/#organization"},"image":{"@id":"https:\/\/www.amanprana.eu\/fr\/inspiration\/soins-du-corps\/rasage-dans-histoire\/#primaryimage"},"thumbnailUrl":"https:\/\/www.amanprana.eu\/wp-content\/uploads\/barber-2507764_1280.jpg","keywords":["apr\u00e8s-rasage","razoli","huile \u00e0 barbe","huile de rasage"],"articleSection":["Inspiration","Soins du corps"],"inLanguage":"fr-FR"},{"@type":"WebPage","@id":"https:\/\/www.amanprana.eu\/fr\/inspiration\/soins-du-corps\/rasage-dans-histoire\/","url":"https:\/\/www.amanprana.eu\/fr\/inspiration\/soins-du-corps\/rasage-dans-histoire\/","name":"Le rasage au fil de l'histoire - Amanprana","isPartOf":{"@id":"https:\/\/www.amanprana.eu\/fr\/#website"},"primaryImageOfPage":{"@id":"https:\/\/www.amanprana.eu\/fr\/inspiration\/soins-du-corps\/rasage-dans-histoire\/#primaryimage"},"image":{"@id":"https:\/\/www.amanprana.eu\/fr\/inspiration\/soins-du-corps\/rasage-dans-histoire\/#primaryimage"},"thumbnailUrl":"https:\/\/www.amanprana.eu\/wp-content\/uploads\/barber-2507764_1280.jpg","datePublished":"2022-05-11T14:28:33+00:00","description":"L'histoire du rasage nous ram\u00e8ne \u00e0 l'\u00e2ge de pierre. Pour la foi, l'hygi\u00e8ne et la mode pour les hommes, les femmes et les enfants.","breadcrumb":{"@id":"https:\/\/www.amanprana.eu\/fr\/inspiration\/soins-du-corps\/rasage-dans-histoire\/#breadcrumb"},"inLanguage":"fr-FR","potentialAction":[{"@type":"ReadAction","target":["https:\/\/www.amanprana.eu\/fr\/inspiration\/soins-du-corps\/rasage-dans-histoire\/"]}]},{"@type":"ImageObject","inLanguage":"fr-FR","@id":"https:\/\/www.amanprana.eu\/fr\/inspiration\/soins-du-corps\/rasage-dans-histoire\/#primaryimage","url":"https:\/\/www.amanprana.eu\/wp-content\/uploads\/barber-2507764_1280.jpg","contentUrl":"https:\/\/www.amanprana.eu\/wp-content\/uploads\/barber-2507764_1280.jpg","width":1200,"height":675,"caption":"Le rasage dans l'histoire"},{"@type":"BreadcrumbList","@id":"https:\/\/www.amanprana.eu\/fr\/inspiration\/soins-du-corps\/rasage-dans-histoire\/#breadcrumb","itemListElement":[{"@type":"ListItem","position":1,"name":"Amanprana.eu","item":"https:\/\/www.amanprana.eu\/fr\/"},{"@type":"ListItem","position":2,"name":"Inspiration","item":"https:\/\/www.amanprana.eu\/fr\/inspiration\/"},{"@type":"ListItem","position":3,"name":"Soins du corps","item":"https:\/\/www.amanprana.eu\/fr\/inspiration\/soins-du-corps\/"},{"@type":"ListItem","position":4,"name":"Le rasage au fil de l&rsquo;histoire"}]},{"@type":"WebSite","@id":"https:\/\/www.amanprana.eu\/fr\/#website","url":"https:\/\/www.amanprana.eu\/fr\/","name":"Amanprana","description":"Serene levenskracht","publisher":{"@id":"https:\/\/www.amanprana.eu\/fr\/#organization"},"potentialAction":[{"@type":"SearchAction","target":{"@type":"EntryPoint","urlTemplate":"https:\/\/www.amanprana.eu\/fr\/?s={search_term_string}"},"query-input":{"@type":"PropertyValueSpecification","valueRequired":true,"valueName":"search_term_string"}}],"inLanguage":"fr-FR"},{"@type":"Organization","@id":"https:\/\/www.amanprana.eu\/fr\/#organization","name":"Amanprana","url":"https:\/\/www.amanprana.eu\/fr\/","logo":{"@type":"ImageObject","inLanguage":"fr-FR","@id":"https:\/\/www.amanprana.eu\/fr\/#\/schema\/logo\/image\/","url":"https:\/\/www.amanprana.eu\/wp-content\/uploads\/webres-amanprana-logo.jpg","contentUrl":"https:\/\/www.amanprana.eu\/wp-content\/uploads\/webres-amanprana-logo.jpg","width":300,"height":300,"caption":"Amanprana"},"image":{"@id":"https:\/\/www.amanprana.eu\/fr\/#\/schema\/logo\/image\/"},"sameAs":["https:\/\/www.facebook.com\/Amanpranaproducts\/","https:\/\/www.instagram.com\/amanprana\/","https:\/\/nl.pinterest.com\/amanprana\/pins\/"]},{"@type":"Person","@id":"https:\/\/www.amanprana.eu\/fr\/#\/schema\/person\/25bfe000374cd97b7846ff45e20337d2","name":"Joyce","url":"https:\/\/www.amanprana.eu\/fr\/author\/joyce\/"}]}},"multi-rating":{"mr_rating_results":[]},"_links":{"self":[{"href":"https:\/\/www.amanprana.eu\/fr\/wp-json\/wp\/v2\/posts\/75289","targetHints":{"allow":["GET"]}}],"collection":[{"href":"https:\/\/www.amanprana.eu\/fr\/wp-json\/wp\/v2\/posts"}],"about":[{"href":"https:\/\/www.amanprana.eu\/fr\/wp-json\/wp\/v2\/types\/post"}],"author":[{"embeddable":true,"href":"https:\/\/www.amanprana.eu\/fr\/wp-json\/wp\/v2\/users\/9"}],"replies":[{"embeddable":true,"href":"https:\/\/www.amanprana.eu\/fr\/wp-json\/wp\/v2\/comments?post=75289"}],"version-history":[{"count":0,"href":"https:\/\/www.amanprana.eu\/fr\/wp-json\/wp\/v2\/posts\/75289\/revisions"}],"wp:featuredmedia":[{"embeddable":true,"href":"https:\/\/www.amanprana.eu\/fr\/wp-json\/wp\/v2\/media\/75290"}],"wp:attachment":[{"href":"https:\/\/www.amanprana.eu\/fr\/wp-json\/wp\/v2\/media?parent=75289"}],"wp:term":[{"taxonomy":"category","embeddable":true,"href":"https:\/\/www.amanprana.eu\/fr\/wp-json\/wp\/v2\/categories?post=75289"},{"taxonomy":"post_tag","embeddable":true,"href":"https:\/\/www.amanprana.eu\/fr\/wp-json\/wp\/v2\/tags?post=75289"}],"curies":[{"name":"wp","href":"https:\/\/api.w.org\/{rel}","templated":true}]}}